{"id":3929,"date":"2026-09-04T21:03:45","date_gmt":"2026-09-04T19:03:45","guid":{"rendered":"https:\/\/www.st-georg-corps.de\/?p=3929"},"modified":"2026-09-04T21:03:45","modified_gmt":"2026-09-04T19:03:45","slug":"neuer-jungschuetze-brendan-bueltmann","status":"publish","type":"post","link":"https:\/\/www.st-georg-corps.de\/?p=3929","title":{"rendered":"Neuer Jungsch\u00fctze Brendan B\u00fcltmann"},"content":{"rendered":"<div id=\"attachment_3931\" style=\"width: 260px\" class=\"wp-caption alignleft\"><a href=\"https:\/\/i0.wp.com\/www.st-georg-corps.de\/wp-content\/uploads\/2026\/09\/2026-05-01_Bueltmann-Brendan_500.jpg\"><img data-recalc-dims=\"1\" loading=\"lazy\" decoding=\"async\" aria-describedby=\"caption-attachment-3931\" data-attachment-id=\"3931\" data-permalink=\"https:\/\/www.st-georg-corps.de\/?attachment_id=3931\" data-orig-file=\"https:\/\/i0.wp.com\/www.st-georg-corps.de\/wp-content\/uploads\/2026\/09\/2026-05-01_Bueltmann-Brendan_500.jpg?fit=500%2C500&amp;ssl=1\" data-orig-size=\"500,500\" data-comments-opened=\"0\" data-image-title=\"2026-05-01_B\u00fcltmann-Brendan_500\" data-image-description=\"\" data-image-caption=\"\" data-large-file=\"https:\/\/i0.wp.com\/www.st-georg-corps.de\/wp-content\/uploads\/2026\/09\/2026-05-01_Bueltmann-Brendan_500.jpg?fit=500%2C500&amp;ssl=1\" class=\"wp-image-3931 size-thumbnail\" src=\"https:\/\/i0.wp.com\/www.st-georg-corps.de\/wp-content\/uploads\/2026\/09\/2026-05-01_Bueltmann-Brendan_500.jpg?resize=250%2C250\" alt=\"\" width=\"250\" height=\"250\" srcset=\"https:\/\/i0.wp.com\/www.st-georg-corps.de\/wp-content\/uploads\/2026\/09\/2026-05-01_Bueltmann-Brendan_500.jpg?resize=250%2C250&amp;ssl=1 250w, https:\/\/i0.wp.com\/www.st-georg-corps.de\/wp-content\/uploads\/2026\/09\/2026-05-01_Bueltmann-Brendan_500.jpg?resize=90%2C90&amp;ssl=1 90w, https:\/\/i0.wp.com\/www.st-georg-corps.de\/wp-content\/uploads\/2026\/09\/2026-05-01_Bueltmann-Brendan_500.jpg?resize=75%2C75&amp;ssl=1 75w, https:\/\/i0.wp.com\/www.st-georg-corps.de\/wp-content\/uploads\/2026\/09\/2026-05-01_Bueltmann-Brendan_500.jpg?w=500&amp;ssl=1 500w\" sizes=\"auto, (max-width: 250px) 100vw, 250px\" \/><\/a><p id=\"caption-attachment-3931\" class=\"wp-caption-text\">Brendan B\u00fcltmann<\/p><\/div>\n<p class=\"isSelectedEnd\">Am 4. September 2026 wurde <strong>Brendan B\u00fcltmann<\/strong> durch Beschluss der Versammlung als neuer Jungsch\u00fctze in das St. Georg Corps aufgenommen. Nach drei Teilnahmen an unseren Versammlungen und seinem ersten Lintorfer Sch\u00fctzenfest war f\u00fcr ihn der n\u00e4chste Schritt gekommen.&nbsp;<\/p>\n<p class=\"isSelectedEnd\">Brendan ist 19 Jahre alt und kommt aus Kettwig. Nach seinem Schulabschluss an der Goetheschule in Essen-Bredeney beginnt er im Oktober sein Studium der Geschichte und Arch\u00e4ologie in Bonn. In seiner Freizeit spielt er Geige. Vor seinem Wehrdienst war er au\u00dferdem im Badmintonverein aktiv.<\/p>\n<p class=\"isSelectedEnd\">In den vergangenen drei Monaten hat Brendan bereits gezeigt, dass er hervorragend zu unserem Corps passt. Schon als Anw\u00e4rter hat er sich durch seinen Einsatz und seine Bereitschaft, \u00fcberall mit anzupacken, einen Namen gemacht. So \u00fcbernahm er beispielsweise beim Sch\u00fctzenfest das Tragen des Ordenskissens im Sch\u00fctzenzug am Sonntag \u2013 obwohl er zu diesem Zeitpunkt noch gar kein Jungsch\u00fctze war.<\/p>\n<p class=\"isSelectedEnd\">Dabei war er sich f\u00fcr keine Aufgabe zu schade und hat mit viel Engagement gezeigt, dass Gemeinschaft f\u00fcr ihn nicht nur ein Wort ist. Genau diesen Zusammenhalt und den gemeinsamen Spa\u00df am Vereinsleben sch\u00e4tzt Brendan selbst besonders.<\/p>\n<p class=\"isSelectedEnd\">Wir freuen uns, dass Brendan nun offiziell Teil des St. Georg Corps ist, und w\u00fcnschen ihm viel Freude, gute Kameradschaft und viele sch\u00f6ne gemeinsame Erlebnisse in unseren Reihen.<\/p>\n<p><strong>Herzlich willkommen, Brendan!<\/strong><\/p>\n","protected":false},"excerpt":{"rendered":"<p>Am 4. September 2026 wurde Brendan B\u00fcltmann durch Beschluss der Versammlung als neuer Jungsch\u00fctze in das St. Georg Corps aufgenommen. Nach drei Teilnahmen an unseren Versammlungen und seinem ersten Lintorfer Sch\u00fctzenfest war f\u00fcr ihn der n\u00e4chste Schritt gekommen.&nbsp; Brendan ist 19 Jahre alt und kommt aus Kettwig. Nach seinem Schulabschluss an der Goetheschule in Essen-Bredeney beginnt er im Oktober sein<\/p>\n","protected":false},"author":2,"featured_media":0,"comment_status":"closed","ping_status":"open","sticky":false,"template":"","format":"standard","meta":{"ngg_post_thumbnail":0,"_jetpack_newsletter_access":"","_jetpack_dont_email_post_to_subs":false,"_jetpack_newsletter_tier_id":0,"_jetpack_memberships_contains_paywalled_content":false,"_jetpack_feature_clip_id":0,"_jetpack_memberships_contains_paid_content":false,"footnotes":"","jetpack_post_was_ever_published":false},"categories":[6],"tags":[],"class_list":["post-3929","post","type-post","status-publish","format-standard","hentry","category-corps"],"jetpack_shortlink":"https:\/\/wp.me\/p8O44P-11n","jetpack-related-posts":[{"id":3207,"url":"https:\/\/www.st-georg-corps.de\/?p=3207","url_meta":{"origin":3929,"position":0},"title":"Philipp Kellersmann neuer Kronprinz der Bruderschaft Lintorf","author":"Ren\u00e9 Kupperian","date":"2023-08-24","format":false,"excerpt":"Philipp hatte die Ehre, das Schie\u00dfen um die Kronprinzenehre zu starten. Bereits nach seinem ersten Schuss war die obere H\u00e4lfte der Scheibe weg. Es folgten nur noch zwei weitere Sch\u00fcsse seiner Mitbewerber, die ihrerseits die untere H\u00e4lfte der Scheibe deutlich verkleinerten. Mit seinem zweiten Schuss konnte Philipp den Wettkampf f\u00fcr\u2026","rel":"","context":"In &quot;Bruderschaft&quot;","block_context":{"text":"Bruderschaft","link":"https:\/\/www.st-georg-corps.de\/?cat=8"},"img":{"alt_text":"","src":"https:\/\/i0.wp.com\/www.st-georg-corps.de\/wp-content\/uploads\/2023\/08\/2023-08-21-241-250x250.jpg?resize=350%2C200","width":350,"height":200},"classes":[]},{"id":3268,"url":"https:\/\/www.st-georg-corps.de\/?p=3268","url_meta":{"origin":3929,"position":1},"title":"Lucas Kellersmann jetzt Vollmitglied","author":"Ren\u00e9 Kupperian","date":"2023-11-04","format":false,"excerpt":"Auf der Monatsversammlung am 03.11.2023 wurde Lucas Kellersmann einstimmig in das St. Georg Corps als Vollmitglied aufgenommen. Die Abstimmung erfolgte wie immer bei den Jungsch\u00fctzen per Handzeichen. Lucas war seit Dezember 2016 Jungsch\u00fctze des Corps und hat in dieser Zeit bereits einiges erlebt. Gleich von Anfang an, wurde Lucas einer\u2026","rel":"","context":"In &quot;Corps&quot;","block_context":{"text":"Corps","link":"https:\/\/www.st-georg-corps.de\/?cat=6"},"img":{"alt_text":"","src":"https:\/\/i0.wp.com\/www.st-georg-corps.de\/wp-content\/uploads\/2023\/11\/Kellersmann-Lucas_500px-250x250.jpg?resize=350%2C200","width":350,"height":200},"classes":[]},{"id":2290,"url":"https:\/\/www.st-georg-corps.de\/?p=2290","url_meta":{"origin":3929,"position":2},"title":"K\u00f6nigsfest am 29.06.2019","author":"Ren\u00e9 Kupperian","date":"2019-06-30","format":false,"excerpt":"Ladies first, so startete um 15:00 Uhr das diesj\u00e4hrige K\u00f6nigsfest des St. Georg Corps. Als erster Punkt auf der Tagesordnung sollte die neue Salatk\u00f6nigin ermittelt werden. Wie die M\u00e4nner schie\u00dfen die Frauen dazu auf einen kompletten Vogel, den Salatvogel. Die Pf\u00e4nder holten sich in diesem Jahr die folgenden Damen:\u00a0Kopf: Heike\u2026","rel":"","context":"In &quot;Corps&quot;","block_context":{"text":"Corps","link":"https:\/\/www.st-georg-corps.de\/?cat=6"},"img":{"alt_text":"","src":"https:\/\/i0.wp.com\/www.st-georg-corps.de\/wp-content\/uploads\/2019\/06\/2019-06-29_Salatkoenigin_Kerstin-250x250.jpg?resize=350%2C200","width":350,"height":200},"classes":[]},{"id":3823,"url":"https:\/\/www.st-georg-corps.de\/?p=3823","url_meta":{"origin":3929,"position":3},"title":"Vollmitglied Philipp Kellersmann","author":"Ren\u00e9 Kupperian","date":"2026-05-09","format":false,"excerpt":"Das St. Georg Corps freut sich \u00fcber die einstimmige Aufnahme von Philipp Kellersmann als Vollmitglied. Die Entscheidung fiel in der Monatsversammlung am 08. Mai 2026 per Akklamation und unterstreicht die gro\u00dfe Wertsch\u00e4tzung, die Philipp innerhalb des Corps genie\u00dft. Seine Verbundenheit mit dem Sch\u00fctzenwesen begann bereits fr\u00fch: Im M\u00e4rz 2019 wurde\u2026","rel":"","context":"In &quot;Corps&quot;","block_context":{"text":"Corps","link":"https:\/\/www.st-georg-corps.de\/?cat=6"},"img":{"alt_text":"","src":"https:\/\/i0.wp.com\/www.st-georg-corps.de\/wp-content\/uploads\/2026\/05\/2024_Kellersmann-Phillip_500px-250x250.jpg?resize=350%2C200","width":350,"height":200},"classes":[]},{"id":2776,"url":"https:\/\/www.st-georg-corps.de\/?p=2776","url_meta":{"origin":3929,"position":4},"title":"Neuer Jungsch\u00fctze Leon Groten","author":"Ren\u00e9 Kupperian","date":"2021-08-18","format":false,"excerpt":"Leon Groten wurde am Samstag, den 14.08.2021 offiziell als Jungsch\u00fctze in das St. Georg Corps aufgenommen. In der Monatsversammlung am 06.08.2021 wurde zuvor bereits dar\u00fcber abgestimmt. Leon ist der Sohn unseres zweiten Vorsitzenden Frank Groten und der Bruder von Maurice Groten, der seit wenigen Tagen erster Kassierer des Corps ist.\u2026","rel":"","context":"In &quot;Corps&quot;","block_context":{"text":"Corps","link":"https:\/\/www.st-georg-corps.de\/?cat=6"},"img":{"alt_text":"Groten, Leon","src":"https:\/\/i0.wp.com\/www.st-georg-corps.de\/wp-content\/uploads\/2021\/08\/Groten-Leon_500x500-250x250.jpg?resize=350%2C200","width":350,"height":200},"classes":[]},{"id":3750,"url":"https:\/\/www.st-georg-corps.de\/?p=3750","url_meta":{"origin":3929,"position":5},"title":"Jahreshauptversammlung am 09.01.2026","author":"Ren\u00e9 Kupperian","date":"2026-01-11","format":false,"excerpt":"Nach der Monatsversammlung am 09.01.2026 fand die Jahreshauptversammlung (JHV) des St. Georg Corps statt. Zur Einstimmung auf den Abend hatte Klaus Hobohm wie gewohnt Gr\u00fcnkohl mit Mettwurst zubereitet. In diesem Jahr wurde wieder Ewald Butenberg zum Alterspr\u00e4sidenten bestimmt. Er stellte den Antrag auf Entlastung des Vorstands und \u00fcbernahm anschlie\u00dfend die\u2026","rel":"","context":"In &quot;Corps&quot;","block_context":{"text":"Corps","link":"https:\/\/www.st-georg-corps.de\/?cat=6"},"img":{"alt_text":"St. Georg Corps Lintorf 1963 e.V.","src":"https:\/\/i0.wp.com\/www.st-georg-corps.de\/wp-content\/uploads\/2024\/01\/Logo-SGC-002_2000px-600x600.png?resize=350%2C200","width":350,"height":200},"classes":[]}],"jetpack_likes_enabled":false,"jetpack_sharing_enabled":true,"jetpack_featured_media_url":"","_links":{"self":[{"href":"https:\/\/www.st-georg-corps.de\/index.php?rest_route=\/wp\/v2\/posts\/3929","targetHints":{"allow":["GET"]}}],"collection":[{"href":"https:\/\/www.st-georg-corps.de\/index.php?rest_route=\/wp\/v2\/posts"}],"about":[{"href":"https:\/\/www.st-georg-corps.de\/index.php?rest_route=\/wp\/v2\/types\/post"}],"author":[{"embeddable":true,"href":"https:\/\/www.st-georg-corps.de\/index.php?rest_route=\/wp\/v2\/users\/2"}],"replies":[{"embeddable":true,"href":"https:\/\/www.st-georg-corps.de\/index.php?rest_route=%2Fwp%2Fv2%2Fcomments&post=3929"}],"version-history":[{"count":3,"href":"https:\/\/www.st-georg-corps.de\/index.php?rest_route=\/wp\/v2\/posts\/3929\/revisions"}],"predecessor-version":[{"id":3933,"href":"https:\/\/www.st-georg-corps.de\/index.php?rest_route=\/wp\/v2\/posts\/3929\/revisions\/3933"}],"wp:attachment":[{"href":"https:\/\/www.st-georg-corps.de\/index.php?rest_route=%2Fwp%2Fv2%2Fmedia&parent=3929"}],"wp:term":[{"taxonomy":"category","embeddable":true,"href":"https:\/\/www.st-georg-corps.de\/index.php?rest_route=%2Fwp%2Fv2%2Fcategories&post=3929"},{"taxonomy":"post_tag","embeddable":true,"href":"https:\/\/www.st-georg-corps.de\/index.php?rest_route=%2Fwp%2Fv2%2Ftags&post=3929"}],"curies":[{"name":"wp","href":"https:\/\/api.w.org\/{rel}","templated":true}]}}