{"id":3803,"date":"2026-05-02T13:12:45","date_gmt":"2026-05-02T11:12:45","guid":{"rendered":"https:\/\/www.st-georg-corps.de\/?p=3803"},"modified":"2026-05-02T13:12:45","modified_gmt":"2026-05-02T11:12:45","slug":"maifest-am-01-05-2026","status":"publish","type":"post","link":"https:\/\/www.st-georg-corps.de\/?p=3803","title":{"rendered":"Maifest am 01.05.2026"},"content":{"rendered":"<p class=\"isSelectedEnd\"><img data-recalc-dims=\"1\" loading=\"lazy\" decoding=\"async\" data-attachment-id=\"3805\" data-permalink=\"https:\/\/www.st-georg-corps.de\/?attachment_id=3805\" data-orig-file=\"https:\/\/i0.wp.com\/www.st-georg-corps.de\/wp-content\/uploads\/2026\/05\/2026-05-01_Maibaum_klein.jpg?fit=1500%2C1500&amp;ssl=1\" data-orig-size=\"1500,1500\" data-comments-opened=\"0\" data-image-meta=\"{&quot;aperture&quot;:&quot;0&quot;,&quot;credit&quot;:&quot;&quot;,&quot;camera&quot;:&quot;&quot;,&quot;caption&quot;:&quot;&quot;,&quot;created_timestamp&quot;:&quot;0&quot;,&quot;copyright&quot;:&quot;&quot;,&quot;focal_length&quot;:&quot;0&quot;,&quot;iso&quot;:&quot;0&quot;,&quot;shutter_speed&quot;:&quot;0&quot;,&quot;title&quot;:&quot;&quot;,&quot;orientation&quot;:&quot;0&quot;}\" data-image-title=\"2026-05-01_Maibaum_klein\" data-image-description=\"\" data-image-caption=\"\" data-medium-file=\"https:\/\/i0.wp.com\/www.st-georg-corps.de\/wp-content\/uploads\/2026\/05\/2026-05-01_Maibaum_klein.jpg?fit=600%2C600&amp;ssl=1\" data-large-file=\"https:\/\/i0.wp.com\/www.st-georg-corps.de\/wp-content\/uploads\/2026\/05\/2026-05-01_Maibaum_klein.jpg?fit=860%2C860&amp;ssl=1\" class=\"wp-image-3805 alignright\" src=\"https:\/\/i0.wp.com\/www.st-georg-corps.de\/wp-content\/uploads\/2026\/05\/2026-05-01_Maibaum_klein.jpg?resize=120%2C120\" alt=\"\" width=\"120\" height=\"120\" srcset=\"https:\/\/i0.wp.com\/www.st-georg-corps.de\/wp-content\/uploads\/2026\/05\/2026-05-01_Maibaum_klein.jpg?resize=250%2C250&amp;ssl=1 250w, https:\/\/i0.wp.com\/www.st-georg-corps.de\/wp-content\/uploads\/2026\/05\/2026-05-01_Maibaum_klein.jpg?resize=600%2C600&amp;ssl=1 600w, https:\/\/i0.wp.com\/www.st-georg-corps.de\/wp-content\/uploads\/2026\/05\/2026-05-01_Maibaum_klein.jpg?resize=1024%2C1024&amp;ssl=1 1024w, https:\/\/i0.wp.com\/www.st-georg-corps.de\/wp-content\/uploads\/2026\/05\/2026-05-01_Maibaum_klein.jpg?resize=768%2C768&amp;ssl=1 768w, https:\/\/i0.wp.com\/www.st-georg-corps.de\/wp-content\/uploads\/2026\/05\/2026-05-01_Maibaum_klein.jpg?resize=90%2C90&amp;ssl=1 90w, https:\/\/i0.wp.com\/www.st-georg-corps.de\/wp-content\/uploads\/2026\/05\/2026-05-01_Maibaum_klein.jpg?resize=75%2C75&amp;ssl=1 75w, https:\/\/i0.wp.com\/www.st-georg-corps.de\/wp-content\/uploads\/2026\/05\/2026-05-01_Maibaum_klein.jpg?w=1500&amp;ssl=1 1500w\" sizes=\"auto, (max-width: 120px) 100vw, 120px\" \/>Bei bestem Fr\u00fchlingswetter und nur leichtem Wind feierte das St. Georg Corps auch in diesem Jahr wieder sein traditionelles Maifest. Zahlreiche Mitglieder und G\u00e4ste verbrachten gemeinsam einen abwechslungsreichen und geselligen Tag.<\/p>\n<p class=\"isSelectedEnd\">Bereits ab 11 Uhr startete eine rund zweist\u00fcndige Fahrradtour, organisiert von Sabine Kleinrahm, mit etwa 30 Teilnehmerinnen und Teilnehmern. Die Strecke war f\u00fcr Gro\u00df und Klein geeignet und beinhaltete unterwegs wie immer einen Erfrischungsstopp, der bei den warmen Temperaturen gerne angenommen wurde.<\/p>\n<div id=\"attachment_3806\" style=\"width: 460px\" class=\"wp-caption aligncenter\"><a href=\"https:\/\/i0.wp.com\/www.st-georg-corps.de\/wp-content\/uploads\/2026\/05\/2026-05-01_Maifest_Radlergruppe-klein.jpg\"><img data-recalc-dims=\"1\" loading=\"lazy\" decoding=\"async\" aria-describedby=\"caption-attachment-3806\" data-attachment-id=\"3806\" data-permalink=\"https:\/\/www.st-georg-corps.de\/?attachment_id=3806\" data-orig-file=\"https:\/\/i0.wp.com\/www.st-georg-corps.de\/wp-content\/uploads\/2026\/05\/2026-05-01_Maifest_Radlergruppe-klein.jpg?fit=2000%2C1500&amp;ssl=1\" data-orig-size=\"2000,1500\" data-comments-opened=\"0\" data-image-meta=\"{&quot;aperture&quot;:&quot;0&quot;,&quot;credit&quot;:&quot;&quot;,&quot;camera&quot;:&quot;&quot;,&quot;caption&quot;:&quot;&quot;,&quot;created_timestamp&quot;:&quot;0&quot;,&quot;copyright&quot;:&quot;&quot;,&quot;focal_length&quot;:&quot;0&quot;,&quot;iso&quot;:&quot;0&quot;,&quot;shutter_speed&quot;:&quot;0&quot;,&quot;title&quot;:&quot;&quot;,&quot;orientation&quot;:&quot;0&quot;}\" data-image-title=\"2026-05-01_Maifest_Radlergruppe-klein\" data-image-description=\"\" data-image-caption=\"\" data-medium-file=\"https:\/\/i0.wp.com\/www.st-georg-corps.de\/wp-content\/uploads\/2026\/05\/2026-05-01_Maifest_Radlergruppe-klein.jpg?fit=600%2C450&amp;ssl=1\" data-large-file=\"https:\/\/i0.wp.com\/www.st-georg-corps.de\/wp-content\/uploads\/2026\/05\/2026-05-01_Maifest_Radlergruppe-klein.jpg?fit=860%2C645&amp;ssl=1\" class=\"wp-image-3806\" src=\"https:\/\/i0.wp.com\/www.st-georg-corps.de\/wp-content\/uploads\/2026\/05\/2026-05-01_Maifest_Radlergruppe-klein.jpg?resize=450%2C338\" alt=\"\" width=\"450\" height=\"338\" srcset=\"https:\/\/i0.wp.com\/www.st-georg-corps.de\/wp-content\/uploads\/2026\/05\/2026-05-01_Maifest_Radlergruppe-klein.jpg?resize=600%2C450&amp;ssl=1 600w, https:\/\/i0.wp.com\/www.st-georg-corps.de\/wp-content\/uploads\/2026\/05\/2026-05-01_Maifest_Radlergruppe-klein.jpg?resize=1024%2C768&amp;ssl=1 1024w, https:\/\/i0.wp.com\/www.st-georg-corps.de\/wp-content\/uploads\/2026\/05\/2026-05-01_Maifest_Radlergruppe-klein.jpg?resize=768%2C576&amp;ssl=1 768w, https:\/\/i0.wp.com\/www.st-georg-corps.de\/wp-content\/uploads\/2026\/05\/2026-05-01_Maifest_Radlergruppe-klein.jpg?resize=1536%2C1152&amp;ssl=1 1536w, https:\/\/i0.wp.com\/www.st-georg-corps.de\/wp-content\/uploads\/2026\/05\/2026-05-01_Maifest_Radlergruppe-klein.jpg?w=2000&amp;ssl=1 2000w, https:\/\/i0.wp.com\/www.st-georg-corps.de\/wp-content\/uploads\/2026\/05\/2026-05-01_Maifest_Radlergruppe-klein.jpg?w=1720 1720w\" sizes=\"auto, (max-width: 450px) 100vw, 450px\" \/><\/a><p id=\"caption-attachment-3806\" class=\"wp-caption-text\">Radlergruppe 2026<\/p><\/div>\n<p class=\"isSelectedEnd\">Nach der R\u00fcckkehr wartete die n\u00e4chste St\u00e4rkung: Frisch Gegrilltes, das in diesem Jahr von Lars Schwab und Marcus Leichtl zubereitet wurde. Ein besonderer Dank gilt au\u00dferdem den Frauen des Corps, die erneut zahlreiche leckere Salate selbst gemacht und damit f\u00fcr ein vielf\u00e4ltiges Buffet gesorgt haben.<\/p>\n<p class=\"isSelectedEnd\">Ein H\u00f6hepunkt des Tages waren die Spiele zur Ermittlung der neuen Maik\u00f6nigin. Mehr als 20 Frauen nahmen daran teil und mussten ihr Geschick in verschiedenen Disziplinen wie Fadenwerfen, Bierpong und Dosenwerfen unter Beweis stellen.<\/p>\n<div id=\"attachment_3808\" style=\"width: 460px\" class=\"wp-caption aligncenter\"><img data-recalc-dims=\"1\" loading=\"lazy\" decoding=\"async\" aria-describedby=\"caption-attachment-3808\" data-attachment-id=\"3808\" data-permalink=\"https:\/\/www.st-georg-corps.de\/?attachment_id=3808\" data-orig-file=\"https:\/\/i0.wp.com\/www.st-georg-corps.de\/wp-content\/uploads\/2026\/05\/2026-05-01_Maispiele_Frauen_klein.jpg?fit=2000%2C1500&amp;ssl=1\" data-orig-size=\"2000,1500\" data-comments-opened=\"0\" data-image-meta=\"{&quot;aperture&quot;:&quot;0&quot;,&quot;credit&quot;:&quot;&quot;,&quot;camera&quot;:&quot;&quot;,&quot;caption&quot;:&quot;&quot;,&quot;created_timestamp&quot;:&quot;0&quot;,&quot;copyright&quot;:&quot;&quot;,&quot;focal_length&quot;:&quot;0&quot;,&quot;iso&quot;:&quot;0&quot;,&quot;shutter_speed&quot;:&quot;0&quot;,&quot;title&quot;:&quot;&quot;,&quot;orientation&quot;:&quot;0&quot;}\" data-image-title=\"2026-05-01_Maispiele_Frauen_klein\" data-image-description=\"\" data-image-caption=\"\" data-medium-file=\"https:\/\/i0.wp.com\/www.st-georg-corps.de\/wp-content\/uploads\/2026\/05\/2026-05-01_Maispiele_Frauen_klein.jpg?fit=600%2C450&amp;ssl=1\" data-large-file=\"https:\/\/i0.wp.com\/www.st-georg-corps.de\/wp-content\/uploads\/2026\/05\/2026-05-01_Maispiele_Frauen_klein.jpg?fit=860%2C645&amp;ssl=1\" class=\"wp-image-3808\" src=\"https:\/\/i0.wp.com\/www.st-georg-corps.de\/wp-content\/uploads\/2026\/05\/2026-05-01_Maispiele_Frauen_klein.jpg?resize=450%2C338\" alt=\"\" width=\"450\" height=\"338\" srcset=\"https:\/\/i0.wp.com\/www.st-georg-corps.de\/wp-content\/uploads\/2026\/05\/2026-05-01_Maispiele_Frauen_klein.jpg?resize=600%2C450&amp;ssl=1 600w, https:\/\/i0.wp.com\/www.st-georg-corps.de\/wp-content\/uploads\/2026\/05\/2026-05-01_Maispiele_Frauen_klein.jpg?resize=1024%2C768&amp;ssl=1 1024w, https:\/\/i0.wp.com\/www.st-georg-corps.de\/wp-content\/uploads\/2026\/05\/2026-05-01_Maispiele_Frauen_klein.jpg?resize=768%2C576&amp;ssl=1 768w, https:\/\/i0.wp.com\/www.st-georg-corps.de\/wp-content\/uploads\/2026\/05\/2026-05-01_Maispiele_Frauen_klein.jpg?resize=1536%2C1152&amp;ssl=1 1536w, https:\/\/i0.wp.com\/www.st-georg-corps.de\/wp-content\/uploads\/2026\/05\/2026-05-01_Maispiele_Frauen_klein.jpg?w=2000&amp;ssl=1 2000w, https:\/\/i0.wp.com\/www.st-georg-corps.de\/wp-content\/uploads\/2026\/05\/2026-05-01_Maispiele_Frauen_klein.jpg?w=1720 1720w\" sizes=\"auto, (max-width: 450px) 100vw, 450px\" \/><p id=\"caption-attachment-3808\" class=\"wp-caption-text\">Teilnehmerinnen bei den Maispielen<\/p><\/div>\n<p>Zur neuen Maik\u00f6nigin wurde schlie\u00dflich Stefanie Kellersmann gek\u00fcrt. F\u00fcr Stefanie ist es bereits die zweite K\u00f6niginnenw\u00fcrde in diesem Jahr, da sie auch im St. Anna Corps die amtierende K\u00f6nigin ist.<\/p>\n<div id=\"attachment_3804\" style=\"width: 460px\" class=\"wp-caption aligncenter\"><a href=\"https:\/\/i0.wp.com\/www.st-georg-corps.de\/wp-content\/uploads\/2026\/05\/2026-05-01_Maikoenigin_Stefanie_Kellersmann_klein.jpg\" data-wp-editing=\"1\"><img data-recalc-dims=\"1\" loading=\"lazy\" decoding=\"async\" aria-describedby=\"caption-attachment-3804\" data-attachment-id=\"3804\" data-permalink=\"https:\/\/www.st-georg-corps.de\/?attachment_id=3804\" data-orig-file=\"https:\/\/i0.wp.com\/www.st-georg-corps.de\/wp-content\/uploads\/2026\/05\/2026-05-01_Maikoenigin_Stefanie_Kellersmann_klein.jpg?fit=1500%2C1500&amp;ssl=1\" data-orig-size=\"1500,1500\" data-comments-opened=\"0\" data-image-meta=\"{&quot;aperture&quot;:&quot;0&quot;,&quot;credit&quot;:&quot;&quot;,&quot;camera&quot;:&quot;&quot;,&quot;caption&quot;:&quot;&quot;,&quot;created_timestamp&quot;:&quot;0&quot;,&quot;copyright&quot;:&quot;&quot;,&quot;focal_length&quot;:&quot;0&quot;,&quot;iso&quot;:&quot;0&quot;,&quot;shutter_speed&quot;:&quot;0&quot;,&quot;title&quot;:&quot;&quot;,&quot;orientation&quot;:&quot;0&quot;}\" data-image-title=\"2026-05-01_Maik\u00f6nigin_Stefanie_Kellersmann_klein\" data-image-description=\"\" data-image-caption=\"\" data-medium-file=\"https:\/\/i0.wp.com\/www.st-georg-corps.de\/wp-content\/uploads\/2026\/05\/2026-05-01_Maikoenigin_Stefanie_Kellersmann_klein.jpg?fit=600%2C600&amp;ssl=1\" data-large-file=\"https:\/\/i0.wp.com\/www.st-georg-corps.de\/wp-content\/uploads\/2026\/05\/2026-05-01_Maikoenigin_Stefanie_Kellersmann_klein.jpg?fit=860%2C860&amp;ssl=1\" class=\"wp-image-3804\" src=\"https:\/\/i0.wp.com\/www.st-georg-corps.de\/wp-content\/uploads\/2026\/05\/2026-05-01_Maikoenigin_Stefanie_Kellersmann_klein.jpg?resize=450%2C450\" alt=\"\" width=\"450\" height=\"450\" srcset=\"https:\/\/i0.wp.com\/www.st-georg-corps.de\/wp-content\/uploads\/2026\/05\/2026-05-01_Maikoenigin_Stefanie_Kellersmann_klein.jpg?resize=600%2C600&amp;ssl=1 600w, https:\/\/i0.wp.com\/www.st-georg-corps.de\/wp-content\/uploads\/2026\/05\/2026-05-01_Maikoenigin_Stefanie_Kellersmann_klein.jpg?resize=1024%2C1024&amp;ssl=1 1024w, https:\/\/i0.wp.com\/www.st-georg-corps.de\/wp-content\/uploads\/2026\/05\/2026-05-01_Maikoenigin_Stefanie_Kellersmann_klein.jpg?resize=250%2C250&amp;ssl=1 250w, https:\/\/i0.wp.com\/www.st-georg-corps.de\/wp-content\/uploads\/2026\/05\/2026-05-01_Maikoenigin_Stefanie_Kellersmann_klein.jpg?resize=768%2C768&amp;ssl=1 768w, https:\/\/i0.wp.com\/www.st-georg-corps.de\/wp-content\/uploads\/2026\/05\/2026-05-01_Maikoenigin_Stefanie_Kellersmann_klein.jpg?resize=90%2C90&amp;ssl=1 90w, https:\/\/i0.wp.com\/www.st-georg-corps.de\/wp-content\/uploads\/2026\/05\/2026-05-01_Maikoenigin_Stefanie_Kellersmann_klein.jpg?resize=75%2C75&amp;ssl=1 75w, https:\/\/i0.wp.com\/www.st-georg-corps.de\/wp-content\/uploads\/2026\/05\/2026-05-01_Maikoenigin_Stefanie_Kellersmann_klein.jpg?w=1500&amp;ssl=1 1500w\" sizes=\"auto, (max-width: 450px) 100vw, 450px\" \/><\/a><p id=\"caption-attachment-3804\" class=\"wp-caption-text\">Stefanie Kellersmann &#8211; Maik\u00f6nigin des St. Georg Corps 2026<\/p><\/div>\n<p>Der Ablauf des Maifestes war in diesem Jahr etwas anders als gewohnt. Der Maibaum wurde erstmals erst nach den Spielen aufgestellt. Dadurch durfte die neue Maik\u00f6nigin direkt auf dem Maibaum \u201ereiten\u201c \u2013 ein besonderer Moment f\u00fcr die frisch gek\u00fcrte W\u00fcrdentr\u00e4gerin.<\/p>\n<p class=\"isSelectedEnd\">Dank des anhaltend guten Wetters feierten Mitglieder und G\u00e4ste bis in die sp\u00e4ten Abendstunden hinein. Zwischendurch sorgten spontane Tanzeinlagen auf der Wiese sowie eine fr\u00f6hliche Polonaise zu \u201e180 Grad\u201c f\u00fcr ausgelassene Stimmung und viele lachende Gesichter.<\/p>\n<p>Insgesamt war das Maifest 2026 erneut ein voller Erfolg und ein sch\u00f6ner Beweis f\u00fcr den starken Zusammenhalt und die gelebte Tradition im St. Georg Corps.<\/p>\n<p><a href=\"https:\/\/photos.app.goo.gl\/EJWxhjxHjYAN9eAaA\" target=\"_blank\" rel=\"noopener\">Weitere Fotos sind hier zu finden &#8230;<\/a><\/p>\n","protected":false},"excerpt":{"rendered":"<p>Bei bestem Fr\u00fchlingswetter und nur leichtem Wind feierte das St. Georg Corps auch in diesem Jahr wieder sein traditionelles Maifest. Zahlreiche Mitglieder und G\u00e4ste verbrachten gemeinsam einen abwechslungsreichen und geselligen Tag. Bereits ab 11 Uhr startete eine rund zweist\u00fcndige Fahrradtour, organisiert von Sabine Kleinrahm, mit etwa 30 Teilnehmerinnen und Teilnehmern. Die Strecke war f\u00fcr Gro\u00df und Klein geeignet und beinhaltete<\/p>\n","protected":false},"author":2,"featured_media":0,"comment_status":"closed","ping_status":"open","sticky":false,"template":"","format":"standard","meta":{"ngg_post_thumbnail":0,"_jetpack_memberships_contains_paid_content":false,"footnotes":""},"categories":[6,5],"tags":[],"class_list":["post-3803","post","type-post","status-publish","format-standard","hentry","category-corps","category-events"],"jetpack_featured_media_url":"","jetpack_shortlink":"https:\/\/wp.me\/p8O44P-Zl","jetpack-related-posts":[{"id":3603,"url":"https:\/\/www.st-georg-corps.de\/?p=3603","url_meta":{"origin":3803,"position":0},"title":"Maifest und Radtour 2025","author":"Ren\u00e9 Kupperian","date":"2025-05-03","format":false,"excerpt":"Das Maifest 2025 \u2013 Ein rundum gelungenes Fest Bei herrlichem Fr\u00fchlingswetter versammelte sich die St. Georg Corps Familie auch in diesem Jahr am 1. Mai im Vereinsheim, um gemeinsam einen stimmungsvollen und geselligen Tag zu erleben. F\u00fcr den Auftakt f\u00fchrte Kalla J\u00f6rgens erneut eine abwechslungsreiche, rund zweist\u00fcndige Fahrradtour rund um\u2026","rel":"","context":"In &quot;Corps&quot;","block_context":{"text":"Corps","link":"https:\/\/www.st-georg-corps.de\/?cat=6"},"img":{"alt_text":"","src":"https:\/\/i0.wp.com\/www.st-georg-corps.de\/wp-content\/uploads\/2025\/04\/Maifest_2025_by_ChatGPT-400x600.jpg?resize=350%2C200","width":350,"height":200},"classes":[]},{"id":1787,"url":"https:\/\/www.st-georg-corps.de\/?p=1787","url_meta":{"origin":3803,"position":1},"title":"Maifest 2018","author":"Ren\u00e9 Kupperian","date":"2018-05-02","format":false,"excerpt":"Am 01. Mai fand das mittlerweile schon traditionelle Maifest des Corps statt. Sch\u00f6n, dass in diesem Jahr auch das Wetter mitgespielt hat und die Radtour mit unseren G\u00e4sten wie geplant stattfinden konnte. Nach etwa 45 Minuten Fahrzeit, gab es einen kleinen Zwischenstopp mit Getr\u00e4nken, bevor es wieder zur\u00fcck zum Clubhaus\u2026","rel":"","context":"In &quot;Corps&quot;","block_context":{"text":"Corps","link":"https:\/\/www.st-georg-corps.de\/?cat=6"},"img":{"alt_text":"","src":"https:\/\/i0.wp.com\/www.st-georg-corps.de\/wp-content\/uploads\/2018\/05\/2018-05-01-Maifest-096-600x400.jpg?resize=350%2C200","width":350,"height":200,"srcset":"https:\/\/i0.wp.com\/www.st-georg-corps.de\/wp-content\/uploads\/2018\/05\/2018-05-01-Maifest-096-600x400.jpg?resize=350%2C200 1x, https:\/\/i0.wp.com\/www.st-georg-corps.de\/wp-content\/uploads\/2018\/05\/2018-05-01-Maifest-096-600x400.jpg?resize=525%2C300 1.5x"},"classes":[]},{"id":3112,"url":"https:\/\/www.st-georg-corps.de\/?p=3112","url_meta":{"origin":3803,"position":2},"title":"Maifest am 01.05.2023","author":"Ren\u00e9 Kupperian","date":"2023-05-02","format":false,"excerpt":"Am 01.Mai hatte das St. Georg Corps wieder zur traditionellen Radtour mit anschlie\u00dfendem Programm geladen. P\u00fcnktlich um 11:00 Uhr starteten etwa 30 Radler auf einen fast 15km langen Rundkurs. Nach gut 2\/3 der Strecke wartete am Angermunder Sportplatz bereits Leon Groten auf die Gruppe mit k\u00fchlen Erfrischungen. Wie immer war\u2026","rel":"","context":"In &quot;Corps&quot;","block_context":{"text":"Corps","link":"https:\/\/www.st-georg-corps.de\/?cat=6"},"img":{"alt_text":"","src":"https:\/\/i0.wp.com\/www.st-georg-corps.de\/wp-content\/uploads\/2023\/05\/2023-05-01_Radtour-250x250.png?resize=350%2C200","width":350,"height":200},"classes":[]},{"id":3369,"url":"https:\/\/www.st-georg-corps.de\/?p=3369","url_meta":{"origin":3803,"position":3},"title":"Maifest am 01.05.2024","author":"Ren\u00e9 Kupperian","date":"2024-05-04","format":false,"excerpt":"An einem wundersch\u00f6nen Vormittag traf sich die St. Georg Corps Familie anl\u00e4sslich der 1. Maifeier im Vereinsheim, um viele gesellige Stunden miteinander zu verbringen. Der erste Programmpunkt war eine von Kalla J\u00f6rgens ausgearbeitete zweist\u00fcndige Fahrradtour zur Sechs-Seen-Platte mit zahlreichen G\u00e4sten u.a. mit dem Oberb\u00fcrgermeister der Stadt Ratingen Klaus Pesch. Damit\u2026","rel":"","context":"In &quot;Corps&quot;","block_context":{"text":"Corps","link":"https:\/\/www.st-georg-corps.de\/?cat=6"},"img":{"alt_text":"","src":"https:\/\/i0.wp.com\/www.st-georg-corps.de\/wp-content\/uploads\/2024\/05\/IMG_20240503_175321-277x600.jpg?resize=350%2C200","width":350,"height":200},"classes":[]},{"id":2877,"url":"https:\/\/www.st-georg-corps.de\/?p=2877","url_meta":{"origin":3803,"position":4},"title":"Maifest 2022","author":"Ren\u00e9 Kupperian","date":"2022-05-02","format":false,"excerpt":"Am 01. Mai fand nach 3 Jahren, lang ersehnt, wieder das Familienfest des St. Georg Corps statt. P\u00fcnktlich um 11:00 Uhr startete eine Truppe von \u00fcber 40 Personen zu einer kleinen Fahrrad- Rundfahrt. Ausr\u00fcstungstechnisch war an diesem Tag wirklich alles dabei. Vom fast schrottreifen Herrenrad (liebevoll Hula-bike genannt, weil es\u2026","rel":"","context":"In &quot;Corps&quot;","block_context":{"text":"Corps","link":"https:\/\/www.st-georg-corps.de\/?cat=6"},"img":{"alt_text":"","src":"https:\/\/i0.wp.com\/www.st-georg-corps.de\/wp-content\/uploads\/2022\/05\/IMG_20220501_123221-600x450.jpg?resize=350%2C200","width":350,"height":200},"classes":[]},{"id":2240,"url":"https:\/\/www.st-georg-corps.de\/?p=2240","url_meta":{"origin":3803,"position":5},"title":"Maifest 2019","author":"Ren\u00e9 Kupperian","date":"2019-05-05","format":false,"excerpt":"Am 1. Mai wurde beim St. Georg Corps mal wieder geradelt. Gegen 11:00 Uhr startete eine Truppe von fast 30 Personen in Richtung Sechs-Seen-Platte. Es ging quer durch den Wald und um einen der Seen herum. Es war ganz sch\u00f6n frisch auf dem Rad und so manche(r) w\u00fcnschte sich, sie\u2026","rel":"","context":"In &quot;Corps&quot;","block_context":{"text":"Corps","link":"https:\/\/www.st-georg-corps.de\/?cat=6"},"img":{"alt_text":"","src":"https:\/\/i0.wp.com\/www.st-georg-corps.de\/wp-content\/uploads\/2019\/05\/2019-Maifest-Titel-250x250.jpg?resize=350%2C200","width":350,"height":200},"classes":[]}],"jetpack_likes_enabled":false,"jetpack_sharing_enabled":true,"_links":{"self":[{"href":"https:\/\/www.st-georg-corps.de\/index.php?rest_route=\/wp\/v2\/posts\/3803","targetHints":{"allow":["GET"]}}],"collection":[{"href":"https:\/\/www.st-georg-corps.de\/index.php?rest_route=\/wp\/v2\/posts"}],"about":[{"href":"https:\/\/www.st-georg-corps.de\/index.php?rest_route=\/wp\/v2\/types\/post"}],"author":[{"embeddable":true,"href":"https:\/\/www.st-georg-corps.de\/index.php?rest_route=\/wp\/v2\/users\/2"}],"replies":[{"embeddable":true,"href":"https:\/\/www.st-georg-corps.de\/index.php?rest_route=%2Fwp%2Fv2%2Fcomments&post=3803"}],"version-history":[{"count":3,"href":"https:\/\/www.st-georg-corps.de\/index.php?rest_route=\/wp\/v2\/posts\/3803\/revisions"}],"predecessor-version":[{"id":3810,"href":"https:\/\/www.st-georg-corps.de\/index.php?rest_route=\/wp\/v2\/posts\/3803\/revisions\/3810"}],"wp:attachment":[{"href":"https:\/\/www.st-georg-corps.de\/index.php?rest_route=%2Fwp%2Fv2%2Fmedia&parent=3803"}],"wp:term":[{"taxonomy":"category","embeddable":true,"href":"https:\/\/www.st-georg-corps.de\/index.php?rest_route=%2Fwp%2Fv2%2Fcategories&post=3803"},{"taxonomy":"post_tag","embeddable":true,"href":"https:\/\/www.st-georg-corps.de\/index.php?rest_route=%2Fwp%2Fv2%2Ftags&post=3803"}],"curies":[{"name":"wp","href":"https:\/\/api.w.org\/{rel}","templated":true}]}}