{"id":3798,"date":"2026-04-26T16:45:32","date_gmt":"2026-04-26T14:45:32","guid":{"rendered":"https:\/\/www.st-georg-corps.de\/?p=3798"},"modified":"2026-04-27T10:23:13","modified_gmt":"2026-04-27T08:23:13","slug":"altstadtfruehschoppen-am-25-04-2026","status":"publish","type":"post","link":"https:\/\/www.st-georg-corps.de\/?p=3798","title":{"rendered":"Altstadtfr\u00fchschoppen am 25.04.2026"},"content":{"rendered":"<p class=\"isSelectedEnd\">Am 25. April 2026 machten sich einige Sch\u00fctzenkameraden auf den Weg zum traditionellen Altstadtfr\u00fchschoppen. Erste Station war die Schl\u00fcssel-Brauerei, wo in geselliger Runde der Grundstein f\u00fcr einen gelungenen Tag gelegt wurde.<\/p>\n<p><a href=\"https:\/\/i0.wp.com\/www.st-georg-corps.de\/wp-content\/uploads\/2026\/04\/2026-04-25_Gruppenbild_Fruehschoppen-scaled.jpg\"><img data-recalc-dims=\"1\" loading=\"lazy\" decoding=\"async\" data-attachment-id=\"3801\" data-permalink=\"https:\/\/www.st-georg-corps.de\/?attachment_id=3801\" data-orig-file=\"https:\/\/i0.wp.com\/www.st-georg-corps.de\/wp-content\/uploads\/2026\/04\/2026-04-25_Gruppenbild_Fruehschoppen-scaled.jpg?fit=2560%2C1920&amp;ssl=1\" data-orig-size=\"2560,1920\" data-comments-opened=\"0\" data-image-meta=\"{&quot;aperture&quot;:&quot;1.78&quot;,&quot;credit&quot;:&quot;&quot;,&quot;camera&quot;:&quot;iPhone 14 Pro&quot;,&quot;caption&quot;:&quot;&quot;,&quot;created_timestamp&quot;:&quot;1777117723&quot;,&quot;copyright&quot;:&quot;&quot;,&quot;focal_length&quot;:&quot;6.86&quot;,&quot;iso&quot;:&quot;50&quot;,&quot;shutter_speed&quot;:&quot;0.0058139534883721&quot;,&quot;title&quot;:&quot;&quot;,&quot;orientation&quot;:&quot;1&quot;}\" data-image-title=\"2026-04-25_Gruppenbild_Fr\u00fchschoppen\" data-image-description=\"\" data-image-caption=\"\" data-medium-file=\"https:\/\/i0.wp.com\/www.st-georg-corps.de\/wp-content\/uploads\/2026\/04\/2026-04-25_Gruppenbild_Fruehschoppen-scaled.jpg?fit=600%2C450&amp;ssl=1\" data-large-file=\"https:\/\/i0.wp.com\/www.st-georg-corps.de\/wp-content\/uploads\/2026\/04\/2026-04-25_Gruppenbild_Fruehschoppen-scaled.jpg?fit=860%2C645&amp;ssl=1\" class=\"aligncenter wp-image-3801\" src=\"https:\/\/i0.wp.com\/www.st-georg-corps.de\/wp-content\/uploads\/2026\/04\/2026-04-25_Gruppenbild_Fruehschoppen.jpg?resize=400%2C300\" alt=\"\" width=\"400\" height=\"300\" srcset=\"https:\/\/i0.wp.com\/www.st-georg-corps.de\/wp-content\/uploads\/2026\/04\/2026-04-25_Gruppenbild_Fruehschoppen-scaled.jpg?resize=600%2C450&amp;ssl=1 600w, https:\/\/i0.wp.com\/www.st-georg-corps.de\/wp-content\/uploads\/2026\/04\/2026-04-25_Gruppenbild_Fruehschoppen-scaled.jpg?resize=1024%2C768&amp;ssl=1 1024w, https:\/\/i0.wp.com\/www.st-georg-corps.de\/wp-content\/uploads\/2026\/04\/2026-04-25_Gruppenbild_Fruehschoppen-scaled.jpg?resize=768%2C576&amp;ssl=1 768w, https:\/\/i0.wp.com\/www.st-georg-corps.de\/wp-content\/uploads\/2026\/04\/2026-04-25_Gruppenbild_Fruehschoppen-scaled.jpg?resize=1536%2C1152&amp;ssl=1 1536w, https:\/\/i0.wp.com\/www.st-georg-corps.de\/wp-content\/uploads\/2026\/04\/2026-04-25_Gruppenbild_Fruehschoppen-scaled.jpg?resize=2048%2C1536&amp;ssl=1 2048w, https:\/\/i0.wp.com\/www.st-georg-corps.de\/wp-content\/uploads\/2026\/04\/2026-04-25_Gruppenbild_Fruehschoppen-scaled.jpg?w=1720 1720w\" sizes=\"auto, (max-width: 400px) 100vw, 400px\" \/><\/a><\/p>\n<p class=\"isSelectedEnd\">Anschlie\u00dfend zog die Gruppe weiter zum Uerige, bevor es sp\u00e4ter noch zur Rheinuferkirmes ging, die mit ihrer lebendigen Atmosph\u00e4re f\u00fcr zus\u00e4tzliche Unterhaltung sorgte.<\/p>\n<p class=\"isSelectedEnd\">Am Nachmittag lud der Vorsitzende Jens J\u00f6rgens die Runde zu sich nach Hause ein. Auf seiner Terrasse wurde gemeinsam gegrillt, wobei sich die Junges in entspannter Umgebung weiter austauschen konnten. Neben vielen guten Gespr\u00e4chen sorgten auch einige Partien Schach und einige Runden Billard f\u00fcr Abwechslung.<\/p>\n<p>In bester Stimmung lie\u00df man den Tag schlie\u00dflich bis in den sp\u00e4ten Abend hinein ausklingen \u2013 ein rundum gelungener Ausflug, der allen Beteiligten noch lange in guter Erinnerung bleiben wird.<\/p>\n","protected":false},"excerpt":{"rendered":"<p>Am 25. April 2026 machten sich einige Sch\u00fctzenkameraden auf den Weg zum traditionellen Altstadtfr\u00fchschoppen. Erste Station war die Schl\u00fcssel-Brauerei, wo in geselliger Runde der Grundstein f\u00fcr einen gelungenen Tag gelegt wurde. Anschlie\u00dfend zog die Gruppe weiter zum Uerige, bevor es sp\u00e4ter noch zur Rheinuferkirmes ging, die mit ihrer lebendigen Atmosph\u00e4re f\u00fcr zus\u00e4tzliche Unterhaltung sorgte. Am Nachmittag lud der Vorsitzende Jens<\/p>\n","protected":false},"author":2,"featured_media":0,"comment_status":"closed","ping_status":"open","sticky":false,"template":"","format":"standard","meta":{"ngg_post_thumbnail":0,"_jetpack_memberships_contains_paid_content":false,"footnotes":""},"categories":[6],"tags":[],"class_list":["post-3798","post","type-post","status-publish","format-standard","hentry","category-corps"],"jetpack_featured_media_url":"","jetpack_shortlink":"https:\/\/wp.me\/p8O44P-Zg","jetpack-related-posts":[{"id":2803,"url":"https:\/\/www.st-georg-corps.de\/?p=2803","url_meta":{"origin":3798,"position":0},"title":"14.08.2021 Sch\u00fctzenfest abgesagt! Nicht ganz \u2026","author":"Ren\u00e9 Kupperian","date":"2021-08-23","format":false,"excerpt":"Aufgrund der Corona Pandemie wurde das Lintorfer Sch\u00fctzenfest bereits zum zweiten Mal in Folge abgesagt. Vereinsintern waren in diesem Jahr wieder Veranstaltungen gestattet und so beschloss das St. Georg Corps das Sch\u00fctzenfest, zumindest am Samstag, in einem eigenen Rahmen zu begehen. Traditionsgem\u00e4\u00df startet das Corps den \u201eSch\u00fctzenfestsamstag\u201c auf dem Lintorfer\u2026","rel":"","context":"In &quot;Corps&quot;","block_context":{"text":"Corps","link":"https:\/\/www.st-georg-corps.de\/?cat=6"},"img":{"alt_text":"","src":"https:\/\/i0.wp.com\/www.st-georg-corps.de\/wp-content\/uploads\/2021\/08\/2021-08-14-11-250x250.jpg?resize=350%2C200","width":350,"height":200},"classes":[]},{"id":3254,"url":"https:\/\/www.st-georg-corps.de\/?p=3254","url_meta":{"origin":3798,"position":1},"title":"Hahnek\u00f6ppen am 23.09.2023","author":"Ren\u00e9 Kupperian","date":"2023-09-24","format":false,"excerpt":"Am 23.Spetember 2023 war es wieder soweit, die St Georg Corps Familie begr\u00fc\u00dfte viele Freunde und G\u00e4ste zum diesj\u00e4hrigen Hahnek\u00f6ppen. Eingeladen hatten Hahnek\u00f6nigin Kerstin Sucker und Hahnek\u00f6nig Klaus Hobohm. Bei k\u00fchlem aber trockenen Wetter folgten dieser Einladung unter anderem, Bruderschaftsk\u00f6nig Werner Bach mit seiner K\u00f6nigin Tina, Kronprinz Philipp Kellersmann, Andreas\u2026","rel":"","context":"In &quot;Corps&quot;","block_context":{"text":"Corps","link":"https:\/\/www.st-georg-corps.de\/?cat=6"},"img":{"alt_text":"","src":"https:\/\/i0.wp.com\/www.st-georg-corps.de\/wp-content\/uploads\/2023\/09\/2023-Hahnekoenig-000-250x250.jpg?resize=350%2C200","width":350,"height":200},"classes":[]},{"id":2290,"url":"https:\/\/www.st-georg-corps.de\/?p=2290","url_meta":{"origin":3798,"position":2},"title":"K\u00f6nigsfest am 29.06.2019","author":"Ren\u00e9 Kupperian","date":"2019-06-30","format":false,"excerpt":"Ladies first, so startete um 15:00 Uhr das diesj\u00e4hrige K\u00f6nigsfest des St. Georg Corps. Als erster Punkt auf der Tagesordnung sollte die neue Salatk\u00f6nigin ermittelt werden. Wie die M\u00e4nner schie\u00dfen die Frauen dazu auf einen kompletten Vogel, den Salatvogel. Die Pf\u00e4nder holten sich in diesem Jahr die folgenden Damen:\u00a0Kopf: Heike\u2026","rel":"","context":"In &quot;Corps&quot;","block_context":{"text":"Corps","link":"https:\/\/www.st-georg-corps.de\/?cat=6"},"img":{"alt_text":"","src":"https:\/\/i0.wp.com\/www.st-georg-corps.de\/wp-content\/uploads\/2019\/06\/2019-06-29_Salatkoenigin_Kerstin-250x250.jpg?resize=350%2C200","width":350,"height":200},"classes":[]},{"id":2827,"url":"https:\/\/www.st-georg-corps.de\/?p=2827","url_meta":{"origin":3798,"position":3},"title":"Hahnek\u00f6ppen und Oktoberfest 2021","author":"Ren\u00e9 Kupperian","date":"2021-09-06","format":false,"excerpt":"Am Samstag den 4. September begr\u00fc\u00dften das Hahnek\u00f6nigspaar Marika & Mockel (Manfred Etzrodt) an die 100 G\u00e4ste zu Ihrem Hahnek\u00f6nigsfest. Marika und Mockel begr\u00fc\u00dften die G\u00e4ste am Eingang und \u00fcberreichten jeder Dame einen Piccolo. Nat\u00fcrlich wurden die 3G-Coronaregeln von allen befolgt und das Fest fand in einem 18 Meter Zelt\u2026","rel":"","context":"In &quot;Corps&quot;","block_context":{"text":"Corps","link":"https:\/\/www.st-georg-corps.de\/?cat=6"},"img":{"alt_text":"","src":"https:\/\/i0.wp.com\/www.st-georg-corps.de\/wp-content\/uploads\/2021\/09\/2019-Hahnekoenigspaar-250x250.jpg?resize=350%2C200","width":350,"height":200},"classes":[]},{"id":2770,"url":"https:\/\/www.st-georg-corps.de\/?p=2770","url_meta":{"origin":3798,"position":4},"title":"Jahreshauptversammlung 2021","author":"Ren\u00e9 Kupperian","date":"2021-08-07","format":false,"excerpt":"Nach fast einem Jahr ohne eine Versammlung, fand gestern am 06. August 2021 die erste Versammlung und die Jahreshauptversammlung vor dem Clubhaus in einem Zelt statt. Der Vorsitzende Jens J\u00f6rgens konnte insgesamt 35 Mitglieder des Vereins zu diesem sp\u00e4ten ersten Treffen im Jahr 2021 begr\u00fc\u00dfen. Nach einem leckeren Essen fand\u2026","rel":"","context":"In &quot;Corps&quot;","block_context":{"text":"Corps","link":"https:\/\/www.st-georg-corps.de\/?cat=6"},"img":{"alt_text":"","src":"https:\/\/i0.wp.com\/www.st-georg-corps.de\/wp-content\/uploads\/2018\/01\/St-Georg-Klein-200x250.png?resize=350%2C200","width":350,"height":200},"classes":[]},{"id":3075,"url":"https:\/\/www.st-georg-corps.de\/?p=3075","url_meta":{"origin":3798,"position":5},"title":"Hauptversammlung der Bruderschaft am 22.01.2023","author":"Ren\u00e9 Kupperian","date":"2023-01-24","format":false,"excerpt":"Nach der Messe in der St. Johannes Kirche, begann um 11:15 Uhr die Jahreshauptversammlung der Lintorfer Sch\u00fctzenbruderschaft an der 27 Mitglieder unseres Corps teilgenommen haben. Nach der Begr\u00fc\u00dfung durch den Vorsitzenden der Bruderschaft Andreas Kellersmann, der seine erste komplette Hauptversammlung absolvierte und einer Gedenkminute f\u00fcr die verstorbenen Kameraden, folgte der\u2026","rel":"","context":"In &quot;Bruderschaft&quot;","block_context":{"text":"Bruderschaft","link":"https:\/\/www.st-georg-corps.de\/?cat=8"},"img":{"alt_text":"","src":"https:\/\/i0.wp.com\/www.st-georg-corps.de\/wp-content\/uploads\/2023\/01\/2023-01-22_01_1200x1200-250x250.jpg?resize=350%2C200","width":350,"height":200},"classes":[]}],"jetpack_likes_enabled":false,"jetpack_sharing_enabled":true,"_links":{"self":[{"href":"https:\/\/www.st-georg-corps.de\/index.php?rest_route=\/wp\/v2\/posts\/3798","targetHints":{"allow":["GET"]}}],"collection":[{"href":"https:\/\/www.st-georg-corps.de\/index.php?rest_route=\/wp\/v2\/posts"}],"about":[{"href":"https:\/\/www.st-georg-corps.de\/index.php?rest_route=\/wp\/v2\/types\/post"}],"author":[{"embeddable":true,"href":"https:\/\/www.st-georg-corps.de\/index.php?rest_route=\/wp\/v2\/users\/2"}],"replies":[{"embeddable":true,"href":"https:\/\/www.st-georg-corps.de\/index.php?rest_route=%2Fwp%2Fv2%2Fcomments&post=3798"}],"version-history":[{"count":2,"href":"https:\/\/www.st-georg-corps.de\/index.php?rest_route=\/wp\/v2\/posts\/3798\/revisions"}],"predecessor-version":[{"id":3802,"href":"https:\/\/www.st-georg-corps.de\/index.php?rest_route=\/wp\/v2\/posts\/3798\/revisions\/3802"}],"wp:attachment":[{"href":"https:\/\/www.st-georg-corps.de\/index.php?rest_route=%2Fwp%2Fv2%2Fmedia&parent=3798"}],"wp:term":[{"taxonomy":"category","embeddable":true,"href":"https:\/\/www.st-georg-corps.de\/index.php?rest_route=%2Fwp%2Fv2%2Fcategories&post=3798"},{"taxonomy":"post_tag","embeddable":true,"href":"https:\/\/www.st-georg-corps.de\/index.php?rest_route=%2Fwp%2Fv2%2Ftags&post=3798"}],"curies":[{"name":"wp","href":"https:\/\/api.w.org\/{rel}","templated":true}]}}