{"id":3779,"date":"2026-01-26T17:55:41","date_gmt":"2026-01-26T16:55:41","guid":{"rendered":"https:\/\/www.st-georg-corps.de\/?p=3779"},"modified":"2026-01-26T18:01:58","modified_gmt":"2026-01-26T17:01:58","slug":"ehrungen-beim-titularfest","status":"publish","type":"post","link":"https:\/\/www.st-georg-corps.de\/?p=3779","title":{"rendered":"Ehrungen beim Titularfest"},"content":{"rendered":"<p>Am 25.01.2026 fand die j\u00e4hrliche Versammlung aller Sch\u00fctzen der Lintorfer Bruderschaft statt. Im Rahmen dieser Veranstaltung konnte das St. Georg Corps wieder einige Highlights verbuchen. <strong>Klaus Hobohm<\/strong> tritt in den Vorstand der Bruderschaft ein als 2. Kassierer. <strong>Stefan Frohnhoff<\/strong> \u00fcbernahm f\u00fcr das n\u00e4chste Jahr das Amt des 1. Kassenpr\u00fcfers.<\/p>\n<p><strong>Dietmar Pfeif<\/strong> wurde geehrt f\u00fcr 40 Jahre Mitgliedschaft in der Bruderschaft.<\/p>\n<div id=\"attachment_3787\" style=\"width: 410px\" class=\"wp-caption aligncenter\"><img data-recalc-dims=\"1\" loading=\"lazy\" decoding=\"async\" aria-describedby=\"caption-attachment-3787\" data-attachment-id=\"3787\" data-permalink=\"https:\/\/www.st-georg-corps.de\/?attachment_id=3787\" data-orig-file=\"https:\/\/i0.wp.com\/www.st-georg-corps.de\/wp-content\/uploads\/2026\/01\/2026-01-25_Titularfest_001_klein.jpg?fit=1600%2C1600&amp;ssl=1\" data-orig-size=\"1600,1600\" data-comments-opened=\"0\" data-image-meta=\"{&quot;aperture&quot;:&quot;0&quot;,&quot;credit&quot;:&quot;&quot;,&quot;camera&quot;:&quot;&quot;,&quot;caption&quot;:&quot;&quot;,&quot;created_timestamp&quot;:&quot;0&quot;,&quot;copyright&quot;:&quot;&quot;,&quot;focal_length&quot;:&quot;0&quot;,&quot;iso&quot;:&quot;0&quot;,&quot;shutter_speed&quot;:&quot;0&quot;,&quot;title&quot;:&quot;&quot;,&quot;orientation&quot;:&quot;0&quot;}\" data-image-title=\"2026-01-25_Titularfest_001_klein\" data-image-description=\"\" data-image-caption=\"\" data-medium-file=\"https:\/\/i0.wp.com\/www.st-georg-corps.de\/wp-content\/uploads\/2026\/01\/2026-01-25_Titularfest_001_klein.jpg?fit=600%2C600&amp;ssl=1\" data-large-file=\"https:\/\/i0.wp.com\/www.st-georg-corps.de\/wp-content\/uploads\/2026\/01\/2026-01-25_Titularfest_001_klein.jpg?fit=860%2C860&amp;ssl=1\" class=\"wp-image-3787\" src=\"https:\/\/i0.wp.com\/www.st-georg-corps.de\/wp-content\/uploads\/2026\/01\/2026-01-25_Titularfest_001_klein.jpg?resize=400%2C400\" alt=\"\" width=\"400\" height=\"400\" srcset=\"https:\/\/i0.wp.com\/www.st-georg-corps.de\/wp-content\/uploads\/2026\/01\/2026-01-25_Titularfest_001_klein.jpg?resize=600%2C600&amp;ssl=1 600w, https:\/\/i0.wp.com\/www.st-georg-corps.de\/wp-content\/uploads\/2026\/01\/2026-01-25_Titularfest_001_klein.jpg?resize=1024%2C1024&amp;ssl=1 1024w, https:\/\/i0.wp.com\/www.st-georg-corps.de\/wp-content\/uploads\/2026\/01\/2026-01-25_Titularfest_001_klein.jpg?resize=250%2C250&amp;ssl=1 250w, https:\/\/i0.wp.com\/www.st-georg-corps.de\/wp-content\/uploads\/2026\/01\/2026-01-25_Titularfest_001_klein.jpg?resize=768%2C768&amp;ssl=1 768w, https:\/\/i0.wp.com\/www.st-georg-corps.de\/wp-content\/uploads\/2026\/01\/2026-01-25_Titularfest_001_klein.jpg?resize=1536%2C1536&amp;ssl=1 1536w, https:\/\/i0.wp.com\/www.st-georg-corps.de\/wp-content\/uploads\/2026\/01\/2026-01-25_Titularfest_001_klein.jpg?resize=90%2C90&amp;ssl=1 90w, https:\/\/i0.wp.com\/www.st-georg-corps.de\/wp-content\/uploads\/2026\/01\/2026-01-25_Titularfest_001_klein.jpg?resize=75%2C75&amp;ssl=1 75w, https:\/\/i0.wp.com\/www.st-georg-corps.de\/wp-content\/uploads\/2026\/01\/2026-01-25_Titularfest_001_klein.jpg?w=1600&amp;ssl=1 1600w\" sizes=\"auto, (max-width: 400px) 100vw, 400px\" \/><p id=\"caption-attachment-3787\" class=\"wp-caption-text\">In der Mitte &#8211; Dietmar Pfeif<\/p><\/div>\n<p>F\u00fcr besondere Verdienste wurden <strong>Stefan Frohnhoff<\/strong> und <strong>Frank Groten<\/strong> mit dem silbernen Verdienstkreuz der Bruderschaft ausgezeichnet.<\/p>\n<div id=\"attachment_3788\" style=\"width: 510px\" class=\"wp-caption aligncenter\"><img data-recalc-dims=\"1\" loading=\"lazy\" decoding=\"async\" aria-describedby=\"caption-attachment-3788\" data-attachment-id=\"3788\" data-permalink=\"https:\/\/www.st-georg-corps.de\/?attachment_id=3788\" data-orig-file=\"https:\/\/i0.wp.com\/www.st-georg-corps.de\/wp-content\/uploads\/2026\/01\/2026-01-25_Titularfest_003_klein.jpg?fit=1600%2C1200&amp;ssl=1\" data-orig-size=\"1600,1200\" data-comments-opened=\"0\" data-image-meta=\"{&quot;aperture&quot;:&quot;0&quot;,&quot;credit&quot;:&quot;&quot;,&quot;camera&quot;:&quot;&quot;,&quot;caption&quot;:&quot;&quot;,&quot;created_timestamp&quot;:&quot;0&quot;,&quot;copyright&quot;:&quot;&quot;,&quot;focal_length&quot;:&quot;0&quot;,&quot;iso&quot;:&quot;0&quot;,&quot;shutter_speed&quot;:&quot;0&quot;,&quot;title&quot;:&quot;&quot;,&quot;orientation&quot;:&quot;0&quot;}\" data-image-title=\"2026-01-25_Titularfest_003_klein\" data-image-description=\"\" data-image-caption=\"\" data-medium-file=\"https:\/\/i0.wp.com\/www.st-georg-corps.de\/wp-content\/uploads\/2026\/01\/2026-01-25_Titularfest_003_klein.jpg?fit=600%2C450&amp;ssl=1\" data-large-file=\"https:\/\/i0.wp.com\/www.st-georg-corps.de\/wp-content\/uploads\/2026\/01\/2026-01-25_Titularfest_003_klein.jpg?fit=860%2C645&amp;ssl=1\" class=\"wp-image-3788\" src=\"https:\/\/i0.wp.com\/www.st-georg-corps.de\/wp-content\/uploads\/2026\/01\/2026-01-25_Titularfest_003_klein.jpg?resize=500%2C375\" alt=\"\" width=\"500\" height=\"375\" srcset=\"https:\/\/i0.wp.com\/www.st-georg-corps.de\/wp-content\/uploads\/2026\/01\/2026-01-25_Titularfest_003_klein.jpg?resize=600%2C450&amp;ssl=1 600w, https:\/\/i0.wp.com\/www.st-georg-corps.de\/wp-content\/uploads\/2026\/01\/2026-01-25_Titularfest_003_klein.jpg?resize=1024%2C768&amp;ssl=1 1024w, https:\/\/i0.wp.com\/www.st-georg-corps.de\/wp-content\/uploads\/2026\/01\/2026-01-25_Titularfest_003_klein.jpg?resize=768%2C576&amp;ssl=1 768w, https:\/\/i0.wp.com\/www.st-georg-corps.de\/wp-content\/uploads\/2026\/01\/2026-01-25_Titularfest_003_klein.jpg?resize=1536%2C1152&amp;ssl=1 1536w, https:\/\/i0.wp.com\/www.st-georg-corps.de\/wp-content\/uploads\/2026\/01\/2026-01-25_Titularfest_003_klein.jpg?w=1600&amp;ssl=1 1600w\" sizes=\"auto, (max-width: 500px) 100vw, 500px\" \/><p id=\"caption-attachment-3788\" class=\"wp-caption-text\">Frank Groten (4.) und Stefan Frohnhoff (5. von rechts)<\/p><\/div>\n<p>Gleich mehrfach konnte sich <strong>Thomas Behrendt<\/strong> freuen. Thomas erhielt stattliche drei Auszeichnungen. Die Sch\u00fctzenschnur in Gr\u00fcn mit 113 Ringen, das kleine Leistungsabzeichen (Bronze) f\u00fcr das Ergebnis von 105 Ringen in der Altersklasse \/ Luftgewehr und dem dritten Platz in seiner Altersklasse mit 75 Ringen.<\/p>\n<div id=\"attachment_3791\" style=\"width: 410px\" class=\"wp-caption aligncenter\"><img data-recalc-dims=\"1\" loading=\"lazy\" decoding=\"async\" aria-describedby=\"caption-attachment-3791\" data-attachment-id=\"3791\" data-permalink=\"https:\/\/www.st-georg-corps.de\/?attachment_id=3791\" data-orig-file=\"https:\/\/i0.wp.com\/www.st-georg-corps.de\/wp-content\/uploads\/2026\/01\/2026-01-25_Titularfest_004.jpg?fit=1295%2C1295&amp;ssl=1\" data-orig-size=\"1295,1295\" data-comments-opened=\"0\" data-image-meta=\"{&quot;aperture&quot;:&quot;1.78&quot;,&quot;credit&quot;:&quot;&quot;,&quot;camera&quot;:&quot;iPhone 14 Pro&quot;,&quot;caption&quot;:&quot;&quot;,&quot;created_timestamp&quot;:&quot;1769339846&quot;,&quot;copyright&quot;:&quot;&quot;,&quot;focal_length&quot;:&quot;6.86&quot;,&quot;iso&quot;:&quot;160&quot;,&quot;shutter_speed&quot;:&quot;0.01&quot;,&quot;title&quot;:&quot;&quot;,&quot;orientation&quot;:&quot;1&quot;}\" data-image-title=\"2026-01-25_Titularfest_004\" data-image-description=\"\" data-image-caption=\"\" data-medium-file=\"https:\/\/i0.wp.com\/www.st-georg-corps.de\/wp-content\/uploads\/2026\/01\/2026-01-25_Titularfest_004.jpg?fit=600%2C600&amp;ssl=1\" data-large-file=\"https:\/\/i0.wp.com\/www.st-georg-corps.de\/wp-content\/uploads\/2026\/01\/2026-01-25_Titularfest_004.jpg?fit=860%2C860&amp;ssl=1\" class=\"wp-image-3791\" src=\"https:\/\/i0.wp.com\/www.st-georg-corps.de\/wp-content\/uploads\/2026\/01\/2026-01-25_Titularfest_004.jpg?resize=400%2C400\" alt=\"\" width=\"400\" height=\"400\" srcset=\"https:\/\/i0.wp.com\/www.st-georg-corps.de\/wp-content\/uploads\/2026\/01\/2026-01-25_Titularfest_004.jpg?resize=600%2C600&amp;ssl=1 600w, https:\/\/i0.wp.com\/www.st-georg-corps.de\/wp-content\/uploads\/2026\/01\/2026-01-25_Titularfest_004.jpg?resize=1024%2C1024&amp;ssl=1 1024w, https:\/\/i0.wp.com\/www.st-georg-corps.de\/wp-content\/uploads\/2026\/01\/2026-01-25_Titularfest_004.jpg?resize=250%2C250&amp;ssl=1 250w, https:\/\/i0.wp.com\/www.st-georg-corps.de\/wp-content\/uploads\/2026\/01\/2026-01-25_Titularfest_004.jpg?resize=768%2C768&amp;ssl=1 768w, https:\/\/i0.wp.com\/www.st-georg-corps.de\/wp-content\/uploads\/2026\/01\/2026-01-25_Titularfest_004.jpg?resize=90%2C90&amp;ssl=1 90w, https:\/\/i0.wp.com\/www.st-georg-corps.de\/wp-content\/uploads\/2026\/01\/2026-01-25_Titularfest_004.jpg?resize=75%2C75&amp;ssl=1 75w, https:\/\/i0.wp.com\/www.st-georg-corps.de\/wp-content\/uploads\/2026\/01\/2026-01-25_Titularfest_004.jpg?w=1295&amp;ssl=1 1295w\" sizes=\"auto, (max-width: 400px) 100vw, 400px\" \/><p id=\"caption-attachment-3791\" class=\"wp-caption-text\">Thomas Behrendt<\/p><\/div>\n<p>Zus\u00e4tzlich konnte sich das <strong>St. Georg Corps<\/strong> seit langer Zeit mal wieder einen Platz bei einem Pokalschie\u00dfen sichern. Lucas Kellersmann nahm stellvertretend die Urkunde f\u00fcr den dritten Platz beim <strong>&#8222;Dr. Gehard Schr\u00f6der Pokal&#8220;<\/strong> (145 Ringe) entgegen.<\/p>\n<div id=\"attachment_3790\" style=\"width: 310px\" class=\"wp-caption aligncenter\"><a href=\"https:\/\/i0.wp.com\/www.st-georg-corps.de\/wp-content\/uploads\/2026\/01\/2026-01-25_Titularfest_009_klein.jpg\"><img data-recalc-dims=\"1\" loading=\"lazy\" decoding=\"async\" aria-describedby=\"caption-attachment-3790\" data-attachment-id=\"3790\" data-permalink=\"https:\/\/www.st-georg-corps.de\/?attachment_id=3790\" data-orig-file=\"https:\/\/i0.wp.com\/www.st-georg-corps.de\/wp-content\/uploads\/2026\/01\/2026-01-25_Titularfest_009_klein.jpg?fit=1600%2C1200&amp;ssl=1\" data-orig-size=\"1600,1200\" data-comments-opened=\"0\" data-image-meta=\"{&quot;aperture&quot;:&quot;0&quot;,&quot;credit&quot;:&quot;&quot;,&quot;camera&quot;:&quot;&quot;,&quot;caption&quot;:&quot;&quot;,&quot;created_timestamp&quot;:&quot;0&quot;,&quot;copyright&quot;:&quot;&quot;,&quot;focal_length&quot;:&quot;0&quot;,&quot;iso&quot;:&quot;0&quot;,&quot;shutter_speed&quot;:&quot;0&quot;,&quot;title&quot;:&quot;&quot;,&quot;orientation&quot;:&quot;0&quot;}\" data-image-title=\"2026-01-25_Titularfest_009_klein\" data-image-description=\"\" data-image-caption=\"\" data-medium-file=\"https:\/\/i0.wp.com\/www.st-georg-corps.de\/wp-content\/uploads\/2026\/01\/2026-01-25_Titularfest_009_klein.jpg?fit=600%2C450&amp;ssl=1\" data-large-file=\"https:\/\/i0.wp.com\/www.st-georg-corps.de\/wp-content\/uploads\/2026\/01\/2026-01-25_Titularfest_009_klein.jpg?fit=860%2C645&amp;ssl=1\" class=\"wp-image-3790\" src=\"https:\/\/i0.wp.com\/www.st-georg-corps.de\/wp-content\/uploads\/2026\/01\/2026-01-25_Titularfest_009_klein.jpg?resize=300%2C225\" alt=\"\" width=\"300\" height=\"225\" srcset=\"https:\/\/i0.wp.com\/www.st-georg-corps.de\/wp-content\/uploads\/2026\/01\/2026-01-25_Titularfest_009_klein.jpg?resize=600%2C450&amp;ssl=1 600w, https:\/\/i0.wp.com\/www.st-georg-corps.de\/wp-content\/uploads\/2026\/01\/2026-01-25_Titularfest_009_klein.jpg?resize=1024%2C768&amp;ssl=1 1024w, https:\/\/i0.wp.com\/www.st-georg-corps.de\/wp-content\/uploads\/2026\/01\/2026-01-25_Titularfest_009_klein.jpg?resize=768%2C576&amp;ssl=1 768w, https:\/\/i0.wp.com\/www.st-georg-corps.de\/wp-content\/uploads\/2026\/01\/2026-01-25_Titularfest_009_klein.jpg?resize=1536%2C1152&amp;ssl=1 1536w, https:\/\/i0.wp.com\/www.st-georg-corps.de\/wp-content\/uploads\/2026\/01\/2026-01-25_Titularfest_009_klein.jpg?w=1600&amp;ssl=1 1600w\" sizes=\"auto, (max-width: 300px) 100vw, 300px\" \/><\/a><p id=\"caption-attachment-3790\" class=\"wp-caption-text\">Dritter Platz &#8211; Dr. Gerhard Schr\u00f6der Pokal<\/p><\/div>\n","protected":false},"excerpt":{"rendered":"<p>Am 25.01.2026 fand die j\u00e4hrliche Versammlung aller Sch\u00fctzen der Lintorfer Bruderschaft statt. Im Rahmen dieser Veranstaltung konnte das St. Georg Corps wieder einige Highlights verbuchen. Klaus Hobohm tritt in den Vorstand der Bruderschaft ein als 2. Kassierer. Stefan Frohnhoff \u00fcbernahm f\u00fcr das n\u00e4chste Jahr das Amt des 1. Kassenpr\u00fcfers. Dietmar Pfeif wurde geehrt f\u00fcr 40 Jahre Mitgliedschaft in der Bruderschaft.<\/p>\n","protected":false},"author":2,"featured_media":0,"comment_status":"closed","ping_status":"open","sticky":false,"template":"","format":"standard","meta":{"ngg_post_thumbnail":0,"_jetpack_memberships_contains_paid_content":false,"footnotes":""},"categories":[8,6],"tags":[],"class_list":["post-3779","post","type-post","status-publish","format-standard","hentry","category-bruderschaft","category-corps"],"jetpack_featured_media_url":"","jetpack_shortlink":"https:\/\/wp.me\/p8O44P-YX","jetpack-related-posts":[{"id":3772,"url":"https:\/\/www.st-georg-corps.de\/?p=3772","url_meta":{"origin":3779,"position":0},"title":"Neujahrsempfang 2026","author":"Ren\u00e9 Kupperian","date":"2026-01-19","format":false,"excerpt":"Am 18. Januar 2026 fand ab 12:00 Uhr der diesj\u00e4hrige Neujahrsempfang der Lintofer Sch\u00fctzenbruderschaft statt. Das amtierende K\u00f6nigspaar 2026, Alexander und Marika Schleip, konnte hierzu zahlreiche G\u00e4ste aus Politik, Wirtschaft, Brauchtum sowie aus der \"Blaulichtfamilie\" willkommen hei\u00dfen. Bruderschaftsk\u00f6nig Alexander sorgte gemeinsam mit seiner K\u00f6nigin Marika f\u00fcr das leibliche Wohl der\u2026","rel":"","context":"In &quot;Bruderschaft&quot;","block_context":{"text":"Bruderschaft","link":"https:\/\/www.st-georg-corps.de\/?cat=8"},"img":{"alt_text":"","src":"https:\/\/i0.wp.com\/www.st-georg-corps.de\/wp-content\/uploads\/2026\/01\/IMG_20260118_120025-600x450.jpg?resize=350%2C200","width":350,"height":200},"classes":[]},{"id":2653,"url":"https:\/\/www.st-georg-corps.de\/?p=2653","url_meta":{"origin":3779,"position":1},"title":"Titularfest am 26.01.2020","author":"Ren\u00e9 Kupperian","date":"2020-01-27","format":false,"excerpt":"Um 08:45 Uhr hie\u00df es Antreten zur Messe in St. Anna um den K\u00f6nig der Lintorfer Bruderschaft Sebastian Kahlert und den Jungk\u00f6nig Lucas Kellersmann zu begleiten. Die Messe, die Pr\u00e4ses Benedikt Zervosen sehr sch\u00f6n zelebrierte, folgte einem sehr genauen Zeitplan. Nach einer Stunde brachen die Sch\u00fctzen auf zum Pfarrzentrum St.\u2026","rel":"","context":"In &quot;Bruderschaft&quot;","block_context":{"text":"Bruderschaft","link":"https:\/\/www.st-georg-corps.de\/?cat=8"},"img":{"alt_text":"","src":"https:\/\/i0.wp.com\/www.st-georg-corps.de\/wp-content\/uploads\/2020\/01\/2020-01-26_Messe-600x450.jpg?resize=350%2C200","width":350,"height":200},"classes":[]},{"id":3427,"url":"https:\/\/www.st-georg-corps.de\/?p=3427","url_meta":{"origin":3779,"position":2},"title":"Neues Mitglied Stefan Frohnhoff","author":"Ren\u00e9 Kupperian","date":"2024-06-29","format":false,"excerpt":"Am 28.06.2024 wurde Stefan Frohnhoff einstimmig als 50. Mitglied in das St. Georg Corps aufgenommen. Stefan ist 51 Jahre alt und bereits seit \u00fcber 20 Jahren ein aktiver Sch\u00fctze in der Lintorfer Bruderschaft. Seine Formation, das Prinz Eugen Corps hat sich vor kurzem aufgel\u00f6st. Wir freuen uns sehr Stefan bei\u2026","rel":"","context":"In &quot;Corps&quot;","block_context":{"text":"Corps","link":"https:\/\/www.st-georg-corps.de\/?cat=6"},"img":{"alt_text":"","src":"https:\/\/i0.wp.com\/www.st-georg-corps.de\/wp-content\/uploads\/2024\/06\/2024-06-28_Stefan-Frohnhoff-250x250.jpg?resize=350%2C200","width":350,"height":200},"classes":[]},{"id":3064,"url":"https:\/\/www.st-georg-corps.de\/?p=3064","url_meta":{"origin":3779,"position":3},"title":"Jahreshauptversammlung 2023","author":"Ren\u00e9 Kupperian","date":"2023-01-15","format":false,"excerpt":"Mit der Jahreshauptversammlung (JHV) startet das St. Georg Corps am 13.01.2023\u00a0in das 60. Jahr Vereinsgeschichte. Klaus Hobohm hatte wieder Gr\u00fcnkohl mit Mettwurst und Kassler zubereitet um den Abend geb\u00fchrend zu starten. Auf Vorschlag des Vorsitzenden Jens J\u00f6rgens wurde die JHV der Montasversammlung\u00a0vorgezogen. Zum Alterspr\u00e4sident wurde in diesem Jahr Wilfried Kr\u00f6ll\u2026","rel":"","context":"In &quot;Corps&quot;","block_context":{"text":"Corps","link":"https:\/\/www.st-georg-corps.de\/?cat=6"},"img":{"alt_text":"","src":"https:\/\/i0.wp.com\/www.st-georg-corps.de\/wp-content\/uploads\/2018\/01\/St-Georg-Klein-200x250.png?resize=350%2C200","width":350,"height":200},"classes":[]},{"id":3347,"url":"https:\/\/www.st-georg-corps.de\/?p=3347","url_meta":{"origin":3779,"position":4},"title":"Ehrungen beim Titularfest am 21.01.2024","author":"Ren\u00e9 Kupperian","date":"2024-02-05","format":false,"excerpt":"Auch in diesem Jahr wurden beim Tituarfest einige Kameraden des St. Georg Corps mit besonderen Auszeichnungen geehrt. Den Anfang machte, etwas versp\u00e4tet - da man ihn im letzten Jahr vergessen hatte, Friedel Achterfeld, der f\u00fcr 40 Jahre Mitgliedschaft in der Bruderschaft ausgezeichnet wurde. Es folgte unser Ehrenvorsitzender und ehemaliger Chef\u2026","rel":"","context":"In &quot;Bruderschaft&quot;","block_context":{"text":"Bruderschaft","link":"https:\/\/www.st-georg-corps.de\/?cat=8"},"img":{"alt_text":"","src":"https:\/\/i0.wp.com\/www.st-georg-corps.de\/wp-content\/uploads\/2024\/02\/2024-01-21_Titularfest_001-600x600.jpg?resize=350%2C200","width":350,"height":200},"classes":[]},{"id":3007,"url":"https:\/\/www.st-georg-corps.de\/?p=3007","url_meta":{"origin":3779,"position":5},"title":"Hauptversammlung der Bruderschaft 2022","author":"Ren\u00e9 Kupperian","date":"2022-09-19","format":false,"excerpt":"Zu einem ungew\u00f6hnlichen Datum, am 18.09.2022 fand die j\u00e4hrliche Hauptversammlung der Lintorfer Bruderschaft statt. Mit einem einstimmigen Ergebnis wurde unser 2. Vorsitzender Frank Groten zum 2. Vorsitzenden der Bruderschaft gew\u00e4hlt. Er wird in diesem Amt den ebenfalls neu gew\u00e4hlten 1. Vorsitzenden und Chef der Bruderschaft Andreas Kellersmann, der\u00a0seit 2020 Mitglied\u2026","rel":"","context":"In &quot;Bruderschaft&quot;","block_context":{"text":"Bruderschaft","link":"https:\/\/www.st-georg-corps.de\/?cat=8"},"img":{"alt_text":"","src":"https:\/\/i0.wp.com\/www.st-georg-corps.de\/wp-content\/uploads\/2022\/09\/Groten-Frank-250x250.jpg?resize=350%2C200","width":350,"height":200},"classes":[]}],"jetpack_likes_enabled":false,"jetpack_sharing_enabled":true,"_links":{"self":[{"href":"https:\/\/www.st-georg-corps.de\/index.php?rest_route=\/wp\/v2\/posts\/3779","targetHints":{"allow":["GET"]}}],"collection":[{"href":"https:\/\/www.st-georg-corps.de\/index.php?rest_route=\/wp\/v2\/posts"}],"about":[{"href":"https:\/\/www.st-georg-corps.de\/index.php?rest_route=\/wp\/v2\/types\/post"}],"author":[{"embeddable":true,"href":"https:\/\/www.st-georg-corps.de\/index.php?rest_route=\/wp\/v2\/users\/2"}],"replies":[{"embeddable":true,"href":"https:\/\/www.st-georg-corps.de\/index.php?rest_route=%2Fwp%2Fv2%2Fcomments&post=3779"}],"version-history":[{"count":4,"href":"https:\/\/www.st-georg-corps.de\/index.php?rest_route=\/wp\/v2\/posts\/3779\/revisions"}],"predecessor-version":[{"id":3794,"href":"https:\/\/www.st-georg-corps.de\/index.php?rest_route=\/wp\/v2\/posts\/3779\/revisions\/3794"}],"wp:attachment":[{"href":"https:\/\/www.st-georg-corps.de\/index.php?rest_route=%2Fwp%2Fv2%2Fmedia&parent=3779"}],"wp:term":[{"taxonomy":"category","embeddable":true,"href":"https:\/\/www.st-georg-corps.de\/index.php?rest_route=%2Fwp%2Fv2%2Fcategories&post=3779"},{"taxonomy":"post_tag","embeddable":true,"href":"https:\/\/www.st-georg-corps.de\/index.php?rest_route=%2Fwp%2Fv2%2Ftags&post=3779"}],"curies":[{"name":"wp","href":"https:\/\/api.w.org\/{rel}","templated":true}]}}