{"id":3689,"date":"2025-08-21T18:51:04","date_gmt":"2025-08-21T16:51:04","guid":{"rendered":"https:\/\/www.st-georg-corps.de\/?p=3689"},"modified":"2025-08-21T18:51:04","modified_gmt":"2025-08-21T16:51:04","slug":"neuer-koenig-der-bruderschaft-alexander-schleip","status":"publish","type":"post","link":"https:\/\/www.st-georg-corps.de\/?p=3689","title":{"rendered":"Neuer K\u00f6nig der Bruderschaft: Alexander Schleip"},"content":{"rendered":"<p data-start=\"115\" data-end=\"324\">Am 18. August 2025 wurde <strong data-start=\"140\" data-end=\"161\">Alexander Schleip<\/strong>, neuer Sch\u00fctzenk\u00f6nig der St. Sebastianus Bruderschaft Lintorf. An seiner Seite steht seine Ehefrau <strong data-start=\"291\" data-end=\"309\">Marika Schleip<\/strong> als K\u00f6nigin.<\/p>\n<div id=\"attachment_3693\" style=\"width: 510px\" class=\"wp-caption aligncenter\"><a href=\"https:\/\/i0.wp.com\/www.st-georg-corps.de\/wp-content\/uploads\/2025\/08\/2025-08-18_Koenig-Alexander-Schleip.jpg\"><img data-recalc-dims=\"1\" loading=\"lazy\" decoding=\"async\" aria-describedby=\"caption-attachment-3693\" data-attachment-id=\"3693\" data-permalink=\"https:\/\/www.st-georg-corps.de\/?attachment_id=3693\" data-orig-file=\"https:\/\/i0.wp.com\/www.st-georg-corps.de\/wp-content\/uploads\/2025\/08\/2025-08-18_Koenig-Alexander-Schleip.jpg?fit=2000%2C1500&amp;ssl=1\" data-orig-size=\"2000,1500\" data-comments-opened=\"0\" data-image-meta=\"{&quot;aperture&quot;:&quot;1.8&quot;,&quot;credit&quot;:&quot;&quot;,&quot;camera&quot;:&quot;iPhone 14 Pro&quot;,&quot;caption&quot;:&quot;&quot;,&quot;created_timestamp&quot;:&quot;1755544351&quot;,&quot;copyright&quot;:&quot;&quot;,&quot;focal_length&quot;:&quot;6.86&quot;,&quot;iso&quot;:&quot;800&quot;,&quot;shutter_speed&quot;:&quot;0.028571428571429&quot;,&quot;title&quot;:&quot;&quot;,&quot;orientation&quot;:&quot;0&quot;}\" data-image-title=\"2025-08-18_K\u00f6nig-Alexander-Schleip\" data-image-description=\"\" data-image-caption=\"\" data-medium-file=\"https:\/\/i0.wp.com\/www.st-georg-corps.de\/wp-content\/uploads\/2025\/08\/2025-08-18_Koenig-Alexander-Schleip.jpg?fit=600%2C450&amp;ssl=1\" data-large-file=\"https:\/\/i0.wp.com\/www.st-georg-corps.de\/wp-content\/uploads\/2025\/08\/2025-08-18_Koenig-Alexander-Schleip.jpg?fit=860%2C645&amp;ssl=1\" class=\"wp-image-3693\" src=\"https:\/\/i0.wp.com\/www.st-georg-corps.de\/wp-content\/uploads\/2025\/08\/2025-08-18_Koenig-Alexander-Schleip.jpg?resize=500%2C375\" alt=\"\" width=\"500\" height=\"375\" srcset=\"https:\/\/i0.wp.com\/www.st-georg-corps.de\/wp-content\/uploads\/2025\/08\/2025-08-18_Koenig-Alexander-Schleip.jpg?resize=600%2C450&amp;ssl=1 600w, https:\/\/i0.wp.com\/www.st-georg-corps.de\/wp-content\/uploads\/2025\/08\/2025-08-18_Koenig-Alexander-Schleip.jpg?resize=1024%2C768&amp;ssl=1 1024w, https:\/\/i0.wp.com\/www.st-georg-corps.de\/wp-content\/uploads\/2025\/08\/2025-08-18_Koenig-Alexander-Schleip.jpg?resize=768%2C576&amp;ssl=1 768w, https:\/\/i0.wp.com\/www.st-georg-corps.de\/wp-content\/uploads\/2025\/08\/2025-08-18_Koenig-Alexander-Schleip.jpg?resize=1536%2C1152&amp;ssl=1 1536w, https:\/\/i0.wp.com\/www.st-georg-corps.de\/wp-content\/uploads\/2025\/08\/2025-08-18_Koenig-Alexander-Schleip.jpg?w=2000&amp;ssl=1 2000w, https:\/\/i0.wp.com\/www.st-georg-corps.de\/wp-content\/uploads\/2025\/08\/2025-08-18_Koenig-Alexander-Schleip.jpg?w=1720 1720w\" sizes=\"auto, (max-width: 500px) 100vw, 500px\" \/><\/a><p id=\"caption-attachment-3693\" class=\"wp-caption-text\">Alexander und Marika Schleip &#8211; K\u00f6nigspaar der Lintorfer Bruderschaft 2025<\/p><\/div>\n<p data-start=\"326\" data-end=\"568\">Der 1. Schriftf\u00fchrer des St. Georg Corps, der dieses Amt bereits seit \u00fcber zehn Jahren aus\u00fcbt, setzte sich im Wettkampf gegen <strong data-start=\"452\" data-end=\"468\">Frank Groten<\/strong> (ebenfalls St. Georg Corps) sowie <strong data-start=\"493\" data-end=\"513\">Ferdinand Jess <\/strong>und <strong data-start=\"518\" data-end=\"545\">Andreas Martin Schaller <\/strong>(Reitercorps) durch.<\/p>\n<p data-start=\"570\" data-end=\"739\">F\u00fcr Alexander ist es nicht die erste Regentschaft. Bereits 2012 war er Formationsk\u00f6nig des Corps, im vergangenen Jahr stellte das Ehepaar Schleip das Hahnenk\u00f6nigspaar.<\/p>\n<p data-start=\"188\" data-end=\"313\">Die gesamte Corps gratuliert Alexander und Marika besonders herzlich zur gro\u00dfen <strong>K\u00f6nigsw\u00fcrde 2025\/26<\/strong>. Wir sind stolz, dass mit Alexander ein langj\u00e4hriger und engagierter Kamerad aus dem St. Georg Corps den K\u00f6nigstitel errungen hat. Gemeinsam mit seiner Frau Marika wird er die Bruderschaft w\u00fcrdig vertreten.<\/p>\n<p data-start=\"188\" data-end=\"313\">Herzlichen Gl\u00fcckwunsch<\/p>\n","protected":false},"excerpt":{"rendered":"<p>Am 18. August 2025 wurde Alexander Schleip, neuer Sch\u00fctzenk\u00f6nig der St. Sebastianus Bruderschaft Lintorf. An seiner Seite steht seine Ehefrau Marika Schleip als K\u00f6nigin. Der 1. Schriftf\u00fchrer des St. Georg Corps, der dieses Amt bereits seit \u00fcber zehn Jahren aus\u00fcbt, setzte sich im Wettkampf gegen Frank Groten (ebenfalls St. Georg Corps) sowie Ferdinand Jess und Andreas Martin Schaller (Reitercorps) durch.<\/p>\n","protected":false},"author":2,"featured_media":0,"comment_status":"closed","ping_status":"open","sticky":false,"template":"","format":"standard","meta":{"ngg_post_thumbnail":0,"_jetpack_memberships_contains_paid_content":false,"footnotes":""},"categories":[8,6,4],"tags":[],"class_list":["post-3689","post","type-post","status-publish","format-standard","hentry","category-bruderschaft","category-corps","category-schuetzenfest"],"jetpack_featured_media_url":"","jetpack_shortlink":"https:\/\/wp.me\/p8O44P-Xv","jetpack-related-posts":[{"id":3772,"url":"https:\/\/www.st-georg-corps.de\/?p=3772","url_meta":{"origin":3689,"position":0},"title":"Neujahrsempfang 2026","author":"Ren\u00e9 Kupperian","date":"2026-01-19","format":false,"excerpt":"Am 18. Januar 2026 fand ab 12:00 Uhr der diesj\u00e4hrige Neujahrsempfang der Lintofer Sch\u00fctzenbruderschaft statt. Das amtierende K\u00f6nigspaar 2026, Alexander und Marika Schleip, konnte hierzu zahlreiche G\u00e4ste aus Politik, Wirtschaft, Brauchtum sowie aus der \"Blaulichtfamilie\" willkommen hei\u00dfen. Bruderschaftsk\u00f6nig Alexander sorgte gemeinsam mit seiner K\u00f6nigin Marika f\u00fcr das leibliche Wohl der\u2026","rel":"","context":"In &quot;Bruderschaft&quot;","block_context":{"text":"Bruderschaft","link":"https:\/\/www.st-georg-corps.de\/?cat=8"},"img":{"alt_text":"","src":"https:\/\/i0.wp.com\/www.st-georg-corps.de\/wp-content\/uploads\/2026\/01\/IMG_20260118_120025-600x450.jpg?resize=350%2C200","width":350,"height":200},"classes":[]},{"id":3712,"url":"https:\/\/www.st-georg-corps.de\/?p=3712","url_meta":{"origin":3689,"position":1},"title":"Hahnek\u00f6ppen am 13.09.2025","author":"Ren\u00e9 Kupperian","date":"2025-09-14","format":false,"excerpt":"Unser Hahnek\u00f6nigspaar Heike Leichtl und Leon Groten lud am 13. September 2025 zum traditionellen Hahnek\u00f6ppen in Tracht ein. Zahlreiche Mitglieder und G\u00e4ste folgten dieser Einladung. Unter den G\u00e4sten konnten wir auch das amtierende K\u00f6nigspaar der Lintorfer Bruderschaft Alexander Schleip mit seiner Marika begr\u00fc\u00dfen. Dar\u00fcber hinaus folgten zahlreiche Ehreng\u00e4ste aus den\u2026","rel":"","context":"In &quot;Corps&quot;","block_context":{"text":"Corps","link":"https:\/\/www.st-georg-corps.de\/?cat=6"},"img":{"alt_text":"","src":"https:\/\/i0.wp.com\/www.st-georg-corps.de\/wp-content\/uploads\/2025\/09\/2025-09-13_Hahnekoenig_und_Bruderschaftskoenih_klein-600x450.jpg?resize=350%2C200","width":350,"height":200},"classes":[]},{"id":3254,"url":"https:\/\/www.st-georg-corps.de\/?p=3254","url_meta":{"origin":3689,"position":2},"title":"Hahnek\u00f6ppen am 23.09.2023","author":"Ren\u00e9 Kupperian","date":"2023-09-24","format":false,"excerpt":"Am 23.Spetember 2023 war es wieder soweit, die St Georg Corps Familie begr\u00fc\u00dfte viele Freunde und G\u00e4ste zum diesj\u00e4hrigen Hahnek\u00f6ppen. Eingeladen hatten Hahnek\u00f6nigin Kerstin Sucker und Hahnek\u00f6nig Klaus Hobohm. Bei k\u00fchlem aber trockenen Wetter folgten dieser Einladung unter anderem, Bruderschaftsk\u00f6nig Werner Bach mit seiner K\u00f6nigin Tina, Kronprinz Philipp Kellersmann, Andreas\u2026","rel":"","context":"In &quot;Corps&quot;","block_context":{"text":"Corps","link":"https:\/\/www.st-georg-corps.de\/?cat=6"},"img":{"alt_text":"","src":"https:\/\/i0.wp.com\/www.st-georg-corps.de\/wp-content\/uploads\/2023\/09\/2023-Hahnekoenig-000-250x250.jpg?resize=350%2C200","width":350,"height":200},"classes":[]},{"id":3539,"url":"https:\/\/www.st-georg-corps.de\/?p=3539","url_meta":{"origin":3689,"position":3},"title":"Hahnek\u00f6ppen am 21.09.2024","author":"Ren\u00e9 Kupperian","date":"2024-09-23","format":false,"excerpt":"Am Samstag, den 21.09.2024 fand unser traditionelles Hahnek\u00f6ppen statt. Bei bestem Wetter konnte das amtierende Hahnek\u00f6nigspaar Marika und Alexander Schleip zahlreiche G\u00e4ste begr\u00fc\u00dfen. Unter den G\u00e4sten waren das Bruderschaftsk\u00f6nigspaar Andreas und Nicole Nie\u00df und der Brudermeister Werner Bach mit seiner Frau Martina. Als weiterer Gast konnte der 2. Vorsitzende der\u2026","rel":"","context":"In &quot;Corps&quot;","block_context":{"text":"Corps","link":"https:\/\/www.st-georg-corps.de\/?cat=6"},"img":{"alt_text":"","src":"https:\/\/i0.wp.com\/www.st-georg-corps.de\/wp-content\/uploads\/2024\/09\/2024-09-21_Hahnekoenigspaar-450x600.jpg?resize=350%2C200","width":350,"height":200},"classes":[]},{"id":3698,"url":"https:\/\/www.st-georg-corps.de\/?p=3698","url_meta":{"origin":3689,"position":4},"title":"R\u00fcckblick Sch\u00fctzenfest 2025","author":"Ren\u00e9 Kupperian","date":"2025-08-21","format":false,"excerpt":"Vier festliche Tage liegen hinter uns, vom Freitag bis zum Montag erlebten wir ein Sch\u00fctzenfest voller Tradition, Stimmung und Gemeinschaft. Der Freitagabend bildete den Auftakt des Programms: P\u00fcnktlich um 20:00 Uhr er\u00f6ffnete die Coverband Quer Beat das Fest im Zelt und sorgte mit ihrer Musik f\u00fcr ausgelassene Stimmung bis in\u2026","rel":"","context":"In &quot;Bruderschaft&quot;","block_context":{"text":"Bruderschaft","link":"https:\/\/www.st-georg-corps.de\/?cat=8"},"img":{"alt_text":"","src":"https:\/\/i0.wp.com\/www.st-georg-corps.de\/wp-content\/uploads\/2025\/08\/2025-08-16_Totenehrung_01_1200px-600x402.jpg?resize=350%2C200","width":350,"height":200},"classes":[]},{"id":2290,"url":"https:\/\/www.st-georg-corps.de\/?p=2290","url_meta":{"origin":3689,"position":5},"title":"K\u00f6nigsfest am 29.06.2019","author":"Ren\u00e9 Kupperian","date":"2019-06-30","format":false,"excerpt":"Ladies first, so startete um 15:00 Uhr das diesj\u00e4hrige K\u00f6nigsfest des St. Georg Corps. Als erster Punkt auf der Tagesordnung sollte die neue Salatk\u00f6nigin ermittelt werden. Wie die M\u00e4nner schie\u00dfen die Frauen dazu auf einen kompletten Vogel, den Salatvogel. Die Pf\u00e4nder holten sich in diesem Jahr die folgenden Damen:\u00a0Kopf: Heike\u2026","rel":"","context":"In &quot;Corps&quot;","block_context":{"text":"Corps","link":"https:\/\/www.st-georg-corps.de\/?cat=6"},"img":{"alt_text":"","src":"https:\/\/i0.wp.com\/www.st-georg-corps.de\/wp-content\/uploads\/2019\/06\/2019-06-29_Salatkoenigin_Kerstin-250x250.jpg?resize=350%2C200","width":350,"height":200},"classes":[]}],"jetpack_likes_enabled":false,"jetpack_sharing_enabled":true,"_links":{"self":[{"href":"https:\/\/www.st-georg-corps.de\/index.php?rest_route=\/wp\/v2\/posts\/3689","targetHints":{"allow":["GET"]}}],"collection":[{"href":"https:\/\/www.st-georg-corps.de\/index.php?rest_route=\/wp\/v2\/posts"}],"about":[{"href":"https:\/\/www.st-georg-corps.de\/index.php?rest_route=\/wp\/v2\/types\/post"}],"author":[{"embeddable":true,"href":"https:\/\/www.st-georg-corps.de\/index.php?rest_route=\/wp\/v2\/users\/2"}],"replies":[{"embeddable":true,"href":"https:\/\/www.st-georg-corps.de\/index.php?rest_route=%2Fwp%2Fv2%2Fcomments&post=3689"}],"version-history":[{"count":4,"href":"https:\/\/www.st-georg-corps.de\/index.php?rest_route=\/wp\/v2\/posts\/3689\/revisions"}],"predecessor-version":[{"id":3694,"href":"https:\/\/www.st-georg-corps.de\/index.php?rest_route=\/wp\/v2\/posts\/3689\/revisions\/3694"}],"wp:attachment":[{"href":"https:\/\/www.st-georg-corps.de\/index.php?rest_route=%2Fwp%2Fv2%2Fmedia&parent=3689"}],"wp:term":[{"taxonomy":"category","embeddable":true,"href":"https:\/\/www.st-georg-corps.de\/index.php?rest_route=%2Fwp%2Fv2%2Fcategories&post=3689"},{"taxonomy":"post_tag","embeddable":true,"href":"https:\/\/www.st-georg-corps.de\/index.php?rest_route=%2Fwp%2Fv2%2Ftags&post=3689"}],"curies":[{"name":"wp","href":"https:\/\/api.w.org\/{rel}","templated":true}]}}