{"id":3620,"date":"2025-05-23T17:20:33","date_gmt":"2025-05-23T15:20:33","guid":{"rendered":"https:\/\/www.st-georg-corps.de\/?p=3620"},"modified":"2025-05-23T17:21:46","modified_gmt":"2025-05-23T15:21:46","slug":"heribert-noetzold-ist-gestorben","status":"publish","type":"post","link":"https:\/\/www.st-georg-corps.de\/?p=3620","title":{"rendered":"Heribert N\u00f6tzold ist gestorben"},"content":{"rendered":"<p class=\"\" data-start=\"157\" data-end=\"285\"><img data-recalc-dims=\"1\" loading=\"lazy\" decoding=\"async\" data-attachment-id=\"3622\" data-permalink=\"https:\/\/www.st-georg-corps.de\/?attachment_id=3622\" data-orig-file=\"https:\/\/i0.wp.com\/www.st-georg-corps.de\/wp-content\/uploads\/2025\/05\/Noetzold-Heribert.png?fit=500%2C500&amp;ssl=1\" data-orig-size=\"500,500\" data-comments-opened=\"0\" data-image-meta=\"{&quot;aperture&quot;:&quot;0&quot;,&quot;credit&quot;:&quot;&quot;,&quot;camera&quot;:&quot;&quot;,&quot;caption&quot;:&quot;&quot;,&quot;created_timestamp&quot;:&quot;0&quot;,&quot;copyright&quot;:&quot;&quot;,&quot;focal_length&quot;:&quot;0&quot;,&quot;iso&quot;:&quot;0&quot;,&quot;shutter_speed&quot;:&quot;0&quot;,&quot;title&quot;:&quot;&quot;,&quot;orientation&quot;:&quot;0&quot;}\" data-image-title=\"N\u00f6tzold-Heribert\" data-image-description=\"\" data-image-caption=\"\" data-medium-file=\"https:\/\/i0.wp.com\/www.st-georg-corps.de\/wp-content\/uploads\/2025\/05\/Noetzold-Heribert.png?fit=500%2C500&amp;ssl=1\" data-large-file=\"https:\/\/i0.wp.com\/www.st-georg-corps.de\/wp-content\/uploads\/2025\/05\/Noetzold-Heribert.png?fit=500%2C500&amp;ssl=1\" class=\"alignleft wp-image-3622\" src=\"https:\/\/i0.wp.com\/www.st-georg-corps.de\/wp-content\/uploads\/2025\/05\/Noetzold-Heribert.png?resize=200%2C200\" alt=\"\" width=\"200\" height=\"200\" srcset=\"https:\/\/i0.wp.com\/www.st-georg-corps.de\/wp-content\/uploads\/2025\/05\/Noetzold-Heribert.png?resize=250%2C250&amp;ssl=1 250w, https:\/\/i0.wp.com\/www.st-georg-corps.de\/wp-content\/uploads\/2025\/05\/Noetzold-Heribert.png?resize=90%2C90&amp;ssl=1 90w, https:\/\/i0.wp.com\/www.st-georg-corps.de\/wp-content\/uploads\/2025\/05\/Noetzold-Heribert.png?resize=75%2C75&amp;ssl=1 75w, https:\/\/i0.wp.com\/www.st-georg-corps.de\/wp-content\/uploads\/2025\/05\/Noetzold-Heribert.png?w=500&amp;ssl=1 500w\" sizes=\"auto, (max-width: 200px) 100vw, 200px\" \/>Heribert N\u00f6tzold, von allen liebevoll Hebby genannt ist am 16.05.2025 nach kurzer schwerer Krankheit verstorben. Er war eine feste Gr\u00f6\u00dfe in Lintorf und weit \u00fcber die Ortsgrenzen hinaus bekannt, vor allem f\u00fcr sein Engagement im Lintorfer Handball.<\/p>\n<p class=\"\" data-start=\"287\" data-end=\"452\">Im Januar 2024 wurde ihm, auch wenn er selbst nicht anwesend sein konnte, die Ehrung f\u00fcr beeindruckende 40 Jahre Mitgliedschaft in der Lintorfer Sch\u00fctzenbruderschaft zuteil. In den letzten Jahren war Hebby seltener bei unseren Veranstaltungen dabei. Wenn er jedoch kam, dann war er mittendrin. Vor allem hinter der Theke, wo er fachkundig und tatkr\u00e4ftig mit anpackte. Rumstehen &#8211; das war nie sein Stil. Er war jemand, der gemacht hat auch wenn er bereits seit vielen Jahren als passives Mitglied gef\u00fchrt wurde.<\/p>\n<p class=\"\" data-start=\"756\" data-end=\"840\">Unser tief empfundenes Mitgef\u00fchl gilt seiner Familie und allen, die ihm nahestanden.<\/p>\n","protected":false},"excerpt":{"rendered":"<p>Heribert N\u00f6tzold, von allen liebevoll Hebby genannt ist am 16.05.2025 nach kurzer schwerer Krankheit verstorben. Er war eine feste Gr\u00f6\u00dfe in Lintorf und weit \u00fcber die Ortsgrenzen hinaus bekannt, vor allem f\u00fcr sein Engagement im Lintorfer Handball. Im Januar 2024 wurde ihm, auch wenn er selbst nicht anwesend sein konnte, die Ehrung f\u00fcr beeindruckende 40 Jahre Mitgliedschaft in der Lintorfer<\/p>\n","protected":false},"author":2,"featured_media":0,"comment_status":"closed","ping_status":"open","sticky":false,"template":"","format":"standard","meta":{"ngg_post_thumbnail":0,"_jetpack_memberships_contains_paid_content":false,"footnotes":""},"categories":[6],"tags":[],"class_list":["post-3620","post","type-post","status-publish","format-standard","hentry","category-corps"],"jetpack_featured_media_url":"","jetpack_shortlink":"https:\/\/wp.me\/p8O44P-Wo","jetpack-related-posts":[{"id":3513,"url":"https:\/\/www.st-georg-corps.de\/?p=3513","url_meta":{"origin":3620,"position":0},"title":"Dieter Rubner ist am 13. September eingeschlafen","author":"Ren\u00e9 Kupperian","date":"2024-09-14","format":false,"excerpt":"Am 13. September 2024 ist nach langer und schwerer Krankheit unser \"Horchemal\" Dieter Josef Rubner im Alter von 80 Jahren verstorben. Das Brauchtum und das Sch\u00fctzenwesen das hat Dieter sehr geliebt. \u00dcberhaupt hat er Menschen geliebt und etwas f\u00fcr einen guten Zwecke zu tun. Er war 14 Jahre Brudermeister der\u2026","rel":"","context":"In &quot;Corps&quot;","block_context":{"text":"Corps","link":"https:\/\/www.st-georg-corps.de\/?cat=6"},"img":{"alt_text":"","src":"https:\/\/i0.wp.com\/www.st-georg-corps.de\/wp-content\/uploads\/2024\/09\/2024-09-14_Dieter-Rubner-SW-600x600.jpg?resize=350%2C200","width":350,"height":200},"classes":[]},{"id":2271,"url":"https:\/\/www.st-georg-corps.de\/?p=2271","url_meta":{"origin":3620,"position":1},"title":"Werner Michael gestorben","author":"Ren\u00e9 Kupperian","date":"2019-05-27","format":false,"excerpt":"Das St. Georg Corps trauert um Werner Michael der am vergangenen Sonntag (26. Mai) nach langer Krankheit im Alter von 72 Jahren verstorben ist. Werner war seit 1964 Mitglied des Corps. Zwei Jahre sp\u00e4ter gelang ihm 1966 der Schuss auf den K\u00f6nigsvogel und er wurde der dritte Corps-K\u00f6nig. Im gleichen\u2026","rel":"","context":"In &quot;Corps&quot;","block_context":{"text":"Corps","link":"https:\/\/www.st-georg-corps.de\/?cat=6"},"img":{"alt_text":"","src":"https:\/\/i0.wp.com\/www.st-georg-corps.de\/wp-content\/uploads\/2019\/05\/Werner-Michael-Rahmen-250x250.jpeg?resize=350%2C200","width":350,"height":200},"classes":[]},{"id":3064,"url":"https:\/\/www.st-georg-corps.de\/?p=3064","url_meta":{"origin":3620,"position":2},"title":"Jahreshauptversammlung 2023","author":"Ren\u00e9 Kupperian","date":"2023-01-15","format":false,"excerpt":"Mit der Jahreshauptversammlung (JHV) startet das St. Georg Corps am 13.01.2023\u00a0in das 60. Jahr Vereinsgeschichte. Klaus Hobohm hatte wieder Gr\u00fcnkohl mit Mettwurst und Kassler zubereitet um den Abend geb\u00fchrend zu starten. Auf Vorschlag des Vorsitzenden Jens J\u00f6rgens wurde die JHV der Montasversammlung\u00a0vorgezogen. Zum Alterspr\u00e4sident wurde in diesem Jahr Wilfried Kr\u00f6ll\u2026","rel":"","context":"In &quot;Corps&quot;","block_context":{"text":"Corps","link":"https:\/\/www.st-georg-corps.de\/?cat=6"},"img":{"alt_text":"","src":"https:\/\/i0.wp.com\/www.st-georg-corps.de\/wp-content\/uploads\/2018\/01\/St-Georg-Klein-200x250.png?resize=350%2C200","width":350,"height":200},"classes":[]},{"id":2803,"url":"https:\/\/www.st-georg-corps.de\/?p=2803","url_meta":{"origin":3620,"position":3},"title":"14.08.2021 Sch\u00fctzenfest abgesagt! Nicht ganz \u2026","author":"Ren\u00e9 Kupperian","date":"2021-08-23","format":false,"excerpt":"Aufgrund der Corona Pandemie wurde das Lintorfer Sch\u00fctzenfest bereits zum zweiten Mal in Folge abgesagt. Vereinsintern waren in diesem Jahr wieder Veranstaltungen gestattet und so beschloss das St. Georg Corps das Sch\u00fctzenfest, zumindest am Samstag, in einem eigenen Rahmen zu begehen. Traditionsgem\u00e4\u00df startet das Corps den \u201eSch\u00fctzenfestsamstag\u201c auf dem Lintorfer\u2026","rel":"","context":"In &quot;Corps&quot;","block_context":{"text":"Corps","link":"https:\/\/www.st-georg-corps.de\/?cat=6"},"img":{"alt_text":"","src":"https:\/\/i0.wp.com\/www.st-georg-corps.de\/wp-content\/uploads\/2021\/08\/2021-08-14-11-250x250.jpg?resize=350%2C200","width":350,"height":200},"classes":[]},{"id":3689,"url":"https:\/\/www.st-georg-corps.de\/?p=3689","url_meta":{"origin":3620,"position":4},"title":"Neuer K\u00f6nig der Bruderschaft: Alexander Schleip","author":"Ren\u00e9 Kupperian","date":"2025-08-21","format":false,"excerpt":"Am 18. August 2025 wurde Alexander Schleip, neuer Sch\u00fctzenk\u00f6nig der St. Sebastianus Bruderschaft Lintorf. An seiner Seite steht seine Ehefrau Marika Schleip als K\u00f6nigin. Der 1. Schriftf\u00fchrer des St. Georg Corps, der dieses Amt bereits seit \u00fcber zehn Jahren aus\u00fcbt, setzte sich im Wettkampf gegen Frank Groten (ebenfalls St. Georg\u2026","rel":"","context":"In &quot;Bruderschaft&quot;","block_context":{"text":"Bruderschaft","link":"https:\/\/www.st-georg-corps.de\/?cat=8"},"img":{"alt_text":"","src":"https:\/\/i0.wp.com\/www.st-georg-corps.de\/wp-content\/uploads\/2025\/08\/2025-08-18_Koenig-Alexander-Schleip-600x450.jpg?resize=350%2C200","width":350,"height":200},"classes":[]},{"id":3007,"url":"https:\/\/www.st-georg-corps.de\/?p=3007","url_meta":{"origin":3620,"position":5},"title":"Hauptversammlung der Bruderschaft 2022","author":"Ren\u00e9 Kupperian","date":"2022-09-19","format":false,"excerpt":"Zu einem ungew\u00f6hnlichen Datum, am 18.09.2022 fand die j\u00e4hrliche Hauptversammlung der Lintorfer Bruderschaft statt. Mit einem einstimmigen Ergebnis wurde unser 2. Vorsitzender Frank Groten zum 2. Vorsitzenden der Bruderschaft gew\u00e4hlt. Er wird in diesem Amt den ebenfalls neu gew\u00e4hlten 1. Vorsitzenden und Chef der Bruderschaft Andreas Kellersmann, der\u00a0seit 2020 Mitglied\u2026","rel":"","context":"In &quot;Bruderschaft&quot;","block_context":{"text":"Bruderschaft","link":"https:\/\/www.st-georg-corps.de\/?cat=8"},"img":{"alt_text":"","src":"https:\/\/i0.wp.com\/www.st-georg-corps.de\/wp-content\/uploads\/2022\/09\/Groten-Frank-250x250.jpg?resize=350%2C200","width":350,"height":200},"classes":[]}],"jetpack_likes_enabled":false,"jetpack_sharing_enabled":true,"_links":{"self":[{"href":"https:\/\/www.st-georg-corps.de\/index.php?rest_route=\/wp\/v2\/posts\/3620","targetHints":{"allow":["GET"]}}],"collection":[{"href":"https:\/\/www.st-georg-corps.de\/index.php?rest_route=\/wp\/v2\/posts"}],"about":[{"href":"https:\/\/www.st-georg-corps.de\/index.php?rest_route=\/wp\/v2\/types\/post"}],"author":[{"embeddable":true,"href":"https:\/\/www.st-georg-corps.de\/index.php?rest_route=\/wp\/v2\/users\/2"}],"replies":[{"embeddable":true,"href":"https:\/\/www.st-georg-corps.de\/index.php?rest_route=%2Fwp%2Fv2%2Fcomments&post=3620"}],"version-history":[{"count":3,"href":"https:\/\/www.st-georg-corps.de\/index.php?rest_route=\/wp\/v2\/posts\/3620\/revisions"}],"predecessor-version":[{"id":3624,"href":"https:\/\/www.st-georg-corps.de\/index.php?rest_route=\/wp\/v2\/posts\/3620\/revisions\/3624"}],"wp:attachment":[{"href":"https:\/\/www.st-georg-corps.de\/index.php?rest_route=%2Fwp%2Fv2%2Fmedia&parent=3620"}],"wp:term":[{"taxonomy":"category","embeddable":true,"href":"https:\/\/www.st-georg-corps.de\/index.php?rest_route=%2Fwp%2Fv2%2Fcategories&post=3620"},{"taxonomy":"post_tag","embeddable":true,"href":"https:\/\/www.st-georg-corps.de\/index.php?rest_route=%2Fwp%2Fv2%2Ftags&post=3620"}],"curies":[{"name":"wp","href":"https:\/\/api.w.org\/{rel}","templated":true}]}}