{"id":3600,"date":"2025-02-18T19:36:43","date_gmt":"2025-02-18T18:36:43","guid":{"rendered":"https:\/\/www.st-georg-corps.de\/?p=3600"},"modified":"2025-02-18T19:36:43","modified_gmt":"2025-02-18T18:36:43","slug":"jahreshauptversammlung-2025","status":"publish","type":"post","link":"https:\/\/www.st-georg-corps.de\/?p=3600","title":{"rendered":"Jahreshauptversammlung 2025"},"content":{"rendered":"<p><img data-recalc-dims=\"1\" loading=\"lazy\" decoding=\"async\" data-attachment-id=\"3342\" data-permalink=\"https:\/\/www.st-georg-corps.de\/?attachment_id=3342\" data-orig-file=\"https:\/\/i0.wp.com\/www.st-georg-corps.de\/wp-content\/uploads\/2024\/01\/Logo-SGC-002_2000px.png?fit=2000%2C2000&amp;ssl=1\" data-orig-size=\"2000,2000\" data-comments-opened=\"0\" data-image-meta=\"{&quot;aperture&quot;:&quot;0&quot;,&quot;credit&quot;:&quot;&quot;,&quot;camera&quot;:&quot;&quot;,&quot;caption&quot;:&quot;&quot;,&quot;created_timestamp&quot;:&quot;0&quot;,&quot;copyright&quot;:&quot;&quot;,&quot;focal_length&quot;:&quot;0&quot;,&quot;iso&quot;:&quot;0&quot;,&quot;shutter_speed&quot;:&quot;0&quot;,&quot;title&quot;:&quot;&quot;,&quot;orientation&quot;:&quot;0&quot;}\" data-image-title=\"St. Georg Corps Lintorf 1963 e.V.\" data-image-description=\"\" data-image-caption=\"\" data-medium-file=\"https:\/\/i0.wp.com\/www.st-georg-corps.de\/wp-content\/uploads\/2024\/01\/Logo-SGC-002_2000px.png?fit=600%2C600&amp;ssl=1\" data-large-file=\"https:\/\/i0.wp.com\/www.st-georg-corps.de\/wp-content\/uploads\/2024\/01\/Logo-SGC-002_2000px.png?fit=860%2C860&amp;ssl=1\" class=\"alignright wp-image-3342 size-thumbnail\" src=\"https:\/\/i0.wp.com\/www.st-georg-corps.de\/wp-content\/uploads\/2024\/01\/Logo-SGC-002_2000px.png?resize=250%2C250\" alt=\"St. Georg Corps Lintorf 1963 e.V.\" width=\"250\" height=\"250\" srcset=\"https:\/\/i0.wp.com\/www.st-georg-corps.de\/wp-content\/uploads\/2024\/01\/Logo-SGC-002_2000px.png?resize=250%2C250&amp;ssl=1 250w, https:\/\/i0.wp.com\/www.st-georg-corps.de\/wp-content\/uploads\/2024\/01\/Logo-SGC-002_2000px.png?resize=600%2C600&amp;ssl=1 600w, https:\/\/i0.wp.com\/www.st-georg-corps.de\/wp-content\/uploads\/2024\/01\/Logo-SGC-002_2000px.png?resize=1024%2C1024&amp;ssl=1 1024w, https:\/\/i0.wp.com\/www.st-georg-corps.de\/wp-content\/uploads\/2024\/01\/Logo-SGC-002_2000px.png?resize=768%2C768&amp;ssl=1 768w, https:\/\/i0.wp.com\/www.st-georg-corps.de\/wp-content\/uploads\/2024\/01\/Logo-SGC-002_2000px.png?resize=1536%2C1536&amp;ssl=1 1536w, https:\/\/i0.wp.com\/www.st-georg-corps.de\/wp-content\/uploads\/2024\/01\/Logo-SGC-002_2000px.png?resize=90%2C90&amp;ssl=1 90w, https:\/\/i0.wp.com\/www.st-georg-corps.de\/wp-content\/uploads\/2024\/01\/Logo-SGC-002_2000px.png?resize=75%2C75&amp;ssl=1 75w, https:\/\/i0.wp.com\/www.st-georg-corps.de\/wp-content\/uploads\/2024\/01\/Logo-SGC-002_2000px.png?w=2000&amp;ssl=1 2000w, https:\/\/i0.wp.com\/www.st-georg-corps.de\/wp-content\/uploads\/2024\/01\/Logo-SGC-002_2000px.png?w=1720 1720w\" sizes=\"auto, (max-width: 250px) 100vw, 250px\" \/>Nach der Monatsversammlung am 17.01.2025 fand die Jahreshauptversammlung (JHV) des St. Georg Corps statt. Zur Einstimmung auf den Abend hatte Klaus Hobohm traditionel Gr\u00fcnkohl mit Mettwurst zubereitet.<\/p>\n<p>In diesem Jahr wurde Ewald Butenberg zum Alterspr\u00e4sidenten ernannt. Er stellte den Antrag auf Entlastung des Vorstands und leitete anschlie\u00dfend die Wahl des ersten Vorsitzenden. Jens J\u00f6rgens kandidierte erneut f\u00fcr das Amt des und wurde einstimmig wiedergew\u00e4hlt.<\/p>\n<p>Nach seiner Wiederwahl bedankte sich Jens f\u00fcr das entgegengebrachte Vertrauen und f\u00fchrte die weiteren Wahlen durch, die ebenfalls einstimmig ausfielen.<\/p>\n<p>Die Schriftf\u00fchrer Alexander Schleip und Ren\u00e9 Kupperian sowie die Kassierer Maurice Groten und Daniel Cremerius wurden in ihren \u00c4mtern best\u00e4tigt.<\/p>\n<p><a href=\"https:\/\/www.st-georg-corps.de\/?page_id=29\" target=\"_blank\" rel=\"noopener\">Die weitere Besetzung des Vorstands kann hier nachgelesen werden.<\/a><\/p>\n","protected":false},"excerpt":{"rendered":"<p>Nach der Monatsversammlung am 17.01.2025 fand die Jahreshauptversammlung (JHV) des St. Georg Corps statt. Zur Einstimmung auf den Abend hatte Klaus Hobohm traditionel Gr\u00fcnkohl mit Mettwurst zubereitet. In diesem Jahr wurde Ewald Butenberg zum Alterspr\u00e4sidenten ernannt. Er stellte den Antrag auf Entlastung des Vorstands und leitete anschlie\u00dfend die Wahl des ersten Vorsitzenden. Jens J\u00f6rgens kandidierte erneut f\u00fcr das Amt des<\/p>\n","protected":false},"author":2,"featured_media":0,"comment_status":"closed","ping_status":"open","sticky":false,"template":"","format":"standard","meta":{"ngg_post_thumbnail":0,"_jetpack_memberships_contains_paid_content":false,"footnotes":""},"categories":[6],"tags":[],"class_list":["post-3600","post","type-post","status-publish","format-standard","hentry","category-corps"],"jetpack_featured_media_url":"","jetpack_shortlink":"https:\/\/wp.me\/p8O44P-W4","jetpack-related-posts":[{"id":2622,"url":"https:\/\/www.st-georg-corps.de\/?p=2622","url_meta":{"origin":3600,"position":0},"title":"Jahreshauptversammlung 2020","author":"Ren\u00e9 Kupperian","date":"2020-01-12","format":false,"excerpt":"Am 10.01.2020 fand die Jahreshauptversammlung des Sankt Georg Corps 1963 Lintorf e.V. statt. Der Vorsitzende Jens J\u00f6rgens konnte 30 stimmberechtigte Mitglieder, 3 Jungsch\u00fctzen und als Gast Daniel Cremerius begr\u00fc\u00dfen. Der Abend begann traditionell mit einem leckeren Teller Gr\u00fcnkohl, geliefert von unserem Versorgungsoffizier Klaus Hobohm. Danke Klaus, es hat mal wieder\u2026","rel":"","context":"In &quot;Corps&quot;","block_context":{"text":"Corps","link":"https:\/\/www.st-georg-corps.de\/?cat=6"},"img":{"alt_text":"","src":"https:\/\/i0.wp.com\/www.st-georg-corps.de\/wp-content\/uploads\/2018\/01\/St-Georg-Klein.png?resize=350%2C200","width":350,"height":200},"classes":[]},{"id":3750,"url":"https:\/\/www.st-georg-corps.de\/?p=3750","url_meta":{"origin":3600,"position":1},"title":"Jahreshauptversammlung am 09.01.2026","author":"Ren\u00e9 Kupperian","date":"2026-01-11","format":false,"excerpt":"Nach der Monatsversammlung am 09.01.2026 fand die Jahreshauptversammlung (JHV) des St. Georg Corps statt. Zur Einstimmung auf den Abend hatte Klaus Hobohm wie gewohnt Gr\u00fcnkohl mit Mettwurst zubereitet. In diesem Jahr wurde wieder Ewald Butenberg zum Alterspr\u00e4sidenten bestimmt. Er stellte den Antrag auf Entlastung des Vorstands und \u00fcbernahm anschlie\u00dfend die\u2026","rel":"","context":"In &quot;Corps&quot;","block_context":{"text":"Corps","link":"https:\/\/www.st-georg-corps.de\/?cat=6"},"img":{"alt_text":"St. Georg Corps Lintorf 1963 e.V.","src":"https:\/\/i0.wp.com\/www.st-georg-corps.de\/wp-content\/uploads\/2024\/01\/Logo-SGC-002_2000px-600x600.png?resize=350%2C200","width":350,"height":200},"classes":[]},{"id":259,"url":"https:\/\/www.st-georg-corps.de\/?p=259","url_meta":{"origin":3600,"position":2},"title":"Jahreshauptversammlung","author":"Ren\u00e9 Kupperian","date":"2017-01-20","format":false,"excerpt":"Jahreshauptversammlung am 20. Janur 2017 Am 20. Januar versammelten sich die Mitglieder des St. Georg Corps zur allj\u00e4hrlichen Jahreshauptversammlung im Clubeigenen Vereinshaus. Der Vorsitzende, Wilfried Kr\u00f6ll, konnte 39 der 41 aktiven Mitglieder begr\u00fc\u00dfen. In einer Schweigeminute gedachte man der Verstorbenen. Hiernach verlas der Schriftf\u00fchrer, Klaus Bilzer, das Protokoll der letzten\u2026","rel":"","context":"In &quot;Corps&quot;","block_context":{"text":"Corps","link":"https:\/\/www.st-georg-corps.de\/?cat=6"},"img":{"alt_text":"","src":"","width":0,"height":0},"classes":[]},{"id":3064,"url":"https:\/\/www.st-georg-corps.de\/?p=3064","url_meta":{"origin":3600,"position":3},"title":"Jahreshauptversammlung 2023","author":"Ren\u00e9 Kupperian","date":"2023-01-15","format":false,"excerpt":"Mit der Jahreshauptversammlung (JHV) startet das St. Georg Corps am 13.01.2023\u00a0in das 60. Jahr Vereinsgeschichte. Klaus Hobohm hatte wieder Gr\u00fcnkohl mit Mettwurst und Kassler zubereitet um den Abend geb\u00fchrend zu starten. Auf Vorschlag des Vorsitzenden Jens J\u00f6rgens wurde die JHV der Montasversammlung\u00a0vorgezogen. Zum Alterspr\u00e4sident wurde in diesem Jahr Wilfried Kr\u00f6ll\u2026","rel":"","context":"In &quot;Corps&quot;","block_context":{"text":"Corps","link":"https:\/\/www.st-georg-corps.de\/?cat=6"},"img":{"alt_text":"","src":"https:\/\/i0.wp.com\/www.st-georg-corps.de\/wp-content\/uploads\/2018\/01\/St-Georg-Klein-200x250.png?resize=350%2C200","width":350,"height":200},"classes":[]},{"id":2159,"url":"https:\/\/www.st-georg-corps.de\/?p=2159","url_meta":{"origin":3600,"position":4},"title":"Jahreshauptversammlung 2019","author":"Ren\u00e9 Kupperian","date":"2019-01-20","format":false,"excerpt":"Am 18.01 fand die Jahreshauptversammlung des Sankt Georg Corps 1963 Lintorf e.V. statt. Der Vorsitzende Jens J\u00f6rgen konnte 28 der 45 Mitglieder begr\u00fc\u00dfen. Der Abend begann traditionel mit einem leckeren Teller Gr\u00fcnkohl zubereitet von unserem lieben Klaus Hobohm. Danke Klaus, es hat mal wieder sehr gut geschmeckt.\u00a0 Zun\u00e4chst gedachte man\u2026","rel":"","context":"In &quot;Corps&quot;","block_context":{"text":"Corps","link":"https:\/\/www.st-georg-corps.de\/?cat=6"},"img":{"alt_text":"","src":"https:\/\/i0.wp.com\/www.st-georg-corps.de\/wp-content\/uploads\/2018\/01\/St-Georg-Klein.png?resize=350%2C200","width":350,"height":200},"classes":[]},{"id":3330,"url":"https:\/\/www.st-georg-corps.de\/?p=3330","url_meta":{"origin":3600,"position":5},"title":"Jahreshauptversammlung 2024","author":"Ren\u00e9 Kupperian","date":"2024-01-13","format":false,"excerpt":"Nach der Montasversammlung am 12.01.2024 fand die Jahreshauptversammlung (JHV) des St. Georg Corps statt. Klaus Hobohm hatte wieder Gr\u00fcnkohl mit Mettwurst zubereitet um den Abend geb\u00fchrend zu starten. Zum Alterspr\u00e4sident wurde in diesem Jahr Dieter Rubner benannt. Dieter stellte den Antrag auf Entlastung des Vorstands und f\u00fchrte dann die Wahl\u2026","rel":"","context":"In &quot;Corps&quot;","block_context":{"text":"Corps","link":"https:\/\/www.st-georg-corps.de\/?cat=6"},"img":{"alt_text":"St. Georg Corps Lintorf 1963 e.V.","src":"https:\/\/i0.wp.com\/www.st-georg-corps.de\/wp-content\/uploads\/2024\/01\/Logo-SGC-002_2000px-250x250.png?resize=350%2C200","width":350,"height":200},"classes":[]}],"jetpack_likes_enabled":false,"jetpack_sharing_enabled":true,"_links":{"self":[{"href":"https:\/\/www.st-georg-corps.de\/index.php?rest_route=\/wp\/v2\/posts\/3600","targetHints":{"allow":["GET"]}}],"collection":[{"href":"https:\/\/www.st-georg-corps.de\/index.php?rest_route=\/wp\/v2\/posts"}],"about":[{"href":"https:\/\/www.st-georg-corps.de\/index.php?rest_route=\/wp\/v2\/types\/post"}],"author":[{"embeddable":true,"href":"https:\/\/www.st-georg-corps.de\/index.php?rest_route=\/wp\/v2\/users\/2"}],"replies":[{"embeddable":true,"href":"https:\/\/www.st-georg-corps.de\/index.php?rest_route=%2Fwp%2Fv2%2Fcomments&post=3600"}],"version-history":[{"count":1,"href":"https:\/\/www.st-georg-corps.de\/index.php?rest_route=\/wp\/v2\/posts\/3600\/revisions"}],"predecessor-version":[{"id":3601,"href":"https:\/\/www.st-georg-corps.de\/index.php?rest_route=\/wp\/v2\/posts\/3600\/revisions\/3601"}],"wp:attachment":[{"href":"https:\/\/www.st-georg-corps.de\/index.php?rest_route=%2Fwp%2Fv2%2Fmedia&parent=3600"}],"wp:term":[{"taxonomy":"category","embeddable":true,"href":"https:\/\/www.st-georg-corps.de\/index.php?rest_route=%2Fwp%2Fv2%2Fcategories&post=3600"},{"taxonomy":"post_tag","embeddable":true,"href":"https:\/\/www.st-georg-corps.de\/index.php?rest_route=%2Fwp%2Fv2%2Ftags&post=3600"}],"curies":[{"name":"wp","href":"https:\/\/api.w.org\/{rel}","templated":true}]}}