{"id":3582,"date":"2024-12-16T17:35:38","date_gmt":"2024-12-16T16:35:38","guid":{"rendered":"https:\/\/www.st-georg-corps.de\/?p=3582"},"modified":"2024-12-17T11:18:27","modified_gmt":"2024-12-17T10:18:27","slug":"weihnachtsfeier-am-14-dezember-2024","status":"publish","type":"post","link":"https:\/\/www.st-georg-corps.de\/?p=3582","title":{"rendered":"Weihnachtsfeier am 14. Dezember 2024"},"content":{"rendered":"<p><a href=\"https:\/\/i0.wp.com\/www.st-georg-corps.de\/wp-content\/uploads\/2024\/12\/2024-12-14_Weihnachtsfeier_01_1600px.jpg\"><img data-recalc-dims=\"1\" loading=\"lazy\" decoding=\"async\" data-attachment-id=\"3588\" data-permalink=\"https:\/\/www.st-georg-corps.de\/?attachment_id=3588\" data-orig-file=\"https:\/\/i0.wp.com\/www.st-georg-corps.de\/wp-content\/uploads\/2024\/12\/2024-12-14_Weihnachtsfeier_01_1600px.jpg?fit=1600%2C1600&amp;ssl=1\" data-orig-size=\"1600,1600\" data-comments-opened=\"0\" data-image-meta=\"{&quot;aperture&quot;:&quot;0&quot;,&quot;credit&quot;:&quot;&quot;,&quot;camera&quot;:&quot;&quot;,&quot;caption&quot;:&quot;&quot;,&quot;created_timestamp&quot;:&quot;0&quot;,&quot;copyright&quot;:&quot;&quot;,&quot;focal_length&quot;:&quot;0&quot;,&quot;iso&quot;:&quot;0&quot;,&quot;shutter_speed&quot;:&quot;0&quot;,&quot;title&quot;:&quot;&quot;,&quot;orientation&quot;:&quot;0&quot;}\" data-image-title=\"2024-12-14_Weihnachtsfeier_01_1600px\" data-image-description=\"\" data-image-caption=\"\" data-medium-file=\"https:\/\/i0.wp.com\/www.st-georg-corps.de\/wp-content\/uploads\/2024\/12\/2024-12-14_Weihnachtsfeier_01_1600px.jpg?fit=600%2C600&amp;ssl=1\" data-large-file=\"https:\/\/i0.wp.com\/www.st-georg-corps.de\/wp-content\/uploads\/2024\/12\/2024-12-14_Weihnachtsfeier_01_1600px.jpg?fit=860%2C860&amp;ssl=1\" class=\"alignleft size-thumbnail wp-image-3588\" src=\"https:\/\/i0.wp.com\/www.st-georg-corps.de\/wp-content\/uploads\/2024\/12\/2024-12-14_Weihnachtsfeier_01_1600px.jpg?resize=250%2C250\" alt=\"\" width=\"250\" height=\"250\" srcset=\"https:\/\/i0.wp.com\/www.st-georg-corps.de\/wp-content\/uploads\/2024\/12\/2024-12-14_Weihnachtsfeier_01_1600px.jpg?resize=250%2C250&amp;ssl=1 250w, https:\/\/i0.wp.com\/www.st-georg-corps.de\/wp-content\/uploads\/2024\/12\/2024-12-14_Weihnachtsfeier_01_1600px.jpg?resize=600%2C600&amp;ssl=1 600w, https:\/\/i0.wp.com\/www.st-georg-corps.de\/wp-content\/uploads\/2024\/12\/2024-12-14_Weihnachtsfeier_01_1600px.jpg?resize=1024%2C1024&amp;ssl=1 1024w, https:\/\/i0.wp.com\/www.st-georg-corps.de\/wp-content\/uploads\/2024\/12\/2024-12-14_Weihnachtsfeier_01_1600px.jpg?resize=768%2C768&amp;ssl=1 768w, https:\/\/i0.wp.com\/www.st-georg-corps.de\/wp-content\/uploads\/2024\/12\/2024-12-14_Weihnachtsfeier_01_1600px.jpg?resize=1536%2C1536&amp;ssl=1 1536w, https:\/\/i0.wp.com\/www.st-georg-corps.de\/wp-content\/uploads\/2024\/12\/2024-12-14_Weihnachtsfeier_01_1600px.jpg?resize=90%2C90&amp;ssl=1 90w, https:\/\/i0.wp.com\/www.st-georg-corps.de\/wp-content\/uploads\/2024\/12\/2024-12-14_Weihnachtsfeier_01_1600px.jpg?resize=75%2C75&amp;ssl=1 75w, https:\/\/i0.wp.com\/www.st-georg-corps.de\/wp-content\/uploads\/2024\/12\/2024-12-14_Weihnachtsfeier_01_1600px.jpg?w=1600&amp;ssl=1 1600w\" sizes=\"auto, (max-width: 250px) 100vw, 250px\" \/><\/a>Am 14. Dezember 2024 fand die Weihnachtsfeier des St. Georg Corps im festlich geschm\u00fcckten Clubhaus statt. Die Mitglieder und ihre Frauen kamen zusammen, um das Jahr gemeinsam ausklingen zu lassen.<\/p>\n<p>P\u00fcnktlich um 18:15 Uhr \u00fcberraschte Nikolaus Herbert Hirsch die anwesenden Kinder mit kleinen Geschenken, die f\u00fcr leuchtende Augen und weihnachtliche Vorfreude sorgten.<\/p>\n<p>Auch in diesem Jahr bereitete Marcus Leichtl das Abendessen zu. G\u00e4nsekeulen mit Rotkohl und Kl\u00f6\u00dfen standen auf dem Men\u00fc, die den weihnachtlichen Charakter der Feier unterstrichen und f\u00fcr einen gelungenen Abschluss sorgten.<\/p>\n<p>In einer kurzen Ansprache gedachte der Vorsitzende Jens J\u00f6rgens zun\u00e4chst der vier Mitglieder, die das Corps in diesem Jahr verloren hat, und sprach allen Familien sein Mitgef\u00fchl aus. Danach zog er ein Res\u00fcmee zum nahezu abgeschlossenen K\u00fcchenumbau. Ein besonderer Dank ging dabei an Stefan Frohnhoff und Frank Groten, die mit ihrem Einsatz ma\u00dfgeblich zum Gelingen des Projekts beigetragen haben.<\/p>\n<p><a href=\"https:\/\/i0.wp.com\/www.st-georg-corps.de\/wp-content\/uploads\/2024\/12\/2024-12-14_Weihnachtsfeier_03_1600px.jpg\"><img data-recalc-dims=\"1\" loading=\"lazy\" decoding=\"async\" data-attachment-id=\"3591\" data-permalink=\"https:\/\/www.st-georg-corps.de\/?attachment_id=3591\" data-orig-file=\"https:\/\/i0.wp.com\/www.st-georg-corps.de\/wp-content\/uploads\/2024\/12\/2024-12-14_Weihnachtsfeier_03_1600px.jpg?fit=1600%2C1200&amp;ssl=1\" data-orig-size=\"1600,1200\" data-comments-opened=\"0\" data-image-meta=\"{&quot;aperture&quot;:&quot;0&quot;,&quot;credit&quot;:&quot;&quot;,&quot;camera&quot;:&quot;&quot;,&quot;caption&quot;:&quot;&quot;,&quot;created_timestamp&quot;:&quot;0&quot;,&quot;copyright&quot;:&quot;&quot;,&quot;focal_length&quot;:&quot;0&quot;,&quot;iso&quot;:&quot;0&quot;,&quot;shutter_speed&quot;:&quot;0&quot;,&quot;title&quot;:&quot;&quot;,&quot;orientation&quot;:&quot;0&quot;}\" data-image-title=\"2024-12-14_Weihnachtsfeier_03_1600px\" data-image-description=\"\" data-image-caption=\"\" data-medium-file=\"https:\/\/i0.wp.com\/www.st-georg-corps.de\/wp-content\/uploads\/2024\/12\/2024-12-14_Weihnachtsfeier_03_1600px.jpg?fit=600%2C450&amp;ssl=1\" data-large-file=\"https:\/\/i0.wp.com\/www.st-georg-corps.de\/wp-content\/uploads\/2024\/12\/2024-12-14_Weihnachtsfeier_03_1600px.jpg?fit=860%2C645&amp;ssl=1\" class=\"aligncenter size-medium wp-image-3591\" src=\"https:\/\/i0.wp.com\/www.st-georg-corps.de\/wp-content\/uploads\/2024\/12\/2024-12-14_Weihnachtsfeier_03_1600px.jpg?resize=600%2C450\" alt=\"\" width=\"600\" height=\"450\" srcset=\"https:\/\/i0.wp.com\/www.st-georg-corps.de\/wp-content\/uploads\/2024\/12\/2024-12-14_Weihnachtsfeier_03_1600px.jpg?resize=600%2C450&amp;ssl=1 600w, https:\/\/i0.wp.com\/www.st-georg-corps.de\/wp-content\/uploads\/2024\/12\/2024-12-14_Weihnachtsfeier_03_1600px.jpg?resize=1024%2C768&amp;ssl=1 1024w, https:\/\/i0.wp.com\/www.st-georg-corps.de\/wp-content\/uploads\/2024\/12\/2024-12-14_Weihnachtsfeier_03_1600px.jpg?resize=768%2C576&amp;ssl=1 768w, https:\/\/i0.wp.com\/www.st-georg-corps.de\/wp-content\/uploads\/2024\/12\/2024-12-14_Weihnachtsfeier_03_1600px.jpg?resize=1536%2C1152&amp;ssl=1 1536w, https:\/\/i0.wp.com\/www.st-georg-corps.de\/wp-content\/uploads\/2024\/12\/2024-12-14_Weihnachtsfeier_03_1600px.jpg?w=1600&amp;ssl=1 1600w\" sizes=\"auto, (max-width: 600px) 100vw, 600px\" \/><\/a><\/p>\n<p>Nach dem gemeinsamen Essen verbrachten wir den Abend in geselliger Runde. Es wurde viel gelacht, erz\u00e4hlt und gefeiert. Ein ereignisreiches Jahr fand damit einen w\u00fcrdigen Abschluss.<\/p>\n<p>Wir freuen uns schon auf weitere gemeinsame Aktivit\u00e4ten im kommenden Jahr und w\u00fcnschen allen Mitgliedern und Freunden ein frohes Weihnachtsfest und einen guten Rutsch ins neue Jahr!<\/p>\n","protected":false},"excerpt":{"rendered":"<p>Am 14. Dezember 2024 fand die Weihnachtsfeier des St. Georg Corps im festlich geschm\u00fcckten Clubhaus statt. Die Mitglieder und ihre Frauen kamen zusammen, um das Jahr gemeinsam ausklingen zu lassen. P\u00fcnktlich um 18:15 Uhr \u00fcberraschte Nikolaus Herbert Hirsch die anwesenden Kinder mit kleinen Geschenken, die f\u00fcr leuchtende Augen und weihnachtliche Vorfreude sorgten. Auch in diesem Jahr bereitete Marcus Leichtl das<\/p>\n","protected":false},"author":2,"featured_media":0,"comment_status":"closed","ping_status":"open","sticky":false,"template":"","format":"standard","meta":{"ngg_post_thumbnail":0,"_jetpack_memberships_contains_paid_content":false,"footnotes":""},"categories":[6],"tags":[],"class_list":["post-3582","post","type-post","status-publish","format-standard","hentry","category-corps"],"jetpack_featured_media_url":"","jetpack_shortlink":"https:\/\/wp.me\/p8O44P-VM","jetpack-related-posts":[{"id":3744,"url":"https:\/\/www.st-georg-corps.de\/?p=3744","url_meta":{"origin":3582,"position":0},"title":"Weihnachtsfeier des St. Georg Corps 2025","author":"Ren\u00e9 Kupperian","date":"2025-12-15","format":false,"excerpt":"Am 13. Dezember 2025 kam das St. Georg Corps zur Weihnachtsfeier im geschm\u00fcckten Clubhaus zusammen. Rund 30 Mitglieder und G\u00e4ste nutzten die Gelegenheit, das Jahr in gemeinsamer Runde ausklingen zu lassen. P\u00fcnktlich um 18:15 Uhr hielt Nikolaus Herbert Hirsch Einzug. Bevor es an die Geschenke ging, nahm er sich jedoch\u2026","rel":"","context":"In &quot;Corps&quot;","block_context":{"text":"Corps","link":"https:\/\/www.st-georg-corps.de\/?cat=6"},"img":{"alt_text":"","src":"https:\/\/i0.wp.com\/www.st-georg-corps.de\/wp-content\/uploads\/2025\/12\/2025-12-13_Nikolaus-600x432.jpg?resize=350%2C200","width":350,"height":200,"srcset":"https:\/\/i0.wp.com\/www.st-georg-corps.de\/wp-content\/uploads\/2025\/12\/2025-12-13_Nikolaus-600x432.jpg?resize=350%2C200 1x, https:\/\/i0.wp.com\/www.st-georg-corps.de\/wp-content\/uploads\/2025\/12\/2025-12-13_Nikolaus-600x432.jpg?resize=525%2C300 1.5x"},"classes":[]},{"id":2602,"url":"https:\/\/www.st-georg-corps.de\/?p=2602","url_meta":{"origin":3582,"position":1},"title":"Weihnachtsfeier 2019","author":"Ren\u00e9 Kupperian","date":"2019-12-18","format":false,"excerpt":"Die Weihnachtsfeier des St. Georg Corps fand am 14. Dezember statt. Leider hatten wir nur wenig Gl\u00fcck mit dem Wetter, denn es war so richtiges Dreckswetter. Bevor es richtig los ging, musste bereits die komplette Au\u00dfendekoration mitsamt Zelt im Regen abgebaut werden, da das Zelt drohte wegzufliegen. Nachdem wieder Ruhe\u2026","rel":"","context":"In &quot;Corps&quot;","block_context":{"text":"Corps","link":"https:\/\/www.st-georg-corps.de\/?cat=6"},"img":{"alt_text":"","src":"https:\/\/i0.wp.com\/www.st-georg-corps.de\/wp-content\/uploads\/2019\/12\/2019-12-14_Weihnachtsfeier-600x400.jpg?resize=350%2C200","width":350,"height":200,"srcset":"https:\/\/i0.wp.com\/www.st-georg-corps.de\/wp-content\/uploads\/2019\/12\/2019-12-14_Weihnachtsfeier-600x400.jpg?resize=350%2C200 1x, https:\/\/i0.wp.com\/www.st-georg-corps.de\/wp-content\/uploads\/2019\/12\/2019-12-14_Weihnachtsfeier-600x400.jpg?resize=525%2C300 1.5x"},"classes":[]},{"id":2134,"url":"https:\/\/www.st-georg-corps.de\/?p=2134","url_meta":{"origin":3582,"position":2},"title":"Weihnachtsfeier 2018","author":"Ren\u00e9 Kupperian","date":"2018-12-17","format":false,"excerpt":"Zur Vorbereitung auf die Weihnachtsfeier am 15. Dezember wurde bereits am Vormittag geschm\u00fcckt, geh\u00e4mmert und geschraubt. Viele flei\u00dfige H\u00e4nde verwandelten das Clubhaus und den Vorplatz in einen weihnachtlichen Ort der Extraklasse. Es gab eine zentrale Feuerstelle einen fast 4 Meter hohen Weihnachtsbaum und eine Lounge mit vielen Sesseln die zum\u2026","rel":"","context":"In &quot;Corps&quot;","block_context":{"text":"Corps","link":"https:\/\/www.st-georg-corps.de\/?cat=6"},"img":{"alt_text":"","src":"https:\/\/i0.wp.com\/www.st-georg-corps.de\/wp-content\/uploads\/2018\/12\/Weihnachten-2018_sml.jpg?resize=350%2C200","width":350,"height":200},"classes":[]},{"id":2901,"url":"https:\/\/www.st-georg-corps.de\/?p=2901","url_meta":{"origin":3582,"position":3},"title":"K\u00f6nigsfest 2022","author":"Ren\u00e9 Kupperian","date":"2022-07-11","format":false,"excerpt":"Das K\u00f6nigsfest am 09.07.2022 startete mit dem Schie\u00dfen der Corpsfrauen. Nach gut zwei Stunden holte sich Lissy Pfeif nach einem langen harten Wettkampf den Rumpf des Damenvogels und wurde damit zur neuen Salatk\u00f6ngin. W\u00e4hrenddessen konnten sich die Mitglieder mit Kaffee und Kuchen f\u00fcr den weiteren Tag st\u00e4rken. Im Anschluss daran\u2026","rel":"","context":"In &quot;Corps&quot;","block_context":{"text":"Corps","link":"https:\/\/www.st-georg-corps.de\/?cat=6"},"img":{"alt_text":"","src":"https:\/\/i0.wp.com\/www.st-georg-corps.de\/wp-content\/uploads\/2022\/07\/2022_Salatkoenigin_Lissy-Pfeif-250x250.jpg?resize=350%2C200","width":350,"height":200},"classes":[]},{"id":2803,"url":"https:\/\/www.st-georg-corps.de\/?p=2803","url_meta":{"origin":3582,"position":4},"title":"14.08.2021 Sch\u00fctzenfest abgesagt! Nicht ganz \u2026","author":"Ren\u00e9 Kupperian","date":"2021-08-23","format":false,"excerpt":"Aufgrund der Corona Pandemie wurde das Lintorfer Sch\u00fctzenfest bereits zum zweiten Mal in Folge abgesagt. Vereinsintern waren in diesem Jahr wieder Veranstaltungen gestattet und so beschloss das St. Georg Corps das Sch\u00fctzenfest, zumindest am Samstag, in einem eigenen Rahmen zu begehen. Traditionsgem\u00e4\u00df startet das Corps den \u201eSch\u00fctzenfestsamstag\u201c auf dem Lintorfer\u2026","rel":"","context":"In &quot;Corps&quot;","block_context":{"text":"Corps","link":"https:\/\/www.st-georg-corps.de\/?cat=6"},"img":{"alt_text":"","src":"https:\/\/i0.wp.com\/www.st-georg-corps.de\/wp-content\/uploads\/2021\/08\/2021-08-14-11-250x250.jpg?resize=350%2C200","width":350,"height":200},"classes":[]},{"id":3050,"url":"https:\/\/www.st-georg-corps.de\/?p=3050","url_meta":{"origin":3582,"position":5},"title":"Weihnachtsfeier am 17.12.2022","author":"Ren\u00e9 Kupperian","date":"2022-12-18","format":false,"excerpt":"Am 17.12.2022 fand die Weihnachtfeier des St. Georg Corps statt. Gegen 17 Uhr trafen die ersten kleinen und gro\u00dfen G\u00e4ste ein zu einem Gl\u00fchwein-Empfang. Um 18 Uhr hatte uns der Weihnachtsmann in seinem Terminkalender, der unsere kleinen G\u00e4ste mit einem Geschenk und einer pers\u00f6nlichen Ansprache \u00fcberraschte.\u00a0 Ein H\u00f6hepunkt der Feier\u2026","rel":"","context":"In &quot;Corps&quot;","block_context":{"text":"Corps","link":"https:\/\/www.st-georg-corps.de\/?cat=6"},"img":{"alt_text":"","src":"https:\/\/i0.wp.com\/www.st-georg-corps.de\/wp-content\/uploads\/2022\/12\/2022-12-17_Manfred_Roth_50_Jahre_Bruderschaft-250x250.jpg?resize=350%2C200","width":350,"height":200},"classes":[]}],"jetpack_likes_enabled":false,"jetpack_sharing_enabled":true,"_links":{"self":[{"href":"https:\/\/www.st-georg-corps.de\/index.php?rest_route=\/wp\/v2\/posts\/3582","targetHints":{"allow":["GET"]}}],"collection":[{"href":"https:\/\/www.st-georg-corps.de\/index.php?rest_route=\/wp\/v2\/posts"}],"about":[{"href":"https:\/\/www.st-georg-corps.de\/index.php?rest_route=\/wp\/v2\/types\/post"}],"author":[{"embeddable":true,"href":"https:\/\/www.st-georg-corps.de\/index.php?rest_route=\/wp\/v2\/users\/2"}],"replies":[{"embeddable":true,"href":"https:\/\/www.st-georg-corps.de\/index.php?rest_route=%2Fwp%2Fv2%2Fcomments&post=3582"}],"version-history":[{"count":5,"href":"https:\/\/www.st-georg-corps.de\/index.php?rest_route=\/wp\/v2\/posts\/3582\/revisions"}],"predecessor-version":[{"id":3592,"href":"https:\/\/www.st-georg-corps.de\/index.php?rest_route=\/wp\/v2\/posts\/3582\/revisions\/3592"}],"wp:attachment":[{"href":"https:\/\/www.st-georg-corps.de\/index.php?rest_route=%2Fwp%2Fv2%2Fmedia&parent=3582"}],"wp:term":[{"taxonomy":"category","embeddable":true,"href":"https:\/\/www.st-georg-corps.de\/index.php?rest_route=%2Fwp%2Fv2%2Fcategories&post=3582"},{"taxonomy":"post_tag","embeddable":true,"href":"https:\/\/www.st-georg-corps.de\/index.php?rest_route=%2Fwp%2Fv2%2Ftags&post=3582"}],"curies":[{"name":"wp","href":"https:\/\/api.w.org\/{rel}","templated":true}]}}