{"id":3552,"date":"2024-10-24T14:48:27","date_gmt":"2024-10-24T12:48:27","guid":{"rendered":"https:\/\/www.st-georg-corps.de\/?p=3552"},"modified":"2024-10-24T14:48:27","modified_gmt":"2024-10-24T12:48:27","slug":"bernd-voigtlaender-verstorben","status":"publish","type":"post","link":"https:\/\/www.st-georg-corps.de\/?p=3552","title":{"rendered":"Bernd Voigtl\u00e4nder verstorben"},"content":{"rendered":"<div id=\"attachment_3555\" style=\"width: 260px\" class=\"wp-caption alignright\"><a href=\"https:\/\/i0.wp.com\/www.st-georg-corps.de\/wp-content\/uploads\/2024\/10\/2024-10-23_Bernd_Voigtlaender.jpg\"><img data-recalc-dims=\"1\" loading=\"lazy\" decoding=\"async\" aria-describedby=\"caption-attachment-3555\" data-attachment-id=\"3555\" data-permalink=\"https:\/\/www.st-georg-corps.de\/?attachment_id=3555\" data-orig-file=\"https:\/\/i0.wp.com\/www.st-georg-corps.de\/wp-content\/uploads\/2024\/10\/2024-10-23_Bernd_Voigtlaender.jpg?fit=1000%2C1000&amp;ssl=1\" data-orig-size=\"1000,1000\" data-comments-opened=\"0\" data-image-meta=\"{&quot;aperture&quot;:&quot;0&quot;,&quot;credit&quot;:&quot;&quot;,&quot;camera&quot;:&quot;&quot;,&quot;caption&quot;:&quot;&quot;,&quot;created_timestamp&quot;:&quot;0&quot;,&quot;copyright&quot;:&quot;&quot;,&quot;focal_length&quot;:&quot;0&quot;,&quot;iso&quot;:&quot;0&quot;,&quot;shutter_speed&quot;:&quot;0&quot;,&quot;title&quot;:&quot;&quot;,&quot;orientation&quot;:&quot;0&quot;}\" data-image-title=\"2024-10-23_Bernd_Voigtlaender\" data-image-description=\"\" data-image-caption=\"\" data-medium-file=\"https:\/\/i0.wp.com\/www.st-georg-corps.de\/wp-content\/uploads\/2024\/10\/2024-10-23_Bernd_Voigtlaender.jpg?fit=600%2C600&amp;ssl=1\" data-large-file=\"https:\/\/i0.wp.com\/www.st-georg-corps.de\/wp-content\/uploads\/2024\/10\/2024-10-23_Bernd_Voigtlaender.jpg?fit=860%2C860&amp;ssl=1\" class=\"wp-image-3555 size-thumbnail\" src=\"https:\/\/i0.wp.com\/www.st-georg-corps.de\/wp-content\/uploads\/2024\/10\/2024-10-23_Bernd_Voigtlaender.jpg?resize=250%2C250\" alt=\"\" width=\"250\" height=\"250\" srcset=\"https:\/\/i0.wp.com\/www.st-georg-corps.de\/wp-content\/uploads\/2024\/10\/2024-10-23_Bernd_Voigtlaender.jpg?resize=250%2C250&amp;ssl=1 250w, https:\/\/i0.wp.com\/www.st-georg-corps.de\/wp-content\/uploads\/2024\/10\/2024-10-23_Bernd_Voigtlaender.jpg?resize=600%2C600&amp;ssl=1 600w, https:\/\/i0.wp.com\/www.st-georg-corps.de\/wp-content\/uploads\/2024\/10\/2024-10-23_Bernd_Voigtlaender.jpg?resize=768%2C768&amp;ssl=1 768w, https:\/\/i0.wp.com\/www.st-georg-corps.de\/wp-content\/uploads\/2024\/10\/2024-10-23_Bernd_Voigtlaender.jpg?resize=90%2C90&amp;ssl=1 90w, https:\/\/i0.wp.com\/www.st-georg-corps.de\/wp-content\/uploads\/2024\/10\/2024-10-23_Bernd_Voigtlaender.jpg?resize=75%2C75&amp;ssl=1 75w, https:\/\/i0.wp.com\/www.st-georg-corps.de\/wp-content\/uploads\/2024\/10\/2024-10-23_Bernd_Voigtlaender.jpg?w=1000&amp;ssl=1 1000w\" sizes=\"auto, (max-width: 250px) 100vw, 250px\" \/><\/a><p id=\"caption-attachment-3555\" class=\"wp-caption-text\">Bernd Voigtl\u00e4nder *05.04.1945 +23.10.2024<\/p><\/div>\n<p>Gestern, am 23. Oktober 2024, ist unser lieber Freund und Corpsbruder Bernd Voigtl\u00e4nder unerwartet von uns gegangen. Mit Bernd verliert unsere Gemeinschaft nicht nur ein wertvolles, sondern auch bis in seine letzten Tage aktives Mitglied. Noch in diesem Jahr durften wir gemeinsam das Maifest und das K\u00f6nigsfest feiern \u2013 Momente, die nun in besonderer Erinnerung bleiben. Anfang September wurde Bernd mit einer Lungenentz\u00fcndung ins Krankenhaus eingeliefert. Diese schien er \u00fcberwunden zu haben, und er war auf dem Weg der Besserung, doch das Schicksal hatte andere Pl\u00e4ne.<\/p>\n<p>Unser tiefstes Mitgef\u00fchl gilt seiner Familie, besonders seiner geliebten Frau Beate. Bernd hinterl\u00e4sst eine L\u00fccke, die niemals ganz geschlossen werden kann, doch in unseren Herzen wird er immer weiterleben.<\/p>\n","protected":false},"excerpt":{"rendered":"<p>Gestern, am 23. Oktober 2024, ist unser lieber Freund und Corpsbruder Bernd Voigtl\u00e4nder unerwartet von uns gegangen. Mit Bernd verliert unsere Gemeinschaft nicht nur ein wertvolles, sondern auch bis in seine letzten Tage aktives Mitglied. Noch in diesem Jahr durften wir gemeinsam das Maifest und das K\u00f6nigsfest feiern \u2013 Momente, die nun in besonderer Erinnerung bleiben. Anfang September wurde Bernd<\/p>\n","protected":false},"author":2,"featured_media":0,"comment_status":"closed","ping_status":"open","sticky":false,"template":"","format":"standard","meta":{"ngg_post_thumbnail":0,"_jetpack_memberships_contains_paid_content":false,"footnotes":""},"categories":[6],"tags":[],"class_list":["post-3552","post","type-post","status-publish","format-standard","hentry","category-corps"],"jetpack_featured_media_url":"","jetpack_shortlink":"https:\/\/wp.me\/p8O44P-Vi","jetpack-related-posts":[{"id":2653,"url":"https:\/\/www.st-georg-corps.de\/?p=2653","url_meta":{"origin":3552,"position":0},"title":"Titularfest am 26.01.2020","author":"Ren\u00e9 Kupperian","date":"2020-01-27","format":false,"excerpt":"Um 08:45 Uhr hie\u00df es Antreten zur Messe in St. Anna um den K\u00f6nig der Lintorfer Bruderschaft Sebastian Kahlert und den Jungk\u00f6nig Lucas Kellersmann zu begleiten. Die Messe, die Pr\u00e4ses Benedikt Zervosen sehr sch\u00f6n zelebrierte, folgte einem sehr genauen Zeitplan. Nach einer Stunde brachen die Sch\u00fctzen auf zum Pfarrzentrum St.\u2026","rel":"","context":"In &quot;Bruderschaft&quot;","block_context":{"text":"Bruderschaft","link":"https:\/\/www.st-georg-corps.de\/?cat=8"},"img":{"alt_text":"","src":"https:\/\/i0.wp.com\/www.st-georg-corps.de\/wp-content\/uploads\/2020\/01\/2020-01-26_Messe-600x450.jpg?resize=350%2C200","width":350,"height":200},"classes":[]},{"id":3112,"url":"https:\/\/www.st-georg-corps.de\/?p=3112","url_meta":{"origin":3552,"position":1},"title":"Maifest am 01.05.2023","author":"Ren\u00e9 Kupperian","date":"2023-05-02","format":false,"excerpt":"Am 01.Mai hatte das St. Georg Corps wieder zur traditionellen Radtour mit anschlie\u00dfendem Programm geladen. P\u00fcnktlich um 11:00 Uhr starteten etwa 30 Radler auf einen fast 15km langen Rundkurs. Nach gut 2\/3 der Strecke wartete am Angermunder Sportplatz bereits Leon Groten auf die Gruppe mit k\u00fchlen Erfrischungen. Wie immer war\u2026","rel":"","context":"In &quot;Corps&quot;","block_context":{"text":"Corps","link":"https:\/\/www.st-georg-corps.de\/?cat=6"},"img":{"alt_text":"","src":"https:\/\/i0.wp.com\/www.st-georg-corps.de\/wp-content\/uploads\/2023\/05\/2023-05-01_Radtour-250x250.png?resize=350%2C200","width":350,"height":200},"classes":[]},{"id":3723,"url":"https:\/\/www.st-georg-corps.de\/?p=3723","url_meta":{"origin":3552,"position":2},"title":"Dieter Linke ist verstorben","author":"Ren\u00e9 Kupperian","date":"2025-09-29","format":false,"excerpt":"Heute am 29.09.2025 ist unser Dieter Linke im Alter von 76 Jahren verstorben. Dieter war seit 1976 Mitglied des St. Georg Corps. In den Jahren 1991 und 2001 f\u00fchrte er unsere Kompanie als K\u00f6nig an. F\u00fcr seine Verdienste wurde ihm im Jahr 1995 das Silberne Verdienstkreuz der St. Sebastianus Bruderschaft\u2026","rel":"","context":"In &quot;Corps&quot;","block_context":{"text":"Corps","link":"https:\/\/www.st-georg-corps.de\/?cat=6"},"img":{"alt_text":"","src":"https:\/\/i0.wp.com\/www.st-georg-corps.de\/wp-content\/uploads\/2025\/09\/2025-09-29_Dieter-Linke-400x600.jpg?resize=350%2C200","width":350,"height":200},"classes":[]},{"id":3513,"url":"https:\/\/www.st-georg-corps.de\/?p=3513","url_meta":{"origin":3552,"position":3},"title":"Dieter Rubner ist am 13. September eingeschlafen","author":"Ren\u00e9 Kupperian","date":"2024-09-14","format":false,"excerpt":"Am 13. September 2024 ist nach langer und schwerer Krankheit unser \"Horchemal\" Dieter Josef Rubner im Alter von 80 Jahren verstorben. Das Brauchtum und das Sch\u00fctzenwesen das hat Dieter sehr geliebt. \u00dcberhaupt hat er Menschen geliebt und etwas f\u00fcr einen guten Zwecke zu tun. Er war 14 Jahre Brudermeister der\u2026","rel":"","context":"In &quot;Corps&quot;","block_context":{"text":"Corps","link":"https:\/\/www.st-georg-corps.de\/?cat=6"},"img":{"alt_text":"","src":"https:\/\/i0.wp.com\/www.st-georg-corps.de\/wp-content\/uploads\/2024\/09\/2024-09-14_Dieter-Rubner-SW-600x600.jpg?resize=350%2C200","width":350,"height":200},"classes":[]},{"id":2707,"url":"https:\/\/www.st-georg-corps.de\/?p=2707","url_meta":{"origin":3552,"position":4},"title":"J\u00f6rg Einnatz verstorben","author":"Ren\u00e9 Kupperian","date":"2020-08-29","format":false,"excerpt":"Das St. Georg Corps trauert um J\u00f6rg Einnatz, der am vergangenen Mittwoch den 26. August verstorben ist. J\u00f6rg war seit dem 1. August 1989 Mitglied des St. Georg-Corps. Im Jahr 2003 wurde er vom Bund der Historischen Deutschen Sch\u00fctzenbruderschaften mit dem Silbernen Verdienstkreuz ausgezeichnet. Im Jahr 2019 erhielt J\u00f6rg die\u2026","rel":"","context":"In &quot;Corps&quot;","block_context":{"text":"Corps","link":"https:\/\/www.st-georg-corps.de\/?cat=6"},"img":{"alt_text":"","src":"https:\/\/i0.wp.com\/www.st-georg-corps.de\/wp-content\/uploads\/2020\/08\/Einnatz-Joerg-sw-250x250.jpeg?resize=350%2C200","width":350,"height":200},"classes":[]},{"id":3712,"url":"https:\/\/www.st-georg-corps.de\/?p=3712","url_meta":{"origin":3552,"position":5},"title":"Hahnek\u00f6ppen am 13.09.2025","author":"Ren\u00e9 Kupperian","date":"2025-09-14","format":false,"excerpt":"Unser Hahnek\u00f6nigspaar Heike Leichtl und Leon Groten lud am 13. September 2025 zum traditionellen Hahnek\u00f6ppen in Tracht ein. Zahlreiche Mitglieder und G\u00e4ste folgten dieser Einladung. Unter den G\u00e4sten konnten wir auch das amtierende K\u00f6nigspaar der Lintorfer Bruderschaft Alexander Schleip mit seiner Marika begr\u00fc\u00dfen. Dar\u00fcber hinaus folgten zahlreiche Ehreng\u00e4ste aus den\u2026","rel":"","context":"In &quot;Corps&quot;","block_context":{"text":"Corps","link":"https:\/\/www.st-georg-corps.de\/?cat=6"},"img":{"alt_text":"","src":"https:\/\/i0.wp.com\/www.st-georg-corps.de\/wp-content\/uploads\/2025\/09\/2025-09-13_Hahnekoenig_und_Bruderschaftskoenih_klein-600x450.jpg?resize=350%2C200","width":350,"height":200},"classes":[]}],"jetpack_likes_enabled":false,"jetpack_sharing_enabled":true,"_links":{"self":[{"href":"https:\/\/www.st-georg-corps.de\/index.php?rest_route=\/wp\/v2\/posts\/3552","targetHints":{"allow":["GET"]}}],"collection":[{"href":"https:\/\/www.st-georg-corps.de\/index.php?rest_route=\/wp\/v2\/posts"}],"about":[{"href":"https:\/\/www.st-georg-corps.de\/index.php?rest_route=\/wp\/v2\/types\/post"}],"author":[{"embeddable":true,"href":"https:\/\/www.st-georg-corps.de\/index.php?rest_route=\/wp\/v2\/users\/2"}],"replies":[{"embeddable":true,"href":"https:\/\/www.st-georg-corps.de\/index.php?rest_route=%2Fwp%2Fv2%2Fcomments&post=3552"}],"version-history":[{"count":2,"href":"https:\/\/www.st-georg-corps.de\/index.php?rest_route=\/wp\/v2\/posts\/3552\/revisions"}],"predecessor-version":[{"id":3556,"href":"https:\/\/www.st-georg-corps.de\/index.php?rest_route=\/wp\/v2\/posts\/3552\/revisions\/3556"}],"wp:attachment":[{"href":"https:\/\/www.st-georg-corps.de\/index.php?rest_route=%2Fwp%2Fv2%2Fmedia&parent=3552"}],"wp:term":[{"taxonomy":"category","embeddable":true,"href":"https:\/\/www.st-georg-corps.de\/index.php?rest_route=%2Fwp%2Fv2%2Fcategories&post=3552"},{"taxonomy":"post_tag","embeddable":true,"href":"https:\/\/www.st-georg-corps.de\/index.php?rest_route=%2Fwp%2Fv2%2Ftags&post=3552"}],"curies":[{"name":"wp","href":"https:\/\/api.w.org\/{rel}","templated":true}]}}