{"id":3513,"date":"2024-09-14T13:38:13","date_gmt":"2024-09-14T11:38:13","guid":{"rendered":"https:\/\/www.st-georg-corps.de\/?p=3513"},"modified":"2024-09-14T13:59:27","modified_gmt":"2024-09-14T11:59:27","slug":"dieter-rubner-ist-am-13-september-eingeschlafen","status":"publish","type":"post","link":"https:\/\/www.st-georg-corps.de\/?p=3513","title":{"rendered":"Dieter Rubner ist am 13. September eingeschlafen"},"content":{"rendered":"<div id=\"attachment_3518\" style=\"width: 310px\" class=\"wp-caption alignleft\"><a href=\"https:\/\/i0.wp.com\/www.st-georg-corps.de\/wp-content\/uploads\/2024\/09\/2024-09-14_Dieter-Rubner-SW.jpg\"><img data-recalc-dims=\"1\" loading=\"lazy\" decoding=\"async\" aria-describedby=\"caption-attachment-3518\" data-attachment-id=\"3518\" data-permalink=\"https:\/\/www.st-georg-corps.de\/?attachment_id=3518\" data-orig-file=\"https:\/\/i0.wp.com\/www.st-georg-corps.de\/wp-content\/uploads\/2024\/09\/2024-09-14_Dieter-Rubner-SW.jpg?fit=1200%2C1200&amp;ssl=1\" data-orig-size=\"1200,1200\" data-comments-opened=\"0\" data-image-meta=\"{&quot;aperture&quot;:&quot;0&quot;,&quot;credit&quot;:&quot;&quot;,&quot;camera&quot;:&quot;&quot;,&quot;caption&quot;:&quot;&quot;,&quot;created_timestamp&quot;:&quot;0&quot;,&quot;copyright&quot;:&quot;&quot;,&quot;focal_length&quot;:&quot;0&quot;,&quot;iso&quot;:&quot;0&quot;,&quot;shutter_speed&quot;:&quot;0&quot;,&quot;title&quot;:&quot;&quot;,&quot;orientation&quot;:&quot;0&quot;}\" data-image-title=\"2024-09-14_Dieter-Rubner-SW\" data-image-description=\"\" data-image-caption=\"\" data-medium-file=\"https:\/\/i0.wp.com\/www.st-georg-corps.de\/wp-content\/uploads\/2024\/09\/2024-09-14_Dieter-Rubner-SW.jpg?fit=600%2C600&amp;ssl=1\" data-large-file=\"https:\/\/i0.wp.com\/www.st-georg-corps.de\/wp-content\/uploads\/2024\/09\/2024-09-14_Dieter-Rubner-SW.jpg?fit=860%2C860&amp;ssl=1\" class=\"wp-image-3518\" src=\"https:\/\/i0.wp.com\/www.st-georg-corps.de\/wp-content\/uploads\/2024\/09\/2024-09-14_Dieter-Rubner-SW.jpg?resize=300%2C300\" alt=\"\" width=\"300\" height=\"300\" srcset=\"https:\/\/i0.wp.com\/www.st-georg-corps.de\/wp-content\/uploads\/2024\/09\/2024-09-14_Dieter-Rubner-SW.jpg?resize=600%2C600&amp;ssl=1 600w, https:\/\/i0.wp.com\/www.st-georg-corps.de\/wp-content\/uploads\/2024\/09\/2024-09-14_Dieter-Rubner-SW.jpg?resize=1024%2C1024&amp;ssl=1 1024w, https:\/\/i0.wp.com\/www.st-georg-corps.de\/wp-content\/uploads\/2024\/09\/2024-09-14_Dieter-Rubner-SW.jpg?resize=250%2C250&amp;ssl=1 250w, https:\/\/i0.wp.com\/www.st-georg-corps.de\/wp-content\/uploads\/2024\/09\/2024-09-14_Dieter-Rubner-SW.jpg?resize=768%2C768&amp;ssl=1 768w, https:\/\/i0.wp.com\/www.st-georg-corps.de\/wp-content\/uploads\/2024\/09\/2024-09-14_Dieter-Rubner-SW.jpg?resize=90%2C90&amp;ssl=1 90w, https:\/\/i0.wp.com\/www.st-georg-corps.de\/wp-content\/uploads\/2024\/09\/2024-09-14_Dieter-Rubner-SW.jpg?resize=75%2C75&amp;ssl=1 75w, https:\/\/i0.wp.com\/www.st-georg-corps.de\/wp-content\/uploads\/2024\/09\/2024-09-14_Dieter-Rubner-SW.jpg?w=1200&amp;ssl=1 1200w\" sizes=\"auto, (max-width: 300px) 100vw, 300px\" \/><\/a><p id=\"caption-attachment-3518\" class=\"wp-caption-text\">Dieter Josef Rubner *07.01.1944 +13.09.2024<\/p><\/div>\n<p>Am 13. September 2024 ist nach langer und schwerer Krankheit unser &#8222;Horchemal&#8220; Dieter Josef Rubner im Alter von 80 Jahren verstorben.<\/p>\n<p>Das Brauchtum und das Sch\u00fctzenwesen das hat Dieter sehr geliebt. \u00dcberhaupt hat er Menschen geliebt und etwas f\u00fcr einen guten Zwecke zu tun.<\/p>\n<p>Er war 14 Jahre Brudermeister der Lintorfer Bruderschaft und wurde 2023 zum Ehrenbrudermeister ernannt. Er war seit 2014 Stadtk\u00f6nig der Stadt Ratingen.<\/p>\n<p>Bekannt war Dieter auch als der Mann mit dem roten Sparschwein, mit dem er viele Jahre f\u00fcr das Ratinger Kinderkarnevalskomittee (RaKiKa) Spenden gesammelt hat. Im RaKiKa war Dieter Ehrenmitglied.&nbsp;<\/p>\n<p>2007 war Dieter unser Corpsk\u00f6nig und 2011 Lintorfer Bruderschaftsk\u00f6nig. Ein Sch\u00fctze und und Seele von Mensch. Hilfsbereit, aufmerksam, liebenswert und stets gut gelaunt auch, wenn es ihm oft nicht so gut ging. Jedoch, klagen hat man Dieter nie geh\u00f6rt, f\u00fcr ihn gab es meist nur die Aussicht auf das n\u00e4chste sch\u00f6ne Ereignis im Leben wie zum Beispiel die Fahrten mit dem Freunden nach Bad T\u00f6lz.<\/p>\n<p>Dieter war eine S\u00e4ule des Vereins und trotz seiner vielen k\u00f6rperlichen Beschwerden immer in erster Reihe dabei wenn es darum ging etwas f\u00fcr den Verein zu tun oder aktiv mit zu entscheiden wie etwas gemacht werden sollte.<\/p>\n<p>Wie trauern um einen Kameraden, den wir niemals vergessen werden und bekunden unser Beileid an seine Familie und seine liebe Frau Beate.&nbsp;<br \/>\n<span style=\"font-size: 0.95em;\"><br \/>\nDieter, Du wirst uns allen fehlen.<\/span><\/p>\n","protected":false},"excerpt":{"rendered":"<p>Am 13. September 2024 ist nach langer und schwerer Krankheit unser &#8222;Horchemal&#8220; Dieter Josef Rubner im Alter von 80 Jahren verstorben. Das Brauchtum und das Sch\u00fctzenwesen das hat Dieter sehr geliebt. \u00dcberhaupt hat er Menschen geliebt und etwas f\u00fcr einen guten Zwecke zu tun. Er war 14 Jahre Brudermeister der Lintorfer Bruderschaft und wurde 2023 zum Ehrenbrudermeister ernannt. Er war<\/p>\n","protected":false},"author":2,"featured_media":0,"comment_status":"closed","ping_status":"open","sticky":false,"template":"","format":"standard","meta":{"ngg_post_thumbnail":0,"_jetpack_memberships_contains_paid_content":false,"footnotes":""},"categories":[6],"tags":[],"class_list":["post-3513","post","type-post","status-publish","format-standard","hentry","category-corps"],"jetpack_featured_media_url":"","jetpack_shortlink":"https:\/\/wp.me\/p8O44P-UF","jetpack-related-posts":[{"id":3007,"url":"https:\/\/www.st-georg-corps.de\/?p=3007","url_meta":{"origin":3513,"position":0},"title":"Hauptversammlung der Bruderschaft 2022","author":"Ren\u00e9 Kupperian","date":"2022-09-19","format":false,"excerpt":"Zu einem ungew\u00f6hnlichen Datum, am 18.09.2022 fand die j\u00e4hrliche Hauptversammlung der Lintorfer Bruderschaft statt. Mit einem einstimmigen Ergebnis wurde unser 2. Vorsitzender Frank Groten zum 2. Vorsitzenden der Bruderschaft gew\u00e4hlt. Er wird in diesem Amt den ebenfalls neu gew\u00e4hlten 1. Vorsitzenden und Chef der Bruderschaft Andreas Kellersmann, der\u00a0seit 2020 Mitglied\u2026","rel":"","context":"In &quot;Bruderschaft&quot;","block_context":{"text":"Bruderschaft","link":"https:\/\/www.st-georg-corps.de\/?cat=8"},"img":{"alt_text":"","src":"https:\/\/i0.wp.com\/www.st-georg-corps.de\/wp-content\/uploads\/2022\/09\/Groten-Frank-250x250.jpg?resize=350%2C200","width":350,"height":200},"classes":[]},{"id":3075,"url":"https:\/\/www.st-georg-corps.de\/?p=3075","url_meta":{"origin":3513,"position":1},"title":"Hauptversammlung der Bruderschaft am 22.01.2023","author":"Ren\u00e9 Kupperian","date":"2023-01-24","format":false,"excerpt":"Nach der Messe in der St. Johannes Kirche, begann um 11:15 Uhr die Jahreshauptversammlung der Lintorfer Sch\u00fctzenbruderschaft an der 27 Mitglieder unseres Corps teilgenommen haben. Nach der Begr\u00fc\u00dfung durch den Vorsitzenden der Bruderschaft Andreas Kellersmann, der seine erste komplette Hauptversammlung absolvierte und einer Gedenkminute f\u00fcr die verstorbenen Kameraden, folgte der\u2026","rel":"","context":"In &quot;Bruderschaft&quot;","block_context":{"text":"Bruderschaft","link":"https:\/\/www.st-georg-corps.de\/?cat=8"},"img":{"alt_text":"","src":"https:\/\/i0.wp.com\/www.st-georg-corps.de\/wp-content\/uploads\/2023\/01\/2023-01-22_01_1200x1200-250x250.jpg?resize=350%2C200","width":350,"height":200},"classes":[]},{"id":3744,"url":"https:\/\/www.st-georg-corps.de\/?p=3744","url_meta":{"origin":3513,"position":2},"title":"Weihnachtsfeier des St. Georg Corps 2025","author":"Ren\u00e9 Kupperian","date":"2025-12-15","format":false,"excerpt":"Am 13. Dezember 2025 kam das St. Georg Corps zur Weihnachtsfeier im geschm\u00fcckten Clubhaus zusammen. Rund 30 Mitglieder und G\u00e4ste nutzten die Gelegenheit, das Jahr in gemeinsamer Runde ausklingen zu lassen. P\u00fcnktlich um 18:15 Uhr hielt Nikolaus Herbert Hirsch Einzug. Bevor es an die Geschenke ging, nahm er sich jedoch\u2026","rel":"","context":"In &quot;Corps&quot;","block_context":{"text":"Corps","link":"https:\/\/www.st-georg-corps.de\/?cat=6"},"img":{"alt_text":"","src":"https:\/\/i0.wp.com\/www.st-georg-corps.de\/wp-content\/uploads\/2025\/12\/2025-12-13_Nikolaus-600x432.jpg?resize=350%2C200","width":350,"height":200,"srcset":"https:\/\/i0.wp.com\/www.st-georg-corps.de\/wp-content\/uploads\/2025\/12\/2025-12-13_Nikolaus-600x432.jpg?resize=350%2C200 1x, https:\/\/i0.wp.com\/www.st-georg-corps.de\/wp-content\/uploads\/2025\/12\/2025-12-13_Nikolaus-600x432.jpg?resize=525%2C300 1.5x"},"classes":[]},{"id":3723,"url":"https:\/\/www.st-georg-corps.de\/?p=3723","url_meta":{"origin":3513,"position":3},"title":"Dieter Linke ist verstorben","author":"Ren\u00e9 Kupperian","date":"2025-09-29","format":false,"excerpt":"Heute am 29.09.2025 ist unser Dieter Linke im Alter von 76 Jahren verstorben. Dieter war seit 1976 Mitglied des St. Georg Corps. In den Jahren 1991 und 2001 f\u00fchrte er unsere Kompanie als K\u00f6nig an. F\u00fcr seine Verdienste wurde ihm im Jahr 1995 das Silberne Verdienstkreuz der St. Sebastianus Bruderschaft\u2026","rel":"","context":"In &quot;Corps&quot;","block_context":{"text":"Corps","link":"https:\/\/www.st-georg-corps.de\/?cat=6"},"img":{"alt_text":"","src":"https:\/\/i0.wp.com\/www.st-georg-corps.de\/wp-content\/uploads\/2025\/09\/2025-09-29_Dieter-Linke-400x600.jpg?resize=350%2C200","width":350,"height":200},"classes":[]},{"id":1699,"url":"https:\/\/www.st-georg-corps.de\/?p=1699","url_meta":{"origin":3513,"position":4},"title":"Jahreshauptversammlung 2018","author":"Ren\u00e9 Kupperian","date":"2018-01-20","format":false,"excerpt":"Am 19.01 fand die Jahreshauptversammlung des Sankt Georg Corps 1963 Lintorf e.V. statt. Der Vorsitzende Jens J\u00f6rgen konnte 33 der 44 Mitglieder begr\u00fc\u00dfen. Der Abend begann mit einem leckeren Teller Gr\u00fcnkohl zubereitet von unserem lieben Klaus Hobohm. Danke Klaus, es hat mal wieder sehr gut geschmeckt.\u00a0 Zun\u00e4chst gedachte man dann\u2026","rel":"","context":"In &quot;Corps&quot;","block_context":{"text":"Corps","link":"https:\/\/www.st-georg-corps.de\/?cat=6"},"img":{"alt_text":"","src":"https:\/\/i0.wp.com\/www.st-georg-corps.de\/wp-content\/uploads\/2018\/01\/St-Georg-Klein.png?resize=350%2C200","width":350,"height":200},"classes":[]},{"id":3330,"url":"https:\/\/www.st-georg-corps.de\/?p=3330","url_meta":{"origin":3513,"position":5},"title":"Jahreshauptversammlung 2024","author":"Ren\u00e9 Kupperian","date":"2024-01-13","format":false,"excerpt":"Nach der Montasversammlung am 12.01.2024 fand die Jahreshauptversammlung (JHV) des St. Georg Corps statt. Klaus Hobohm hatte wieder Gr\u00fcnkohl mit Mettwurst zubereitet um den Abend geb\u00fchrend zu starten. Zum Alterspr\u00e4sident wurde in diesem Jahr Dieter Rubner benannt. Dieter stellte den Antrag auf Entlastung des Vorstands und f\u00fchrte dann die Wahl\u2026","rel":"","context":"In &quot;Corps&quot;","block_context":{"text":"Corps","link":"https:\/\/www.st-georg-corps.de\/?cat=6"},"img":{"alt_text":"St. Georg Corps Lintorf 1963 e.V.","src":"https:\/\/i0.wp.com\/www.st-georg-corps.de\/wp-content\/uploads\/2024\/01\/Logo-SGC-002_2000px-250x250.png?resize=350%2C200","width":350,"height":200},"classes":[]}],"jetpack_likes_enabled":false,"jetpack_sharing_enabled":true,"_links":{"self":[{"href":"https:\/\/www.st-georg-corps.de\/index.php?rest_route=\/wp\/v2\/posts\/3513","targetHints":{"allow":["GET"]}}],"collection":[{"href":"https:\/\/www.st-georg-corps.de\/index.php?rest_route=\/wp\/v2\/posts"}],"about":[{"href":"https:\/\/www.st-georg-corps.de\/index.php?rest_route=\/wp\/v2\/types\/post"}],"author":[{"embeddable":true,"href":"https:\/\/www.st-georg-corps.de\/index.php?rest_route=\/wp\/v2\/users\/2"}],"replies":[{"embeddable":true,"href":"https:\/\/www.st-georg-corps.de\/index.php?rest_route=%2Fwp%2Fv2%2Fcomments&post=3513"}],"version-history":[{"count":7,"href":"https:\/\/www.st-georg-corps.de\/index.php?rest_route=\/wp\/v2\/posts\/3513\/revisions"}],"predecessor-version":[{"id":3525,"href":"https:\/\/www.st-georg-corps.de\/index.php?rest_route=\/wp\/v2\/posts\/3513\/revisions\/3525"}],"wp:attachment":[{"href":"https:\/\/www.st-georg-corps.de\/index.php?rest_route=%2Fwp%2Fv2%2Fmedia&parent=3513"}],"wp:term":[{"taxonomy":"category","embeddable":true,"href":"https:\/\/www.st-georg-corps.de\/index.php?rest_route=%2Fwp%2Fv2%2Fcategories&post=3513"},{"taxonomy":"post_tag","embeddable":true,"href":"https:\/\/www.st-georg-corps.de\/index.php?rest_route=%2Fwp%2Fv2%2Ftags&post=3513"}],"curies":[{"name":"wp","href":"https:\/\/api.w.org\/{rel}","templated":true}]}}