{"id":3471,"date":"2024-08-21T13:50:41","date_gmt":"2024-08-21T11:50:41","guid":{"rendered":"https:\/\/www.st-georg-corps.de\/?p=3471"},"modified":"2024-08-21T13:50:41","modified_gmt":"2024-08-21T11:50:41","slug":"manfred-manni-roth-ist-verstorben","status":"publish","type":"post","link":"https:\/\/www.st-georg-corps.de\/?p=3471","title":{"rendered":"Manfred (Manni) Roth ist verstorben"},"content":{"rendered":"<div id=\"attachment_3473\" style=\"width: 260px\" class=\"wp-caption alignleft\"><a href=\"https:\/\/i0.wp.com\/www.st-georg-corps.de\/wp-content\/uploads\/2024\/08\/2024-08-18_Manfred_Roth_1000px.jpg\"><img data-recalc-dims=\"1\" loading=\"lazy\" decoding=\"async\" aria-describedby=\"caption-attachment-3473\" data-attachment-id=\"3473\" data-permalink=\"https:\/\/www.st-georg-corps.de\/?attachment_id=3473\" data-orig-file=\"https:\/\/i0.wp.com\/www.st-georg-corps.de\/wp-content\/uploads\/2024\/08\/2024-08-18_Manfred_Roth_1000px.jpg?fit=1000%2C1000&amp;ssl=1\" data-orig-size=\"1000,1000\" data-comments-opened=\"0\" data-image-meta=\"{&quot;aperture&quot;:&quot;0&quot;,&quot;credit&quot;:&quot;&quot;,&quot;camera&quot;:&quot;&quot;,&quot;caption&quot;:&quot;&quot;,&quot;created_timestamp&quot;:&quot;0&quot;,&quot;copyright&quot;:&quot;&quot;,&quot;focal_length&quot;:&quot;0&quot;,&quot;iso&quot;:&quot;0&quot;,&quot;shutter_speed&quot;:&quot;0&quot;,&quot;title&quot;:&quot;&quot;,&quot;orientation&quot;:&quot;0&quot;}\" data-image-title=\"2024-08-18_Manfred_Roth_1000px\" data-image-description=\"\" data-image-caption=\"\" data-medium-file=\"https:\/\/i0.wp.com\/www.st-georg-corps.de\/wp-content\/uploads\/2024\/08\/2024-08-18_Manfred_Roth_1000px.jpg?fit=600%2C600&amp;ssl=1\" data-large-file=\"https:\/\/i0.wp.com\/www.st-georg-corps.de\/wp-content\/uploads\/2024\/08\/2024-08-18_Manfred_Roth_1000px.jpg?fit=860%2C860&amp;ssl=1\" class=\"wp-image-3473 size-thumbnail\" src=\"https:\/\/i0.wp.com\/www.st-georg-corps.de\/wp-content\/uploads\/2024\/08\/2024-08-18_Manfred_Roth_1000px.jpg?resize=250%2C250\" alt=\"\" width=\"250\" height=\"250\" srcset=\"https:\/\/i0.wp.com\/www.st-georg-corps.de\/wp-content\/uploads\/2024\/08\/2024-08-18_Manfred_Roth_1000px.jpg?resize=250%2C250&amp;ssl=1 250w, https:\/\/i0.wp.com\/www.st-georg-corps.de\/wp-content\/uploads\/2024\/08\/2024-08-18_Manfred_Roth_1000px.jpg?resize=600%2C600&amp;ssl=1 600w, https:\/\/i0.wp.com\/www.st-georg-corps.de\/wp-content\/uploads\/2024\/08\/2024-08-18_Manfred_Roth_1000px.jpg?resize=768%2C768&amp;ssl=1 768w, https:\/\/i0.wp.com\/www.st-georg-corps.de\/wp-content\/uploads\/2024\/08\/2024-08-18_Manfred_Roth_1000px.jpg?resize=90%2C90&amp;ssl=1 90w, https:\/\/i0.wp.com\/www.st-georg-corps.de\/wp-content\/uploads\/2024\/08\/2024-08-18_Manfred_Roth_1000px.jpg?resize=75%2C75&amp;ssl=1 75w, https:\/\/i0.wp.com\/www.st-georg-corps.de\/wp-content\/uploads\/2024\/08\/2024-08-18_Manfred_Roth_1000px.jpg?w=1000&amp;ssl=1 1000w\" sizes=\"auto, (max-width: 250px) 100vw, 250px\" \/><\/a><p id=\"caption-attachment-3473\" class=\"wp-caption-text\">Manni Roth *24.10.1948 +18.08.2024<\/p><\/div>\n<p>Nach einer langen und schweren Krankheit ist am vergangenen Sonntag unser langj\u00e4hriger Kamerad Manni Roth im Alter von 75 Jahren verstorben. Manni war seit dem 01.01.1970 Mitglied des Corps und der Lintorfer Sch\u00fctzenbruderschaft.<\/p>\n<p>Dieses Foto zeigt Manni auf der Weihnachtsfeier des Corps 2022. An diesem Tag wurde ihm vom Sch\u00fctzenchef Andreas Kellersmann die Auszeichnung verliehen f\u00fcr 50 Jahre Mitgliedschaft in der Bruderschaf.<\/p>\n<p>Wir werden ihn immer in guter Erinnerung behalten.<\/p>\n","protected":false},"excerpt":{"rendered":"<p>Nach einer langen und schweren Krankheit ist am vergangenen Sonntag unser langj\u00e4hriger Kamerad Manni Roth im Alter von 75 Jahren verstorben. Manni war seit dem 01.01.1970 Mitglied des Corps und der Lintorfer Sch\u00fctzenbruderschaft. Dieses Foto zeigt Manni auf der Weihnachtsfeier des Corps 2022. An diesem Tag wurde ihm vom Sch\u00fctzenchef Andreas Kellersmann die Auszeichnung verliehen f\u00fcr 50 Jahre Mitgliedschaft in<\/p>\n","protected":false},"author":2,"featured_media":0,"comment_status":"closed","ping_status":"open","sticky":false,"template":"","format":"standard","meta":{"ngg_post_thumbnail":0,"_jetpack_memberships_contains_paid_content":false,"footnotes":""},"categories":[6],"tags":[],"class_list":["post-3471","post","type-post","status-publish","format-standard","hentry","category-corps"],"jetpack_featured_media_url":"","jetpack_shortlink":"https:\/\/wp.me\/p8O44P-TZ","jetpack-related-posts":[{"id":3050,"url":"https:\/\/www.st-georg-corps.de\/?p=3050","url_meta":{"origin":3471,"position":0},"title":"Weihnachtsfeier am 17.12.2022","author":"Ren\u00e9 Kupperian","date":"2022-12-18","format":false,"excerpt":"Am 17.12.2022 fand die Weihnachtfeier des St. Georg Corps statt. Gegen 17 Uhr trafen die ersten kleinen und gro\u00dfen G\u00e4ste ein zu einem Gl\u00fchwein-Empfang. Um 18 Uhr hatte uns der Weihnachtsmann in seinem Terminkalender, der unsere kleinen G\u00e4ste mit einem Geschenk und einer pers\u00f6nlichen Ansprache \u00fcberraschte.\u00a0 Ein H\u00f6hepunkt der Feier\u2026","rel":"","context":"In &quot;Corps&quot;","block_context":{"text":"Corps","link":"https:\/\/www.st-georg-corps.de\/?cat=6"},"img":{"alt_text":"","src":"https:\/\/i0.wp.com\/www.st-georg-corps.de\/wp-content\/uploads\/2022\/12\/2022-12-17_Manfred_Roth_50_Jahre_Bruderschaft-250x250.jpg?resize=350%2C200","width":350,"height":200},"classes":[]},{"id":3478,"url":"https:\/\/www.st-georg-corps.de\/?p=3478","url_meta":{"origin":3471,"position":1},"title":"Des K\u00f6nigs Sch\u00fctzenfest 2024","author":"Ren\u00e9 Kupperian","date":"2024-08-24","format":false,"excerpt":"In diesem Jahr m\u00f6chte ich dem Bericht zum Sch\u00fctzenfest gerne eine pers\u00f6nliche Note geben. Als amtierender K\u00f6nig des St. Georg Corps habe ich diese Tage aus einer v\u00f6llig anderen Perspektive erleben d\u00fcrfen. Angefangen am M\u00f6schesonntag, als ich zum ersten Mal in vorderster Reihe gleich hinter dem Hauptmann und der Standarte\u2026","rel":"","context":"In &quot;Corps&quot;","block_context":{"text":"Corps","link":"https:\/\/www.st-georg-corps.de\/?cat=6"},"img":{"alt_text":"","src":"https:\/\/i0.wp.com\/www.st-georg-corps.de\/wp-content\/uploads\/2024\/08\/Logo-SGC-424_2000px-250x250.png?resize=350%2C200","width":350,"height":200},"classes":[]},{"id":3723,"url":"https:\/\/www.st-georg-corps.de\/?p=3723","url_meta":{"origin":3471,"position":2},"title":"Dieter Linke ist verstorben","author":"Ren\u00e9 Kupperian","date":"2025-09-29","format":false,"excerpt":"Heute am 29.09.2025 ist unser Dieter Linke im Alter von 76 Jahren verstorben. Dieter war seit 1976 Mitglied des St. Georg Corps. In den Jahren 1991 und 2001 f\u00fchrte er unsere Kompanie als K\u00f6nig an. F\u00fcr seine Verdienste wurde ihm im Jahr 1995 das Silberne Verdienstkreuz der St. Sebastianus Bruderschaft\u2026","rel":"","context":"In &quot;Corps&quot;","block_context":{"text":"Corps","link":"https:\/\/www.st-georg-corps.de\/?cat=6"},"img":{"alt_text":"","src":"https:\/\/i0.wp.com\/www.st-georg-corps.de\/wp-content\/uploads\/2025\/09\/2025-09-29_Dieter-Linke-400x600.jpg?resize=350%2C200","width":350,"height":200},"classes":[]},{"id":3526,"url":"https:\/\/www.st-georg-corps.de\/?p=3526","url_meta":{"origin":3471,"position":3},"title":"Dieter Behr ist verstorben","author":"Ren\u00e9 Kupperian","date":"2024-09-17","format":false,"excerpt":"Mit gro\u00dfer Trauer nehmen wir Abschied von unserem langj\u00e4hrigen Vereinsmitglied Dieter Behr, der heute im Alter von 71 Jahren, kurz vor seinem 72. Geburtstag, verstorben ist. Dieter war mehr als zwei Jahrzehnte ein fester Bestandteil des Sch\u00fctzenvereins und hat sich in seiner Rolle als erster Clubhaustechniker mit gro\u00dfem Engagement und\u2026","rel":"","context":"In &quot;Corps&quot;","block_context":{"text":"Corps","link":"https:\/\/www.st-georg-corps.de\/?cat=6"},"img":{"alt_text":"","src":"https:\/\/i0.wp.com\/www.st-georg-corps.de\/wp-content\/uploads\/2024\/09\/2024-09-17_Dieter-Behr_SW_1200-250x250.jpg?resize=350%2C200","width":350,"height":200},"classes":[]},{"id":2707,"url":"https:\/\/www.st-georg-corps.de\/?p=2707","url_meta":{"origin":3471,"position":4},"title":"J\u00f6rg Einnatz verstorben","author":"Ren\u00e9 Kupperian","date":"2020-08-29","format":false,"excerpt":"Das St. Georg Corps trauert um J\u00f6rg Einnatz, der am vergangenen Mittwoch den 26. August verstorben ist. J\u00f6rg war seit dem 1. August 1989 Mitglied des St. Georg-Corps. Im Jahr 2003 wurde er vom Bund der Historischen Deutschen Sch\u00fctzenbruderschaften mit dem Silbernen Verdienstkreuz ausgezeichnet. Im Jahr 2019 erhielt J\u00f6rg die\u2026","rel":"","context":"In &quot;Corps&quot;","block_context":{"text":"Corps","link":"https:\/\/www.st-georg-corps.de\/?cat=6"},"img":{"alt_text":"","src":"https:\/\/i0.wp.com\/www.st-georg-corps.de\/wp-content\/uploads\/2020\/08\/Einnatz-Joerg-sw-250x250.jpeg?resize=350%2C200","width":350,"height":200},"classes":[]},{"id":3761,"url":"https:\/\/www.st-georg-corps.de\/?p=3761","url_meta":{"origin":3471,"position":5},"title":"Arne Bedbur ist verstorben","author":"Ren\u00e9 Kupperian","date":"2026-01-13","format":false,"excerpt":"Heute, am 13.01.2026, erreichte uns die traurige Nachricht, dass unser Sch\u00fctzenbruder Arne Bedbur im Alter von 79 Jahren verstorben ist. Seine Liebe zum Sch\u00fctzenwesen zeigte sich in \u00fcber 50 Jahren Mitgliedschaft im Corps sowie in der Lintrofer Bruderschaft. Arne war \u00fcber viele Jahrzehnte eine feste Institution in unserem Verein. Er\u2026","rel":"","context":"In &quot;Corps&quot;","block_context":{"text":"Corps","link":"https:\/\/www.st-georg-corps.de\/?cat=6"},"img":{"alt_text":"","src":"https:\/\/i0.wp.com\/www.st-georg-corps.de\/wp-content\/uploads\/2026\/01\/2026-01-13_Bedbur-Arne_500px.jpg?resize=350%2C200","width":350,"height":200},"classes":[]}],"jetpack_likes_enabled":false,"jetpack_sharing_enabled":true,"_links":{"self":[{"href":"https:\/\/www.st-georg-corps.de\/index.php?rest_route=\/wp\/v2\/posts\/3471","targetHints":{"allow":["GET"]}}],"collection":[{"href":"https:\/\/www.st-georg-corps.de\/index.php?rest_route=\/wp\/v2\/posts"}],"about":[{"href":"https:\/\/www.st-georg-corps.de\/index.php?rest_route=\/wp\/v2\/types\/post"}],"author":[{"embeddable":true,"href":"https:\/\/www.st-georg-corps.de\/index.php?rest_route=\/wp\/v2\/users\/2"}],"replies":[{"embeddable":true,"href":"https:\/\/www.st-georg-corps.de\/index.php?rest_route=%2Fwp%2Fv2%2Fcomments&post=3471"}],"version-history":[{"count":2,"href":"https:\/\/www.st-georg-corps.de\/index.php?rest_route=\/wp\/v2\/posts\/3471\/revisions"}],"predecessor-version":[{"id":3474,"href":"https:\/\/www.st-georg-corps.de\/index.php?rest_route=\/wp\/v2\/posts\/3471\/revisions\/3474"}],"wp:attachment":[{"href":"https:\/\/www.st-georg-corps.de\/index.php?rest_route=%2Fwp%2Fv2%2Fmedia&parent=3471"}],"wp:term":[{"taxonomy":"category","embeddable":true,"href":"https:\/\/www.st-georg-corps.de\/index.php?rest_route=%2Fwp%2Fv2%2Fcategories&post=3471"},{"taxonomy":"post_tag","embeddable":true,"href":"https:\/\/www.st-georg-corps.de\/index.php?rest_route=%2Fwp%2Fv2%2Ftags&post=3471"}],"curies":[{"name":"wp","href":"https:\/\/api.w.org\/{rel}","templated":true}]}}