{"id":3309,"date":"2024-01-03T15:22:21","date_gmt":"2024-01-03T14:22:21","guid":{"rendered":"https:\/\/www.st-georg-corps.de\/?p=3309"},"modified":"2024-01-03T15:22:21","modified_gmt":"2024-01-03T14:22:21","slug":"silvesterfeier-2023","status":"publish","type":"post","link":"https:\/\/www.st-georg-corps.de\/?p=3309","title":{"rendered":"Silvesterfeier 2023"},"content":{"rendered":"<p><img data-recalc-dims=\"1\" loading=\"lazy\" decoding=\"async\" data-attachment-id=\"3317\" data-permalink=\"https:\/\/www.st-georg-corps.de\/?attachment_id=3317\" data-orig-file=\"https:\/\/i0.wp.com\/www.st-georg-corps.de\/wp-content\/uploads\/2024\/01\/Silvester-2023-scaled.jpg?fit=2560%2C1707&amp;ssl=1\" data-orig-size=\"2560,1707\" data-comments-opened=\"0\" data-image-meta=\"{&quot;aperture&quot;:&quot;4&quot;,&quot;credit&quot;:&quot;&quot;,&quot;camera&quot;:&quot;NIKON D5600&quot;,&quot;caption&quot;:&quot;&quot;,&quot;created_timestamp&quot;:&quot;1704061237&quot;,&quot;copyright&quot;:&quot;&quot;,&quot;focal_length&quot;:&quot;28&quot;,&quot;iso&quot;:&quot;6400&quot;,&quot;shutter_speed&quot;:&quot;0.016666666666667&quot;,&quot;title&quot;:&quot;&quot;,&quot;orientation&quot;:&quot;0&quot;}\" data-image-title=\"Silvester-2023\" data-image-description=\"\" data-image-caption=\"\" data-medium-file=\"https:\/\/i0.wp.com\/www.st-georg-corps.de\/wp-content\/uploads\/2024\/01\/Silvester-2023-scaled.jpg?fit=600%2C400&amp;ssl=1\" data-large-file=\"https:\/\/i0.wp.com\/www.st-georg-corps.de\/wp-content\/uploads\/2024\/01\/Silvester-2023-scaled.jpg?fit=860%2C574&amp;ssl=1\" class=\"alignright size-thumbnail wp-image-3317\" src=\"https:\/\/i0.wp.com\/www.st-georg-corps.de\/wp-content\/uploads\/2024\/01\/Silvester-2023.jpg?resize=250%2C250\" alt=\"\" width=\"250\" height=\"250\" srcset=\"https:\/\/i0.wp.com\/www.st-georg-corps.de\/wp-content\/uploads\/2024\/01\/Silvester-2023-scaled.jpg?resize=250%2C250&amp;ssl=1 250w, https:\/\/i0.wp.com\/www.st-georg-corps.de\/wp-content\/uploads\/2024\/01\/Silvester-2023-scaled.jpg?resize=90%2C90&amp;ssl=1 90w, https:\/\/i0.wp.com\/www.st-georg-corps.de\/wp-content\/uploads\/2024\/01\/Silvester-2023-scaled.jpg?resize=75%2C75&amp;ssl=1 75w, https:\/\/i0.wp.com\/www.st-georg-corps.de\/wp-content\/uploads\/2024\/01\/Silvester-2023-scaled.jpg?zoom=2&amp;resize=250%2C250 500w, https:\/\/i0.wp.com\/www.st-georg-corps.de\/wp-content\/uploads\/2024\/01\/Silvester-2023-scaled.jpg?zoom=3&amp;resize=250%2C250 750w\" sizes=\"auto, (max-width: 250px) 100vw, 250px\" \/>Auch in diesem Jahr wurde in der Silvesternacht wieder ausgiebig gefeiert bei den Sch\u00fctzen des St. Georg Corps. \u00dcber 50 Personen trafen sich im festlich dekorierten Clubhaus. F\u00fcrs das warme Essen zeichnete sich einmal mehr unser zweiter Vorsitzender Marcus Leichtl verantwortlich, der einen fantastischen Krustenbraten und zartes Roastbeef aus dem Ofen zauberte. F\u00fcr die Beilagen haben die Feiernden, wie bereits in den vergangenen Jahren, selber gesorgt und so kam ohne viel Aufwand ein vielf\u00e4ltiges Buffet zustande.<\/p>\n<p>Die Party endete, wie es nicht anders zu erwarten war, erst in den fr\u00fchen Morgenstunden.<\/p>\n<p>Ein gro\u00dfer Dank geht nat\u00fcrlich an alle Organisatoren wie zum Beispiel Sabine Kleinrahm, die nicht m\u00fcde wurde, die eigens eingerichtete WhatsApp-Gruppe auf Stand zu halten und so machen Eintrag mehrfach zu posten f\u00fcr die Neuzug\u00e4nge.<\/p>\n<p>Alles in allem ein sehr gelungenes Ende f\u00fcr das Jahr 2023.<\/p>\n<p>Frohes neues Jahr euch allen da drau\u00dfen. Hoffentlich h\u00f6rt es endlich mal wieder zu regnen!<\/p>\n<p><a href=\"https:\/\/photos.app.goo.gl\/zbg1k7yX51R6dCSQ9\" target=\"_blank\" rel=\"noopener\">Ein paar Fotos sind hier zu finden &#8230;<\/a><\/p>\n","protected":false},"excerpt":{"rendered":"<p>Auch in diesem Jahr wurde in der Silvesternacht wieder ausgiebig gefeiert bei den Sch\u00fctzen des St. Georg Corps. \u00dcber 50 Personen trafen sich im festlich dekorierten Clubhaus. F\u00fcrs das warme Essen zeichnete sich einmal mehr unser zweiter Vorsitzender Marcus Leichtl verantwortlich, der einen fantastischen Krustenbraten und zartes Roastbeef aus dem Ofen zauberte. F\u00fcr die Beilagen haben die Feiernden, wie bereits<\/p>\n","protected":false},"author":2,"featured_media":0,"comment_status":"closed","ping_status":"open","sticky":false,"template":"","format":"standard","meta":{"ngg_post_thumbnail":0,"_jetpack_memberships_contains_paid_content":false,"footnotes":""},"categories":[6,5],"tags":[],"class_list":["post-3309","post","type-post","status-publish","format-standard","hentry","category-corps","category-events"],"jetpack_featured_media_url":"","jetpack_shortlink":"https:\/\/wp.me\/p8O44P-Rn","jetpack-related-posts":[{"id":2803,"url":"https:\/\/www.st-georg-corps.de\/?p=2803","url_meta":{"origin":3309,"position":0},"title":"14.08.2021 Sch\u00fctzenfest abgesagt! Nicht ganz \u2026","author":"Ren\u00e9 Kupperian","date":"2021-08-23","format":false,"excerpt":"Aufgrund der Corona Pandemie wurde das Lintorfer Sch\u00fctzenfest bereits zum zweiten Mal in Folge abgesagt. Vereinsintern waren in diesem Jahr wieder Veranstaltungen gestattet und so beschloss das St. Georg Corps das Sch\u00fctzenfest, zumindest am Samstag, in einem eigenen Rahmen zu begehen. Traditionsgem\u00e4\u00df startet das Corps den \u201eSch\u00fctzenfestsamstag\u201c auf dem Lintorfer\u2026","rel":"","context":"In &quot;Corps&quot;","block_context":{"text":"Corps","link":"https:\/\/www.st-georg-corps.de\/?cat=6"},"img":{"alt_text":"","src":"https:\/\/i0.wp.com\/www.st-georg-corps.de\/wp-content\/uploads\/2021\/08\/2021-08-14-11-250x250.jpg?resize=350%2C200","width":350,"height":200},"classes":[]},{"id":3064,"url":"https:\/\/www.st-georg-corps.de\/?p=3064","url_meta":{"origin":3309,"position":1},"title":"Jahreshauptversammlung 2023","author":"Ren\u00e9 Kupperian","date":"2023-01-15","format":false,"excerpt":"Mit der Jahreshauptversammlung (JHV) startet das St. Georg Corps am 13.01.2023\u00a0in das 60. Jahr Vereinsgeschichte. Klaus Hobohm hatte wieder Gr\u00fcnkohl mit Mettwurst und Kassler zubereitet um den Abend geb\u00fchrend zu starten. Auf Vorschlag des Vorsitzenden Jens J\u00f6rgens wurde die JHV der Montasversammlung\u00a0vorgezogen. Zum Alterspr\u00e4sident wurde in diesem Jahr Wilfried Kr\u00f6ll\u2026","rel":"","context":"In &quot;Corps&quot;","block_context":{"text":"Corps","link":"https:\/\/www.st-georg-corps.de\/?cat=6"},"img":{"alt_text":"","src":"https:\/\/i0.wp.com\/www.st-georg-corps.de\/wp-content\/uploads\/2018\/01\/St-Georg-Klein-200x250.png?resize=350%2C200","width":350,"height":200},"classes":[]},{"id":3209,"url":"https:\/\/www.st-georg-corps.de\/?p=3209","url_meta":{"origin":3309,"position":2},"title":"Sch\u00fctzenfest 2023","author":"Ren\u00e9 Kupperian","date":"2023-08-26","format":false,"excerpt":"Am Sch\u00fctzenfest-Montag geh\u00f6rt es zur langj\u00e4hrigen Tradition des St. Georg Corps, seine Mitglieder und G\u00e4ste in das Clubhaus an der Wedauer Stra\u00dfe zu einem geselligen Fr\u00fchst\u00fcck und Mittagessen einzuladen. P\u00fcnktlich um 10:00 Uhr str\u00f6mten die ersten G\u00e4ste herbei und wurden vom Vorsitzenden Jens J\u00f6rgens und dem Corps-K\u00f6nig Klaus Hobohm herzlich\u2026","rel":"","context":"In &quot;Events&quot;","block_context":{"text":"Events","link":"https:\/\/www.st-georg-corps.de\/?cat=5"},"img":{"alt_text":"","src":"https:\/\/i0.wp.com\/www.st-georg-corps.de\/wp-content\/uploads\/2023\/08\/Logo-SGC-301_2000px-600x600.png?resize=350%2C200","width":350,"height":200},"classes":[]},{"id":3276,"url":"https:\/\/www.st-georg-corps.de\/?p=3276","url_meta":{"origin":3309,"position":3},"title":"Jubil\u00e4umsfest am 18.11.2023","author":"Ren\u00e9 Kupperian","date":"2023-11-21","format":false,"excerpt":"Es dauerte eine Weile, eine Entscheidung dar\u00fcber zu treffen, wie und wo das Jubil\u00e4umsfest zum 60. Vereinsbestehen angemessen gefeiert werden sollte. Die vorgeschlagenen Optionen waren vielf\u00e4ltig, aber die meisten waren aus Gr\u00fcnden wie Entfernung, Terminplanung oder schlichtweg Logistik nicht umsetzbar. Wir suchten nach einer Veranstaltungsst\u00e4tte, die die festlichen Rahmenbedingungen erf\u00fcllen\u2026","rel":"","context":"In &quot;Corps&quot;","block_context":{"text":"Corps","link":"https:\/\/www.st-georg-corps.de\/?cat=6"},"img":{"alt_text":"","src":"https:\/\/i0.wp.com\/www.st-georg-corps.de\/wp-content\/uploads\/2023\/11\/Jubilaeumspin-250x250.png?resize=350%2C200","width":350,"height":200},"classes":[]},{"id":2958,"url":"https:\/\/www.st-georg-corps.de\/?p=2958","url_meta":{"origin":3309,"position":4},"title":"Sch\u00fctzenfestmontag 22.08.2022","author":"Ren\u00e9 Kupperian","date":"2022-08-27","format":false,"excerpt":"Am Sch\u00fctzenfest-Montag l\u00e4dt das St. Georg Corps traditionell seine Mitglieder und G\u00e4ste zu einem Fr\u00fchst\u00fcck und Mittagessen in geselliger Runde in das Clubhaus an der Wedauer Stra\u00dfe ein. P\u00fcnktlich um 10:00 Uhr fanden sich die ersten G\u00e4ste ein. Jeder wurde pers\u00f6nlich durch den Vorsitzenden Jens J\u00f6rgens und den amtierenden Corps-K\u00f6nig\u2026","rel":"","context":"In &quot;Sch\u00fctzenfest&quot;","block_context":{"text":"Sch\u00fctzenfest","link":"https:\/\/www.st-georg-corps.de\/?cat=4"},"img":{"alt_text":"","src":"https:\/\/i0.wp.com\/www.st-georg-corps.de\/wp-content\/uploads\/2022\/08\/2022-08-22_Eingang-600x400.jpg?resize=350%2C200","width":350,"height":200},"classes":[]},{"id":3603,"url":"https:\/\/www.st-georg-corps.de\/?p=3603","url_meta":{"origin":3309,"position":5},"title":"Maifest und Radtour 2025","author":"Ren\u00e9 Kupperian","date":"2025-05-03","format":false,"excerpt":"Das Maifest 2025 \u2013 Ein rundum gelungenes Fest Bei herrlichem Fr\u00fchlingswetter versammelte sich die St. Georg Corps Familie auch in diesem Jahr am 1. Mai im Vereinsheim, um gemeinsam einen stimmungsvollen und geselligen Tag zu erleben. F\u00fcr den Auftakt f\u00fchrte Kalla J\u00f6rgens erneut eine abwechslungsreiche, rund zweist\u00fcndige Fahrradtour rund um\u2026","rel":"","context":"In &quot;Corps&quot;","block_context":{"text":"Corps","link":"https:\/\/www.st-georg-corps.de\/?cat=6"},"img":{"alt_text":"","src":"https:\/\/i0.wp.com\/www.st-georg-corps.de\/wp-content\/uploads\/2025\/04\/Maifest_2025_by_ChatGPT-400x600.jpg?resize=350%2C200","width":350,"height":200},"classes":[]}],"jetpack_likes_enabled":false,"jetpack_sharing_enabled":true,"_links":{"self":[{"href":"https:\/\/www.st-georg-corps.de\/index.php?rest_route=\/wp\/v2\/posts\/3309","targetHints":{"allow":["GET"]}}],"collection":[{"href":"https:\/\/www.st-georg-corps.de\/index.php?rest_route=\/wp\/v2\/posts"}],"about":[{"href":"https:\/\/www.st-georg-corps.de\/index.php?rest_route=\/wp\/v2\/types\/post"}],"author":[{"embeddable":true,"href":"https:\/\/www.st-georg-corps.de\/index.php?rest_route=\/wp\/v2\/users\/2"}],"replies":[{"embeddable":true,"href":"https:\/\/www.st-georg-corps.de\/index.php?rest_route=%2Fwp%2Fv2%2Fcomments&post=3309"}],"version-history":[{"count":8,"href":"https:\/\/www.st-georg-corps.de\/index.php?rest_route=\/wp\/v2\/posts\/3309\/revisions"}],"predecessor-version":[{"id":3319,"href":"https:\/\/www.st-georg-corps.de\/index.php?rest_route=\/wp\/v2\/posts\/3309\/revisions\/3319"}],"wp:attachment":[{"href":"https:\/\/www.st-georg-corps.de\/index.php?rest_route=%2Fwp%2Fv2%2Fmedia&parent=3309"}],"wp:term":[{"taxonomy":"category","embeddable":true,"href":"https:\/\/www.st-georg-corps.de\/index.php?rest_route=%2Fwp%2Fv2%2Fcategories&post=3309"},{"taxonomy":"post_tag","embeddable":true,"href":"https:\/\/www.st-georg-corps.de\/index.php?rest_route=%2Fwp%2Fv2%2Ftags&post=3309"}],"curies":[{"name":"wp","href":"https:\/\/api.w.org\/{rel}","templated":true}]}}