{"id":3193,"date":"2023-07-22T13:30:21","date_gmt":"2023-07-22T11:30:21","guid":{"rendered":"https:\/\/www.st-georg-corps.de\/?p=3193"},"modified":"2023-07-21T12:54:06","modified_gmt":"2023-07-21T10:54:06","slug":"hochzeit-von-alexander-schleip-und-marika-hofmann","status":"publish","type":"post","link":"https:\/\/www.st-georg-corps.de\/?p=3193","title":{"rendered":"Hochzeit von Alexander Schleip und Marika Hofmann"},"content":{"rendered":"<p><a href=\"https:\/\/i0.wp.com\/www.st-georg-corps.de\/wp-content\/uploads\/2023\/07\/Alex-Marika_2000px.png\"><img data-recalc-dims=\"1\" loading=\"lazy\" decoding=\"async\" data-attachment-id=\"3195\" data-permalink=\"https:\/\/www.st-georg-corps.de\/?attachment_id=3195\" data-orig-file=\"https:\/\/i0.wp.com\/www.st-georg-corps.de\/wp-content\/uploads\/2023\/07\/Alex-Marika_2000px.png?fit=2000%2C1333&amp;ssl=1\" data-orig-size=\"2000,1333\" data-comments-opened=\"0\" data-image-meta=\"{&quot;aperture&quot;:&quot;0&quot;,&quot;credit&quot;:&quot;&quot;,&quot;camera&quot;:&quot;&quot;,&quot;caption&quot;:&quot;&quot;,&quot;created_timestamp&quot;:&quot;0&quot;,&quot;copyright&quot;:&quot;&quot;,&quot;focal_length&quot;:&quot;0&quot;,&quot;iso&quot;:&quot;0&quot;,&quot;shutter_speed&quot;:&quot;0&quot;,&quot;title&quot;:&quot;&quot;,&quot;orientation&quot;:&quot;0&quot;}\" data-image-title=\"Alex-Marika_2000px\" data-image-description=\"\" data-image-caption=\"\" data-medium-file=\"https:\/\/i0.wp.com\/www.st-georg-corps.de\/wp-content\/uploads\/2023\/07\/Alex-Marika_2000px.png?fit=600%2C400&amp;ssl=1\" data-large-file=\"https:\/\/i0.wp.com\/www.st-georg-corps.de\/wp-content\/uploads\/2023\/07\/Alex-Marika_2000px.png?fit=860%2C573&amp;ssl=1\" class=\"wp-image-3195 alignleft\" src=\"https:\/\/i0.wp.com\/www.st-georg-corps.de\/wp-content\/uploads\/2023\/07\/Alex-Marika_2000px.png?resize=300%2C200\" alt=\"\" width=\"300\" height=\"200\" srcset=\"https:\/\/i0.wp.com\/www.st-georg-corps.de\/wp-content\/uploads\/2023\/07\/Alex-Marika_2000px.png?resize=600%2C400&amp;ssl=1 600w, https:\/\/i0.wp.com\/www.st-georg-corps.de\/wp-content\/uploads\/2023\/07\/Alex-Marika_2000px.png?resize=1024%2C682&amp;ssl=1 1024w, https:\/\/i0.wp.com\/www.st-georg-corps.de\/wp-content\/uploads\/2023\/07\/Alex-Marika_2000px.png?resize=768%2C512&amp;ssl=1 768w, https:\/\/i0.wp.com\/www.st-georg-corps.de\/wp-content\/uploads\/2023\/07\/Alex-Marika_2000px.png?resize=1536%2C1024&amp;ssl=1 1536w, https:\/\/i0.wp.com\/www.st-georg-corps.de\/wp-content\/uploads\/2023\/07\/Alex-Marika_2000px.png?w=2000&amp;ssl=1 2000w, https:\/\/i0.wp.com\/www.st-georg-corps.de\/wp-content\/uploads\/2023\/07\/Alex-Marika_2000px.png?w=1720 1720w\" sizes=\"auto, (max-width: 300px) 100vw, 300px\" \/><\/a>Heute am 22.07.2023 um 13:00 Uhr gaben sich unser Schriftf\u00fchrer Alexander Schleip und Marika Hofmann im Standesamt zu Ratingen Cromfort das Ja-Wort. Marika tr\u00e4gt fortan den Namen Marika Schleip.<\/p>\n<p>Wir freuen uns riesig mit euch! Es ist sch\u00f6n zu sehen, wie gl\u00fccklich ihr miteinander seid. Und wir sind sehr dankbar daf\u00fcr, dass wir euren gro\u00dfen Tag mit euch erleben d\u00fcrfen.<\/p>\n<p>Liebes Brautpaar, ihr habt die Entscheidung getroffen, von nun an ganz offiziell durch das Leben zu gehen. F\u00fcr diesen gemeinsamen Weg und vor allem f\u00fcr die vielen Fahrten zwischen Ratingen und Schweinfurt, die noch vor Euch liegen, w\u00fcnschen wir Euch alles Liebe und Gl\u00fcck auf Erden.<\/p>\n<p>Es gratuliert das gesamte St. Georg Corps<\/p>\n","protected":false},"excerpt":{"rendered":"<p>Heute am 22.07.2023 um 13:00 Uhr gaben sich unser Schriftf\u00fchrer Alexander Schleip und Marika Hofmann im Standesamt zu Ratingen Cromfort das Ja-Wort. Marika tr\u00e4gt fortan den Namen Marika Schleip. Wir freuen uns riesig mit euch! Es ist sch\u00f6n zu sehen, wie gl\u00fccklich ihr miteinander seid. Und wir sind sehr dankbar daf\u00fcr, dass wir euren gro\u00dfen Tag mit euch erleben d\u00fcrfen.<\/p>\n","protected":false},"author":2,"featured_media":0,"comment_status":"closed","ping_status":"open","sticky":false,"template":"","format":"standard","meta":{"ngg_post_thumbnail":0,"_jetpack_memberships_contains_paid_content":false,"footnotes":""},"categories":[1],"tags":[],"class_list":["post-3193","post","type-post","status-publish","format-standard","hentry","category-sonstiges"],"jetpack_featured_media_url":"","jetpack_shortlink":"https:\/\/wp.me\/p8O44P-Pv","jetpack-related-posts":[{"id":3772,"url":"https:\/\/www.st-georg-corps.de\/?p=3772","url_meta":{"origin":3193,"position":0},"title":"Neujahrsempfang 2026","author":"Ren\u00e9 Kupperian","date":"2026-01-19","format":false,"excerpt":"Am 18. Januar 2026 fand ab 12:00 Uhr der diesj\u00e4hrige Neujahrsempfang der Lintofer Sch\u00fctzenbruderschaft statt. Das amtierende K\u00f6nigspaar 2026, Alexander und Marika Schleip, konnte hierzu zahlreiche G\u00e4ste aus Politik, Wirtschaft, Brauchtum sowie aus der \"Blaulichtfamilie\" willkommen hei\u00dfen. Bruderschaftsk\u00f6nig Alexander sorgte gemeinsam mit seiner K\u00f6nigin Marika f\u00fcr das leibliche Wohl der\u2026","rel":"","context":"In &quot;Bruderschaft&quot;","block_context":{"text":"Bruderschaft","link":"https:\/\/www.st-georg-corps.de\/?cat=8"},"img":{"alt_text":"","src":"https:\/\/i0.wp.com\/www.st-georg-corps.de\/wp-content\/uploads\/2026\/01\/IMG_20260118_120025-600x450.jpg?resize=350%2C200","width":350,"height":200},"classes":[]},{"id":3689,"url":"https:\/\/www.st-georg-corps.de\/?p=3689","url_meta":{"origin":3193,"position":1},"title":"Neuer K\u00f6nig der Bruderschaft: Alexander Schleip","author":"Ren\u00e9 Kupperian","date":"2025-08-21","format":false,"excerpt":"Am 18. August 2025 wurde Alexander Schleip, neuer Sch\u00fctzenk\u00f6nig der St. Sebastianus Bruderschaft Lintorf. An seiner Seite steht seine Ehefrau Marika Schleip als K\u00f6nigin. Der 1. Schriftf\u00fchrer des St. Georg Corps, der dieses Amt bereits seit \u00fcber zehn Jahren aus\u00fcbt, setzte sich im Wettkampf gegen Frank Groten (ebenfalls St. Georg\u2026","rel":"","context":"In &quot;Bruderschaft&quot;","block_context":{"text":"Bruderschaft","link":"https:\/\/www.st-georg-corps.de\/?cat=8"},"img":{"alt_text":"","src":"https:\/\/i0.wp.com\/www.st-georg-corps.de\/wp-content\/uploads\/2025\/08\/2025-08-18_Koenig-Alexander-Schleip-600x450.jpg?resize=350%2C200","width":350,"height":200},"classes":[]},{"id":3254,"url":"https:\/\/www.st-georg-corps.de\/?p=3254","url_meta":{"origin":3193,"position":2},"title":"Hahnek\u00f6ppen am 23.09.2023","author":"Ren\u00e9 Kupperian","date":"2023-09-24","format":false,"excerpt":"Am 23.Spetember 2023 war es wieder soweit, die St Georg Corps Familie begr\u00fc\u00dfte viele Freunde und G\u00e4ste zum diesj\u00e4hrigen Hahnek\u00f6ppen. Eingeladen hatten Hahnek\u00f6nigin Kerstin Sucker und Hahnek\u00f6nig Klaus Hobohm. Bei k\u00fchlem aber trockenen Wetter folgten dieser Einladung unter anderem, Bruderschaftsk\u00f6nig Werner Bach mit seiner K\u00f6nigin Tina, Kronprinz Philipp Kellersmann, Andreas\u2026","rel":"","context":"In &quot;Corps&quot;","block_context":{"text":"Corps","link":"https:\/\/www.st-georg-corps.de\/?cat=6"},"img":{"alt_text":"","src":"https:\/\/i0.wp.com\/www.st-georg-corps.de\/wp-content\/uploads\/2023\/09\/2023-Hahnekoenig-000-250x250.jpg?resize=350%2C200","width":350,"height":200},"classes":[]},{"id":3712,"url":"https:\/\/www.st-georg-corps.de\/?p=3712","url_meta":{"origin":3193,"position":3},"title":"Hahnek\u00f6ppen am 13.09.2025","author":"Ren\u00e9 Kupperian","date":"2025-09-14","format":false,"excerpt":"Unser Hahnek\u00f6nigspaar Heike Leichtl und Leon Groten lud am 13. September 2025 zum traditionellen Hahnek\u00f6ppen in Tracht ein. Zahlreiche Mitglieder und G\u00e4ste folgten dieser Einladung. Unter den G\u00e4sten konnten wir auch das amtierende K\u00f6nigspaar der Lintorfer Bruderschaft Alexander Schleip mit seiner Marika begr\u00fc\u00dfen. Dar\u00fcber hinaus folgten zahlreiche Ehreng\u00e4ste aus den\u2026","rel":"","context":"In &quot;Corps&quot;","block_context":{"text":"Corps","link":"https:\/\/www.st-georg-corps.de\/?cat=6"},"img":{"alt_text":"","src":"https:\/\/i0.wp.com\/www.st-georg-corps.de\/wp-content\/uploads\/2025\/09\/2025-09-13_Hahnekoenig_und_Bruderschaftskoenih_klein-600x450.jpg?resize=350%2C200","width":350,"height":200},"classes":[]},{"id":3539,"url":"https:\/\/www.st-georg-corps.de\/?p=3539","url_meta":{"origin":3193,"position":4},"title":"Hahnek\u00f6ppen am 21.09.2024","author":"Ren\u00e9 Kupperian","date":"2024-09-23","format":false,"excerpt":"Am Samstag, den 21.09.2024 fand unser traditionelles Hahnek\u00f6ppen statt. Bei bestem Wetter konnte das amtierende Hahnek\u00f6nigspaar Marika und Alexander Schleip zahlreiche G\u00e4ste begr\u00fc\u00dfen. Unter den G\u00e4sten waren das Bruderschaftsk\u00f6nigspaar Andreas und Nicole Nie\u00df und der Brudermeister Werner Bach mit seiner Frau Martina. Als weiterer Gast konnte der 2. Vorsitzende der\u2026","rel":"","context":"In &quot;Corps&quot;","block_context":{"text":"Corps","link":"https:\/\/www.st-georg-corps.de\/?cat=6"},"img":{"alt_text":"","src":"https:\/\/i0.wp.com\/www.st-georg-corps.de\/wp-content\/uploads\/2024\/09\/2024-09-21_Hahnekoenigspaar-450x600.jpg?resize=350%2C200","width":350,"height":200},"classes":[]},{"id":2827,"url":"https:\/\/www.st-georg-corps.de\/?p=2827","url_meta":{"origin":3193,"position":5},"title":"Hahnek\u00f6ppen und Oktoberfest 2021","author":"Ren\u00e9 Kupperian","date":"2021-09-06","format":false,"excerpt":"Am Samstag den 4. September begr\u00fc\u00dften das Hahnek\u00f6nigspaar Marika & Mockel (Manfred Etzrodt) an die 100 G\u00e4ste zu Ihrem Hahnek\u00f6nigsfest. Marika und Mockel begr\u00fc\u00dften die G\u00e4ste am Eingang und \u00fcberreichten jeder Dame einen Piccolo. Nat\u00fcrlich wurden die 3G-Coronaregeln von allen befolgt und das Fest fand in einem 18 Meter Zelt\u2026","rel":"","context":"In &quot;Corps&quot;","block_context":{"text":"Corps","link":"https:\/\/www.st-georg-corps.de\/?cat=6"},"img":{"alt_text":"","src":"https:\/\/i0.wp.com\/www.st-georg-corps.de\/wp-content\/uploads\/2021\/09\/2019-Hahnekoenigspaar-250x250.jpg?resize=350%2C200","width":350,"height":200},"classes":[]}],"jetpack_likes_enabled":false,"jetpack_sharing_enabled":true,"_links":{"self":[{"href":"https:\/\/www.st-georg-corps.de\/index.php?rest_route=\/wp\/v2\/posts\/3193","targetHints":{"allow":["GET"]}}],"collection":[{"href":"https:\/\/www.st-georg-corps.de\/index.php?rest_route=\/wp\/v2\/posts"}],"about":[{"href":"https:\/\/www.st-georg-corps.de\/index.php?rest_route=\/wp\/v2\/types\/post"}],"author":[{"embeddable":true,"href":"https:\/\/www.st-georg-corps.de\/index.php?rest_route=\/wp\/v2\/users\/2"}],"replies":[{"embeddable":true,"href":"https:\/\/www.st-georg-corps.de\/index.php?rest_route=%2Fwp%2Fv2%2Fcomments&post=3193"}],"version-history":[{"count":7,"href":"https:\/\/www.st-georg-corps.de\/index.php?rest_route=\/wp\/v2\/posts\/3193\/revisions"}],"predecessor-version":[{"id":3201,"href":"https:\/\/www.st-georg-corps.de\/index.php?rest_route=\/wp\/v2\/posts\/3193\/revisions\/3201"}],"wp:attachment":[{"href":"https:\/\/www.st-georg-corps.de\/index.php?rest_route=%2Fwp%2Fv2%2Fmedia&parent=3193"}],"wp:term":[{"taxonomy":"category","embeddable":true,"href":"https:\/\/www.st-georg-corps.de\/index.php?rest_route=%2Fwp%2Fv2%2Fcategories&post=3193"},{"taxonomy":"post_tag","embeddable":true,"href":"https:\/\/www.st-georg-corps.de\/index.php?rest_route=%2Fwp%2Fv2%2Ftags&post=3193"}],"curies":[{"name":"wp","href":"https:\/\/api.w.org\/{rel}","templated":true}]}}