{"id":3007,"date":"2022-09-19T17:28:21","date_gmt":"2022-09-19T15:28:21","guid":{"rendered":"https:\/\/www.st-georg-corps.de\/?p=3007"},"modified":"2022-09-19T17:31:53","modified_gmt":"2022-09-19T15:31:53","slug":"hauptversammlung-der-bruderschaft-2022","status":"publish","type":"post","link":"https:\/\/www.st-georg-corps.de\/?p=3007","title":{"rendered":"Hauptversammlung der Bruderschaft 2022"},"content":{"rendered":"<div id=\"attachment_3009\" style=\"width: 260px\" class=\"wp-caption alignleft\"><a href=\"https:\/\/i0.wp.com\/www.st-georg-corps.de\/wp-content\/uploads\/2022\/09\/Groten-Frank.jpg\"><img data-recalc-dims=\"1\" loading=\"lazy\" decoding=\"async\" aria-describedby=\"caption-attachment-3009\" data-attachment-id=\"3009\" data-permalink=\"https:\/\/www.st-georg-corps.de\/?attachment_id=3009\" data-orig-file=\"https:\/\/i0.wp.com\/www.st-georg-corps.de\/wp-content\/uploads\/2022\/09\/Groten-Frank.jpg?fit=500%2C500&amp;ssl=1\" data-orig-size=\"500,500\" data-comments-opened=\"0\" data-image-meta=\"{&quot;aperture&quot;:&quot;1.8&quot;,&quot;credit&quot;:&quot;&quot;,&quot;camera&quot;:&quot;iPhone 7&quot;,&quot;caption&quot;:&quot;&quot;,&quot;created_timestamp&quot;:&quot;1503163477&quot;,&quot;copyright&quot;:&quot;&quot;,&quot;focal_length&quot;:&quot;3.99&quot;,&quot;iso&quot;:&quot;40&quot;,&quot;shutter_speed&quot;:&quot;0.01&quot;,&quot;title&quot;:&quot;&quot;,&quot;orientation&quot;:&quot;0&quot;}\" data-image-title=\"Groten, Frank\" data-image-description=\"\" data-image-caption=\"\" data-medium-file=\"https:\/\/i0.wp.com\/www.st-georg-corps.de\/wp-content\/uploads\/2022\/09\/Groten-Frank.jpg?fit=500%2C500&amp;ssl=1\" data-large-file=\"https:\/\/i0.wp.com\/www.st-georg-corps.de\/wp-content\/uploads\/2022\/09\/Groten-Frank.jpg?fit=500%2C500&amp;ssl=1\" class=\"wp-image-3009 size-thumbnail\" src=\"https:\/\/i0.wp.com\/www.st-georg-corps.de\/wp-content\/uploads\/2022\/09\/Groten-Frank.jpg?resize=250%2C250\" alt=\"\" width=\"250\" height=\"250\" srcset=\"https:\/\/i0.wp.com\/www.st-georg-corps.de\/wp-content\/uploads\/2022\/09\/Groten-Frank.jpg?resize=250%2C250&amp;ssl=1 250w, https:\/\/i0.wp.com\/www.st-georg-corps.de\/wp-content\/uploads\/2022\/09\/Groten-Frank.jpg?resize=90%2C90&amp;ssl=1 90w, https:\/\/i0.wp.com\/www.st-georg-corps.de\/wp-content\/uploads\/2022\/09\/Groten-Frank.jpg?resize=75%2C75&amp;ssl=1 75w, https:\/\/i0.wp.com\/www.st-georg-corps.de\/wp-content\/uploads\/2022\/09\/Groten-Frank.jpg?w=500&amp;ssl=1 500w\" sizes=\"auto, (max-width: 250px) 100vw, 250px\" \/><\/a><p id=\"caption-attachment-3009\" class=\"wp-caption-text\">Frank Groten ist neuer 2. Vorsitzender der Lintorfer Bruderschaft<\/p><\/div>\n<p>Zu einem ungew\u00f6hnlichen Datum, am 18.09.2022 fand die j\u00e4hrliche Hauptversammlung der Lintorfer Bruderschaft statt. Mit einem einstimmigen Ergebnis wurde unser 2. Vorsitzender Frank Groten zum 2. Vorsitzenden der Bruderschaft gew\u00e4hlt. Er wird in diesem Amt den ebenfalls neu gew\u00e4hlten 1. Vorsitzenden und Chef der Bruderschaft Andreas Kellersmann, der&nbsp;seit 2020 Mitglied des Lambertus-Corps ist, unterst\u00fctzen.<\/p>\n<p>Dieter Rubner, der zu dieser Versammlung sein Amt als Brudermeister aus gesundheitlichen Gr\u00fcnden niedergelegt hat, wurde zum Ehrenbrudermeister ernannt. Werner Bach vom Tambourcorps Lintorf Reserve wurde zum neuen Brudermeister gew\u00e4hlt.<\/p>\n<p>Zus\u00e4tzlich wurden folgende Mitglieder aus unserem Corps f\u00fcr ihre langj\u00e4hrige Mitgliedschaft in der Bruderschaft mit einer Urkunde ausgezeichnet. Arne Bedbur (50 Jahre), Wilfried Kr\u00f6ll (40 Jahre), Wolfgang Thielemeyer (40 Jahre), Alfred Jansen (30 Jahre).<\/p>\n<p>Alfred ist zwar bereits \u00fcber 40 Jahre in der Bruderschaft und hat auch bereits die Auszeichnung f\u00fcr 40 Jahre erhalten aber wer z\u00e4hlt das schon so genau nach.<\/p>\n","protected":false},"excerpt":{"rendered":"<p>Zu einem ungew\u00f6hnlichen Datum, am 18.09.2022 fand die j\u00e4hrliche Hauptversammlung der Lintorfer Bruderschaft statt. Mit einem einstimmigen Ergebnis wurde unser 2. Vorsitzender Frank Groten zum 2. Vorsitzenden der Bruderschaft gew\u00e4hlt. Er wird in diesem Amt den ebenfalls neu gew\u00e4hlten 1. Vorsitzenden und Chef der Bruderschaft Andreas Kellersmann, der&nbsp;seit 2020 Mitglied des Lambertus-Corps ist, unterst\u00fctzen. Dieter Rubner, der zu dieser Versammlung<\/p>\n","protected":false},"author":2,"featured_media":0,"comment_status":"closed","ping_status":"open","sticky":false,"template":"","format":"standard","meta":{"ngg_post_thumbnail":0,"_jetpack_memberships_contains_paid_content":false,"footnotes":""},"categories":[8],"tags":[],"class_list":["post-3007","post","type-post","status-publish","format-standard","hentry","category-bruderschaft"],"jetpack_featured_media_url":"","jetpack_shortlink":"https:\/\/wp.me\/p8O44P-Mv","jetpack-related-posts":[{"id":3064,"url":"https:\/\/www.st-georg-corps.de\/?p=3064","url_meta":{"origin":3007,"position":0},"title":"Jahreshauptversammlung 2023","author":"Ren\u00e9 Kupperian","date":"2023-01-15","format":false,"excerpt":"Mit der Jahreshauptversammlung (JHV) startet das St. Georg Corps am 13.01.2023\u00a0in das 60. Jahr Vereinsgeschichte. Klaus Hobohm hatte wieder Gr\u00fcnkohl mit Mettwurst und Kassler zubereitet um den Abend geb\u00fchrend zu starten. Auf Vorschlag des Vorsitzenden Jens J\u00f6rgens wurde die JHV der Montasversammlung\u00a0vorgezogen. Zum Alterspr\u00e4sident wurde in diesem Jahr Wilfried Kr\u00f6ll\u2026","rel":"","context":"In &quot;Corps&quot;","block_context":{"text":"Corps","link":"https:\/\/www.st-georg-corps.de\/?cat=6"},"img":{"alt_text":"","src":"https:\/\/i0.wp.com\/www.st-georg-corps.de\/wp-content\/uploads\/2018\/01\/St-Georg-Klein-200x250.png?resize=350%2C200","width":350,"height":200},"classes":[]},{"id":3330,"url":"https:\/\/www.st-georg-corps.de\/?p=3330","url_meta":{"origin":3007,"position":1},"title":"Jahreshauptversammlung 2024","author":"Ren\u00e9 Kupperian","date":"2024-01-13","format":false,"excerpt":"Nach der Montasversammlung am 12.01.2024 fand die Jahreshauptversammlung (JHV) des St. Georg Corps statt. Klaus Hobohm hatte wieder Gr\u00fcnkohl mit Mettwurst zubereitet um den Abend geb\u00fchrend zu starten. Zum Alterspr\u00e4sident wurde in diesem Jahr Dieter Rubner benannt. Dieter stellte den Antrag auf Entlastung des Vorstands und f\u00fchrte dann die Wahl\u2026","rel":"","context":"In &quot;Corps&quot;","block_context":{"text":"Corps","link":"https:\/\/www.st-georg-corps.de\/?cat=6"},"img":{"alt_text":"St. Georg Corps Lintorf 1963 e.V.","src":"https:\/\/i0.wp.com\/www.st-georg-corps.de\/wp-content\/uploads\/2024\/01\/Logo-SGC-002_2000px-250x250.png?resize=350%2C200","width":350,"height":200},"classes":[]},{"id":3689,"url":"https:\/\/www.st-georg-corps.de\/?p=3689","url_meta":{"origin":3007,"position":2},"title":"Neuer K\u00f6nig der Bruderschaft: Alexander Schleip","author":"Ren\u00e9 Kupperian","date":"2025-08-21","format":false,"excerpt":"Am 18. August 2025 wurde Alexander Schleip, neuer Sch\u00fctzenk\u00f6nig der St. Sebastianus Bruderschaft Lintorf. An seiner Seite steht seine Ehefrau Marika Schleip als K\u00f6nigin. Der 1. Schriftf\u00fchrer des St. Georg Corps, der dieses Amt bereits seit \u00fcber zehn Jahren aus\u00fcbt, setzte sich im Wettkampf gegen Frank Groten (ebenfalls St. Georg\u2026","rel":"","context":"In &quot;Bruderschaft&quot;","block_context":{"text":"Bruderschaft","link":"https:\/\/www.st-georg-corps.de\/?cat=8"},"img":{"alt_text":"","src":"https:\/\/i0.wp.com\/www.st-georg-corps.de\/wp-content\/uploads\/2025\/08\/2025-08-18_Koenig-Alexander-Schleip-600x450.jpg?resize=350%2C200","width":350,"height":200},"classes":[]},{"id":3779,"url":"https:\/\/www.st-georg-corps.de\/?p=3779","url_meta":{"origin":3007,"position":3},"title":"Ehrungen beim Titularfest","author":"Ren\u00e9 Kupperian","date":"2026-01-26","format":false,"excerpt":"Am 25.01.2026 fand die j\u00e4hrliche Versammlung aller Sch\u00fctzen der Lintorfer Bruderschaft statt. Im Rahmen dieser Veranstaltung konnte das St. Georg Corps wieder einige Highlights verbuchen. Klaus Hobohm tritt in den Vorstand der Bruderschaft ein als 2. Kassierer. Stefan Frohnhoff \u00fcbernahm f\u00fcr das n\u00e4chste Jahr das Amt des 1. Kassenpr\u00fcfers. Dietmar\u2026","rel":"","context":"In &quot;Bruderschaft&quot;","block_context":{"text":"Bruderschaft","link":"https:\/\/www.st-georg-corps.de\/?cat=8"},"img":{"alt_text":"","src":"https:\/\/i0.wp.com\/www.st-georg-corps.de\/wp-content\/uploads\/2026\/01\/2026-01-25_Titularfest_001_klein-600x600.jpg?resize=350%2C200","width":350,"height":200},"classes":[]},{"id":3712,"url":"https:\/\/www.st-georg-corps.de\/?p=3712","url_meta":{"origin":3007,"position":4},"title":"Hahnek\u00f6ppen am 13.09.2025","author":"Ren\u00e9 Kupperian","date":"2025-09-14","format":false,"excerpt":"Unser Hahnek\u00f6nigspaar Heike Leichtl und Leon Groten lud am 13. September 2025 zum traditionellen Hahnek\u00f6ppen in Tracht ein. Zahlreiche Mitglieder und G\u00e4ste folgten dieser Einladung. Unter den G\u00e4sten konnten wir auch das amtierende K\u00f6nigspaar der Lintorfer Bruderschaft Alexander Schleip mit seiner Marika begr\u00fc\u00dfen. Dar\u00fcber hinaus folgten zahlreiche Ehreng\u00e4ste aus den\u2026","rel":"","context":"In &quot;Corps&quot;","block_context":{"text":"Corps","link":"https:\/\/www.st-georg-corps.de\/?cat=6"},"img":{"alt_text":"","src":"https:\/\/i0.wp.com\/www.st-georg-corps.de\/wp-content\/uploads\/2025\/09\/2025-09-13_Hahnekoenig_und_Bruderschaftskoenih_klein-600x450.jpg?resize=350%2C200","width":350,"height":200},"classes":[]},{"id":3075,"url":"https:\/\/www.st-georg-corps.de\/?p=3075","url_meta":{"origin":3007,"position":5},"title":"Hauptversammlung der Bruderschaft am 22.01.2023","author":"Ren\u00e9 Kupperian","date":"2023-01-24","format":false,"excerpt":"Nach der Messe in der St. Johannes Kirche, begann um 11:15 Uhr die Jahreshauptversammlung der Lintorfer Sch\u00fctzenbruderschaft an der 27 Mitglieder unseres Corps teilgenommen haben. Nach der Begr\u00fc\u00dfung durch den Vorsitzenden der Bruderschaft Andreas Kellersmann, der seine erste komplette Hauptversammlung absolvierte und einer Gedenkminute f\u00fcr die verstorbenen Kameraden, folgte der\u2026","rel":"","context":"In &quot;Bruderschaft&quot;","block_context":{"text":"Bruderschaft","link":"https:\/\/www.st-georg-corps.de\/?cat=8"},"img":{"alt_text":"","src":"https:\/\/i0.wp.com\/www.st-georg-corps.de\/wp-content\/uploads\/2023\/01\/2023-01-22_01_1200x1200-250x250.jpg?resize=350%2C200","width":350,"height":200},"classes":[]}],"jetpack_likes_enabled":false,"jetpack_sharing_enabled":true,"_links":{"self":[{"href":"https:\/\/www.st-georg-corps.de\/index.php?rest_route=\/wp\/v2\/posts\/3007","targetHints":{"allow":["GET"]}}],"collection":[{"href":"https:\/\/www.st-georg-corps.de\/index.php?rest_route=\/wp\/v2\/posts"}],"about":[{"href":"https:\/\/www.st-georg-corps.de\/index.php?rest_route=\/wp\/v2\/types\/post"}],"author":[{"embeddable":true,"href":"https:\/\/www.st-georg-corps.de\/index.php?rest_route=\/wp\/v2\/users\/2"}],"replies":[{"embeddable":true,"href":"https:\/\/www.st-georg-corps.de\/index.php?rest_route=%2Fwp%2Fv2%2Fcomments&post=3007"}],"version-history":[{"count":4,"href":"https:\/\/www.st-georg-corps.de\/index.php?rest_route=\/wp\/v2\/posts\/3007\/revisions"}],"predecessor-version":[{"id":3012,"href":"https:\/\/www.st-georg-corps.de\/index.php?rest_route=\/wp\/v2\/posts\/3007\/revisions\/3012"}],"wp:attachment":[{"href":"https:\/\/www.st-georg-corps.de\/index.php?rest_route=%2Fwp%2Fv2%2Fmedia&parent=3007"}],"wp:term":[{"taxonomy":"category","embeddable":true,"href":"https:\/\/www.st-georg-corps.de\/index.php?rest_route=%2Fwp%2Fv2%2Fcategories&post=3007"},{"taxonomy":"post_tag","embeddable":true,"href":"https:\/\/www.st-georg-corps.de\/index.php?rest_route=%2Fwp%2Fv2%2Ftags&post=3007"}],"curies":[{"name":"wp","href":"https:\/\/api.w.org\/{rel}","templated":true}]}}