{"id":2647,"date":"2020-01-21T17:57:04","date_gmt":"2020-01-21T16:57:04","guid":{"rendered":"http:\/\/www.st-georg-corps.de\/?p=2647"},"modified":"2020-01-21T17:57:04","modified_gmt":"2020-01-21T16:57:04","slug":"neujahrsempfang-2020","status":"publish","type":"post","link":"https:\/\/www.st-georg-corps.de\/?p=2647","title":{"rendered":"Neujahrsempfang 2020"},"content":{"rendered":"<p>Unser Kamerad Klaus Bilzer hat uns ein paar Fotos vom Neujahrsempfang zur Verf\u00fcgung gestellt. Wir m\u00f6chten uns an dieser Stelle f\u00fcr die tatkr\u00e4ftige Mithilfe der Mitglieder und deren Partnerinnen bedanken. Als K\u00f6nigsformation hatten wir in diesem Jahr die Aufgabe, neben dem Auf- und Abbau, den Imbiss und das Kuchenbuffet zu organisieren im Pfarrsaal von St. Johannes.<\/p>\nngg_shortcode_0_placeholder\n","protected":false},"excerpt":{"rendered":"<p>Unser Kamerad Klaus Bilzer hat uns ein paar Fotos vom Neujahrsempfang zur Verf\u00fcgung gestellt. Wir m\u00f6chten uns an dieser Stelle f\u00fcr die tatkr\u00e4ftige Mithilfe der Mitglieder und deren Partnerinnen bedanken. Als K\u00f6nigsformation hatten wir in diesem Jahr die Aufgabe, neben dem Auf- und Abbau, den Imbiss und das Kuchenbuffet zu organisieren im Pfarrsaal von St. Johannes.<\/p>\n","protected":false},"author":2,"featured_media":0,"comment_status":"closed","ping_status":"open","sticky":false,"template":"","format":"standard","meta":{"ngg_post_thumbnail":0,"_jetpack_memberships_contains_paid_content":false,"footnotes":""},"categories":[8],"tags":[],"class_list":["post-2647","post","type-post","status-publish","format-standard","hentry","category-bruderschaft"],"jetpack_featured_media_url":"","jetpack_shortlink":"https:\/\/wp.me\/p8O44P-GH","jetpack-related-posts":[{"id":3772,"url":"https:\/\/www.st-georg-corps.de\/?p=3772","url_meta":{"origin":2647,"position":0},"title":"Neujahrsempfang 2026","author":"Ren\u00e9 Kupperian","date":"2026-01-19","format":false,"excerpt":"Am 18. Januar 2026 fand ab 12:00 Uhr der diesj\u00e4hrige Neujahrsempfang der Lintofer Sch\u00fctzenbruderschaft statt. Das amtierende K\u00f6nigspaar 2026, Alexander und Marika Schleip, konnte hierzu zahlreiche G\u00e4ste aus Politik, Wirtschaft, Brauchtum sowie aus der \"Blaulichtfamilie\" willkommen hei\u00dfen. Bruderschaftsk\u00f6nig Alexander sorgte gemeinsam mit seiner K\u00f6nigin Marika f\u00fcr das leibliche Wohl der\u2026","rel":"","context":"In &quot;Bruderschaft&quot;","block_context":{"text":"Bruderschaft","link":"https:\/\/www.st-georg-corps.de\/?cat=8"},"img":{"alt_text":"","src":"https:\/\/i0.wp.com\/www.st-georg-corps.de\/wp-content\/uploads\/2026\/01\/IMG_20260118_120025-600x450.jpg?resize=350%2C200","width":350,"height":200},"classes":[]},{"id":3276,"url":"https:\/\/www.st-georg-corps.de\/?p=3276","url_meta":{"origin":2647,"position":1},"title":"Jubil\u00e4umsfest am 18.11.2023","author":"Ren\u00e9 Kupperian","date":"2023-11-21","format":false,"excerpt":"Es dauerte eine Weile, eine Entscheidung dar\u00fcber zu treffen, wie und wo das Jubil\u00e4umsfest zum 60. Vereinsbestehen angemessen gefeiert werden sollte. Die vorgeschlagenen Optionen waren vielf\u00e4ltig, aber die meisten waren aus Gr\u00fcnden wie Entfernung, Terminplanung oder schlichtweg Logistik nicht umsetzbar. Wir suchten nach einer Veranstaltungsst\u00e4tte, die die festlichen Rahmenbedingungen erf\u00fcllen\u2026","rel":"","context":"In &quot;Corps&quot;","block_context":{"text":"Corps","link":"https:\/\/www.st-georg-corps.de\/?cat=6"},"img":{"alt_text":"","src":"https:\/\/i0.wp.com\/www.st-georg-corps.de\/wp-content\/uploads\/2023\/11\/Jubilaeumspin-250x250.png?resize=350%2C200","width":350,"height":200},"classes":[]},{"id":271,"url":"https:\/\/www.st-georg-corps.de\/?p=271","url_meta":{"origin":2647,"position":2},"title":"\u00dcberraschungsversammlung","author":"Ren\u00e9 Kupperian","date":"2016-11-04","format":false,"excerpt":"\u00dcberraschungsversammlung 04. November 2016 Wie seit Jahren, wurde auch dieses Jahr wieder eine \u00dcberraschungsversammlung durchgef\u00fchrt. Wir trafen uns um 14:00 Uhr bei der Gastst\u00e4tte Meck. Wie jedes Jahr war nat\u00fcrlich die Frage wo geht es hin. Den Spekulationen \u00fcber T\u00fcr und Tor ge\u00f6ffnet. Von Brauereibesichtigung bis zur kulturellen Veranstaltung wurde\u2026","rel":"","context":"In &quot;Events&quot;","block_context":{"text":"Events","link":"https:\/\/www.st-georg-corps.de\/?cat=5"},"img":{"alt_text":"","src":"","width":0,"height":0},"classes":[]},{"id":2929,"url":"https:\/\/www.st-georg-corps.de\/?p=2929","url_meta":{"origin":2647,"position":3},"title":"Sch\u00fctzenfest 2022 \u00f6ffentliches Fotoalbum","author":"Ren\u00e9 Kupperian","date":"2022-08-19","format":false,"excerpt":"Heute ist es endlich soweit. Das Lintorfer Sch\u00fctzenfest startet mit dem Bayerischen Abend um 20:00 Uhr auf dem Sch\u00fctzenplatz. Auf diesen Tag haben wir uns alle drei Jahre lang gefreut. Als K\u00f6nigs- und Kronprinz-Kompanie der Lintorfer Bruderschaft war es in diesem Jahr eine Ehre f\u00fcr uns, f\u00fcr die Gestaltung des\u2026","rel":"","context":"In &quot;Sch\u00fctzenfest&quot;","block_context":{"text":"Sch\u00fctzenfest","link":"https:\/\/www.st-georg-corps.de\/?cat=4"},"img":{"alt_text":"","src":"","width":0,"height":0},"classes":[]},{"id":1661,"url":"https:\/\/www.st-georg-corps.de\/?p=1661","url_meta":{"origin":2647,"position":4},"title":"Weihnachtsgr\u00fcsse","author":"Ren\u00e9 Kupperian","date":"2017-12-17","format":false,"excerpt":"Das Jahr 2017 geht langsam zu Ende. Es ist die Zeit Danke zu sagen. Wir danken all unseren Kameraden und Freunden f\u00fcr ein aufregendes Sch\u00fctzenjahr. Wir danken unseren Frauen die uns auch in diesem Jahr sehr tatkr\u00e4ftig unterst\u00fctzt haben. In dieser nun kommenden Weihnachtszeit denken wir besonders an die Familien\u2026","rel":"","context":"In &quot;Sonstiges&quot;","block_context":{"text":"Sonstiges","link":"https:\/\/www.st-georg-corps.de\/?cat=1"},"img":{"alt_text":"","src":"","width":0,"height":0},"classes":[]},{"id":2228,"url":"https:\/\/www.st-georg-corps.de\/?p=2228","url_meta":{"origin":2647,"position":5},"title":"Vorstandstour Mailand am 26.04.2019","author":"Ren\u00e9 Kupperian","date":"2019-04-28","format":false,"excerpt":"Von urspr\u00fcnglich 16 angemeldeten Kameraden konnten leider nur 12 an der Vorstandstour nach Mailand am 26. April 2019 teilnehmen. Treffen beim Meck war bereits um 5:30 Uhr, um 7:20 ging fast p\u00fcnktlich der Flug nach Mailand. Die Aussicht auf gutes Wetter in Italien war mehr als schlecht. Es sollten nur\u2026","rel":"","context":"In &quot;Corps&quot;","block_context":{"text":"Corps","link":"https:\/\/www.st-georg-corps.de\/?cat=6"},"img":{"alt_text":"","src":"https:\/\/i0.wp.com\/www.st-georg-corps.de\/wp-content\/uploads\/2019\/04\/Mailand_01-250x250.jpg?resize=350%2C200","width":350,"height":200},"classes":[]}],"jetpack_likes_enabled":false,"jetpack_sharing_enabled":true,"_links":{"self":[{"href":"https:\/\/www.st-georg-corps.de\/index.php?rest_route=\/wp\/v2\/posts\/2647","targetHints":{"allow":["GET"]}}],"collection":[{"href":"https:\/\/www.st-georg-corps.de\/index.php?rest_route=\/wp\/v2\/posts"}],"about":[{"href":"https:\/\/www.st-georg-corps.de\/index.php?rest_route=\/wp\/v2\/types\/post"}],"author":[{"embeddable":true,"href":"https:\/\/www.st-georg-corps.de\/index.php?rest_route=\/wp\/v2\/users\/2"}],"replies":[{"embeddable":true,"href":"https:\/\/www.st-georg-corps.de\/index.php?rest_route=%2Fwp%2Fv2%2Fcomments&post=2647"}],"version-history":[{"count":4,"href":"https:\/\/www.st-georg-corps.de\/index.php?rest_route=\/wp\/v2\/posts\/2647\/revisions"}],"predecessor-version":[{"id":2651,"href":"https:\/\/www.st-georg-corps.de\/index.php?rest_route=\/wp\/v2\/posts\/2647\/revisions\/2651"}],"wp:attachment":[{"href":"https:\/\/www.st-georg-corps.de\/index.php?rest_route=%2Fwp%2Fv2%2Fmedia&parent=2647"}],"wp:term":[{"taxonomy":"category","embeddable":true,"href":"https:\/\/www.st-georg-corps.de\/index.php?rest_route=%2Fwp%2Fv2%2Fcategories&post=2647"},{"taxonomy":"post_tag","embeddable":true,"href":"https:\/\/www.st-georg-corps.de\/index.php?rest_route=%2Fwp%2Fv2%2Ftags&post=2647"}],"curies":[{"name":"wp","href":"https:\/\/api.w.org\/{rel}","templated":true}]}}