{"id":259,"date":"2017-01-20T19:38:17","date_gmt":"2017-01-20T18:38:17","guid":{"rendered":"http:\/\/relaunch.st-georg-corps.de\/?p=259"},"modified":"2017-06-05T13:39:27","modified_gmt":"2017-06-05T11:39:27","slug":"jahreshauptversammlung","status":"publish","type":"post","link":"https:\/\/www.st-georg-corps.de\/?p=259","title":{"rendered":"Jahreshauptversammlung"},"content":{"rendered":"<p><strong>Jahreshauptversammlung am 20. Janur 2017<\/strong><\/p>\n<p>Am 20. Januar versammelten sich die Mitglieder des St. Georg Corps zur allj\u00e4hrlichen Jahreshauptversammlung im Clubeigenen Vereinshaus. Der Vorsitzende, Wilfried Kr\u00f6ll, konnte 39 der 41 aktiven Mitglieder begr\u00fc\u00dfen.<\/p>\n<p><!--more--><\/p>\n<p>In einer Schweigeminute gedachte man der Verstorbenen. Hiernach verlas der Schriftf\u00fchrer, Klaus Bilzer, das Protokoll der letzten Jahreshauptversammlung welches anschlie\u00dfend genehmigt wurde. Der Bericht des Vorsitzenden Wilfried Kr\u00f6ll, \u00fcber das vergangene Jahr, war schnell und pr\u00e4zise. Er bedankte sich bei allen Mitgliedern und seinem Vorstand f\u00fcr die geleistete Arbeit im Jahre 2016.<\/p>\n<p>Nach den Berichten des Kassierers, Marcus Leichtl, und der Kassenpr\u00fcfer bat der erste Kassenpr\u00fcfer um Entlastung des Kassierers. Der Kassierer wurde einstimmig von den Mitgliedern entlastet.<\/p>\n<p>Nun war es an der Zeit den Mitgliedern noch einmal mitzuteilen, dass der Vorsitzende nicht mehr kandidieren w\u00fcrde. Er bat darum seinem Nachfolger das Vertrauen zu schenken. Nachdem der Alterspr\u00e4sident, J\u00f6rg Einnatz, um Entlastung des Vorstandes gebeten hatte, welches einstimmig von der Versammlung gebilligt wurde, ging es um die Wahl des ersten Vorsitzenden.<\/p>\n<p>Von langer Hand vorbereitet, den Vorsitz in j\u00fcngere H\u00e4nde zu geben, stellte sich Jens J\u00f6rgens, zur Wahl. Jens wurde einstimmig zum 1. Vorsitzenden gew\u00e4hlt. Jens nahm die Wahl an und dankte f\u00fcr das Vertrauen.<\/p>\n<p>Die weiteren Wahlen ergaben folgendes Ergebnis: 1. Schriftf\u00fchrer: Klaus Bilzer, 1. Kassierer: Marcus Leichtl, 2. Vorsitzender: Frank Groten, Hauptmann: Manfred Etzrodt. Die Beisitzer bestehen aus: Arne Bedbur, Dietmar Pfeif, Thomas Behrendt und Karl Heinz J\u00f6rgens. Schie\u00dfmeister sind Sebastian und Moritz Kahlert.<\/p>\n<p>Nachdem die Wahlen abgeschlossen waren, wurde Wilfried Kr\u00f6ll, von der Versammlung zum Ehrenvorsitzenden ernannt. Diese Auszeichnung ging einher mit der \u00dcberreichung einer Urkunde und einem entsprechenden Orden f\u00fcr die 20 -j\u00e4hrige geleistete Vorstandsarbeit.<\/p>\n<p>Anschlie\u00dfend wurde im Clubhaus noch kr\u00e4ftig die Jahreshauptversammlung gefeiert.<\/p>\n","protected":false},"excerpt":{"rendered":"<p>Jahreshauptversammlung am 20. Janur 2017 Am 20. Januar versammelten sich die Mitglieder des St. Georg Corps zur allj\u00e4hrlichen Jahreshauptversammlung im Clubeigenen Vereinshaus. Der Vorsitzende, Wilfried Kr\u00f6ll, konnte 39 der 41 aktiven Mitglieder begr\u00fc\u00dfen.<\/p>\n","protected":false},"author":2,"featured_media":0,"comment_status":"closed","ping_status":"open","sticky":false,"template":"","format":"standard","meta":{"ngg_post_thumbnail":0,"_jetpack_memberships_contains_paid_content":false,"footnotes":""},"categories":[6],"tags":[],"class_list":["post-259","post","type-post","status-publish","format-standard","hentry","category-corps"],"jetpack_featured_media_url":"","jetpack_shortlink":"https:\/\/wp.me\/p8O44P-4b","jetpack-related-posts":[{"id":2159,"url":"https:\/\/www.st-georg-corps.de\/?p=2159","url_meta":{"origin":259,"position":0},"title":"Jahreshauptversammlung 2019","author":"Ren\u00e9 Kupperian","date":"2019-01-20","format":false,"excerpt":"Am 18.01 fand die Jahreshauptversammlung des Sankt Georg Corps 1963 Lintorf e.V. statt. Der Vorsitzende Jens J\u00f6rgen konnte 28 der 45 Mitglieder begr\u00fc\u00dfen. Der Abend begann traditionel mit einem leckeren Teller Gr\u00fcnkohl zubereitet von unserem lieben Klaus Hobohm. Danke Klaus, es hat mal wieder sehr gut geschmeckt.\u00a0 Zun\u00e4chst gedachte man\u2026","rel":"","context":"In &quot;Corps&quot;","block_context":{"text":"Corps","link":"https:\/\/www.st-georg-corps.de\/?cat=6"},"img":{"alt_text":"","src":"https:\/\/i0.wp.com\/www.st-georg-corps.de\/wp-content\/uploads\/2018\/01\/St-Georg-Klein.png?resize=350%2C200","width":350,"height":200},"classes":[]},{"id":2770,"url":"https:\/\/www.st-georg-corps.de\/?p=2770","url_meta":{"origin":259,"position":1},"title":"Jahreshauptversammlung 2021","author":"Ren\u00e9 Kupperian","date":"2021-08-07","format":false,"excerpt":"Nach fast einem Jahr ohne eine Versammlung, fand gestern am 06. August 2021 die erste Versammlung und die Jahreshauptversammlung vor dem Clubhaus in einem Zelt statt. Der Vorsitzende Jens J\u00f6rgens konnte insgesamt 35 Mitglieder des Vereins zu diesem sp\u00e4ten ersten Treffen im Jahr 2021 begr\u00fc\u00dfen. Nach einem leckeren Essen fand\u2026","rel":"","context":"In &quot;Corps&quot;","block_context":{"text":"Corps","link":"https:\/\/www.st-georg-corps.de\/?cat=6"},"img":{"alt_text":"","src":"https:\/\/i0.wp.com\/www.st-georg-corps.de\/wp-content\/uploads\/2018\/01\/St-Georg-Klein-200x250.png?resize=350%2C200","width":350,"height":200},"classes":[]},{"id":1699,"url":"https:\/\/www.st-georg-corps.de\/?p=1699","url_meta":{"origin":259,"position":2},"title":"Jahreshauptversammlung 2018","author":"Ren\u00e9 Kupperian","date":"2018-01-20","format":false,"excerpt":"Am 19.01 fand die Jahreshauptversammlung des Sankt Georg Corps 1963 Lintorf e.V. statt. Der Vorsitzende Jens J\u00f6rgen konnte 33 der 44 Mitglieder begr\u00fc\u00dfen. Der Abend begann mit einem leckeren Teller Gr\u00fcnkohl zubereitet von unserem lieben Klaus Hobohm. Danke Klaus, es hat mal wieder sehr gut geschmeckt.\u00a0 Zun\u00e4chst gedachte man dann\u2026","rel":"","context":"In &quot;Corps&quot;","block_context":{"text":"Corps","link":"https:\/\/www.st-georg-corps.de\/?cat=6"},"img":{"alt_text":"","src":"https:\/\/i0.wp.com\/www.st-georg-corps.de\/wp-content\/uploads\/2018\/01\/St-Georg-Klein.png?resize=350%2C200","width":350,"height":200},"classes":[]},{"id":2622,"url":"https:\/\/www.st-georg-corps.de\/?p=2622","url_meta":{"origin":259,"position":3},"title":"Jahreshauptversammlung 2020","author":"Ren\u00e9 Kupperian","date":"2020-01-12","format":false,"excerpt":"Am 10.01.2020 fand die Jahreshauptversammlung des Sankt Georg Corps 1963 Lintorf e.V. statt. Der Vorsitzende Jens J\u00f6rgens konnte 30 stimmberechtigte Mitglieder, 3 Jungsch\u00fctzen und als Gast Daniel Cremerius begr\u00fc\u00dfen. Der Abend begann traditionell mit einem leckeren Teller Gr\u00fcnkohl, geliefert von unserem Versorgungsoffizier Klaus Hobohm. Danke Klaus, es hat mal wieder\u2026","rel":"","context":"In &quot;Corps&quot;","block_context":{"text":"Corps","link":"https:\/\/www.st-georg-corps.de\/?cat=6"},"img":{"alt_text":"","src":"https:\/\/i0.wp.com\/www.st-georg-corps.de\/wp-content\/uploads\/2018\/01\/St-Georg-Klein.png?resize=350%2C200","width":350,"height":200},"classes":[]},{"id":3064,"url":"https:\/\/www.st-georg-corps.de\/?p=3064","url_meta":{"origin":259,"position":4},"title":"Jahreshauptversammlung 2023","author":"Ren\u00e9 Kupperian","date":"2023-01-15","format":false,"excerpt":"Mit der Jahreshauptversammlung (JHV) startet das St. Georg Corps am 13.01.2023\u00a0in das 60. Jahr Vereinsgeschichte. Klaus Hobohm hatte wieder Gr\u00fcnkohl mit Mettwurst und Kassler zubereitet um den Abend geb\u00fchrend zu starten. Auf Vorschlag des Vorsitzenden Jens J\u00f6rgens wurde die JHV der Montasversammlung\u00a0vorgezogen. Zum Alterspr\u00e4sident wurde in diesem Jahr Wilfried Kr\u00f6ll\u2026","rel":"","context":"In &quot;Corps&quot;","block_context":{"text":"Corps","link":"https:\/\/www.st-georg-corps.de\/?cat=6"},"img":{"alt_text":"","src":"https:\/\/i0.wp.com\/www.st-georg-corps.de\/wp-content\/uploads\/2018\/01\/St-Georg-Klein-200x250.png?resize=350%2C200","width":350,"height":200},"classes":[]},{"id":3075,"url":"https:\/\/www.st-georg-corps.de\/?p=3075","url_meta":{"origin":259,"position":5},"title":"Hauptversammlung der Bruderschaft am 22.01.2023","author":"Ren\u00e9 Kupperian","date":"2023-01-24","format":false,"excerpt":"Nach der Messe in der St. Johannes Kirche, begann um 11:15 Uhr die Jahreshauptversammlung der Lintorfer Sch\u00fctzenbruderschaft an der 27 Mitglieder unseres Corps teilgenommen haben. Nach der Begr\u00fc\u00dfung durch den Vorsitzenden der Bruderschaft Andreas Kellersmann, der seine erste komplette Hauptversammlung absolvierte und einer Gedenkminute f\u00fcr die verstorbenen Kameraden, folgte der\u2026","rel":"","context":"In &quot;Bruderschaft&quot;","block_context":{"text":"Bruderschaft","link":"https:\/\/www.st-georg-corps.de\/?cat=8"},"img":{"alt_text":"","src":"https:\/\/i0.wp.com\/www.st-georg-corps.de\/wp-content\/uploads\/2023\/01\/2023-01-22_01_1200x1200-250x250.jpg?resize=350%2C200","width":350,"height":200},"classes":[]}],"jetpack_likes_enabled":false,"jetpack_sharing_enabled":false,"_links":{"self":[{"href":"https:\/\/www.st-georg-corps.de\/index.php?rest_route=\/wp\/v2\/posts\/259","targetHints":{"allow":["GET"]}}],"collection":[{"href":"https:\/\/www.st-georg-corps.de\/index.php?rest_route=\/wp\/v2\/posts"}],"about":[{"href":"https:\/\/www.st-georg-corps.de\/index.php?rest_route=\/wp\/v2\/types\/post"}],"author":[{"embeddable":true,"href":"https:\/\/www.st-georg-corps.de\/index.php?rest_route=\/wp\/v2\/users\/2"}],"replies":[{"embeddable":true,"href":"https:\/\/www.st-georg-corps.de\/index.php?rest_route=%2Fwp%2Fv2%2Fcomments&post=259"}],"version-history":[{"count":2,"href":"https:\/\/www.st-georg-corps.de\/index.php?rest_route=\/wp\/v2\/posts\/259\/revisions"}],"predecessor-version":[{"id":261,"href":"https:\/\/www.st-georg-corps.de\/index.php?rest_route=\/wp\/v2\/posts\/259\/revisions\/261"}],"wp:attachment":[{"href":"https:\/\/www.st-georg-corps.de\/index.php?rest_route=%2Fwp%2Fv2%2Fmedia&parent=259"}],"wp:term":[{"taxonomy":"category","embeddable":true,"href":"https:\/\/www.st-georg-corps.de\/index.php?rest_route=%2Fwp%2Fv2%2Fcategories&post=259"},{"taxonomy":"post_tag","embeddable":true,"href":"https:\/\/www.st-georg-corps.de\/index.php?rest_route=%2Fwp%2Fv2%2Ftags&post=259"}],"curies":[{"name":"wp","href":"https:\/\/api.w.org\/{rel}","templated":true}]}}