{"id":2563,"date":"2019-10-10T18:27:49","date_gmt":"2019-10-10T16:27:49","guid":{"rendered":"http:\/\/www.st-georg-corps.de\/?p=2563"},"modified":"2019-10-10T18:27:49","modified_gmt":"2019-10-10T16:27:49","slug":"fotos-hahnekoeppen-und-oktoberfest","status":"publish","type":"post","link":"https:\/\/www.st-georg-corps.de\/?p=2563","title":{"rendered":"Fotos Hahnek\u00f6ppen und Oktoberfest"},"content":{"rendered":"<p>Urlaubsbedingt hat es leider etwas l\u00e4nger gedauert als gew\u00f6hnlich.&nbsp;Das Warten hat sich jedoch gelohnt. Die Fotos vom Hahnek\u00f6ppen und Oktoberfest sind jetzt <a href=\"https:\/\/photos.app.goo.gl\/r71LPPEkyKzqRPj3A\" target=\"_blank\" rel=\"noopener noreferrer\">hier<\/a> verf\u00fcgbar und auch im Orignalbeitrag verlinkt.<\/p>\n","protected":false},"excerpt":{"rendered":"<p>Urlaubsbedingt hat es leider etwas l\u00e4nger gedauert als gew\u00f6hnlich.&nbsp;Das Warten hat sich jedoch gelohnt. Die Fotos vom Hahnek\u00f6ppen und Oktoberfest sind jetzt hier verf\u00fcgbar und auch im Orignalbeitrag verlinkt.<\/p>\n","protected":false},"author":2,"featured_media":0,"comment_status":"closed","ping_status":"open","sticky":false,"template":"","format":"standard","meta":{"ngg_post_thumbnail":0,"_jetpack_memberships_contains_paid_content":false,"footnotes":""},"categories":[5,1],"tags":[],"class_list":["post-2563","post","type-post","status-publish","format-standard","hentry","category-events","category-sonstiges"],"jetpack_featured_media_url":"","jetpack_shortlink":"https:\/\/wp.me\/p8O44P-Fl","jetpack-related-posts":[{"id":2551,"url":"https:\/\/www.st-georg-corps.de\/?p=2551","url_meta":{"origin":2563,"position":0},"title":"Hahnek\u00f6ppen und Oktoberfest 2019","author":"Ren\u00e9 Kupperian","date":"2019-09-22","format":false,"excerpt":"Lintorf schl\u00e4gt M\u00fcnchen Bei strahlendem Sonnenschein, 30 Minuten vor dem offiziellen Fa\u00dfanstich in M\u00fcnchen, schlug unser 2. B\u00fcrgermeister Wolfgang Dietrich mit ein paar kr\u00e4ftigen Schl\u00e4gen, das erste Festbierfa\u00df an. Beim diesj\u00e4hrigen Oktoberfest des St. Georg Corps waren die Lintorfer schneller. In der, vom \u201eBautrupp\u201c des St. Georg Corps, errichteten Almh\u00fctte\u2026","rel":"","context":"In &quot;Corps&quot;","block_context":{"text":"Corps","link":"https:\/\/www.st-georg-corps.de\/?cat=6"},"img":{"alt_text":"","src":"https:\/\/i0.wp.com\/www.st-georg-corps.de\/wp-content\/uploads\/2019\/09\/2019-09-21_Oktoberfest-02-600x450.jpg?resize=350%2C200","width":350,"height":200,"srcset":"https:\/\/i0.wp.com\/www.st-georg-corps.de\/wp-content\/uploads\/2019\/09\/2019-09-21_Oktoberfest-02-600x450.jpg?resize=350%2C200 1x, https:\/\/i0.wp.com\/www.st-georg-corps.de\/wp-content\/uploads\/2019\/09\/2019-09-21_Oktoberfest-02-600x450.jpg?resize=525%2C300 1.5x"},"classes":[]},{"id":2827,"url":"https:\/\/www.st-georg-corps.de\/?p=2827","url_meta":{"origin":2563,"position":1},"title":"Hahnek\u00f6ppen und Oktoberfest 2021","author":"Ren\u00e9 Kupperian","date":"2021-09-06","format":false,"excerpt":"Am Samstag den 4. September begr\u00fc\u00dften das Hahnek\u00f6nigspaar Marika & Mockel (Manfred Etzrodt) an die 100 G\u00e4ste zu Ihrem Hahnek\u00f6nigsfest. Marika und Mockel begr\u00fc\u00dften die G\u00e4ste am Eingang und \u00fcberreichten jeder Dame einen Piccolo. Nat\u00fcrlich wurden die 3G-Coronaregeln von allen befolgt und das Fest fand in einem 18 Meter Zelt\u2026","rel":"","context":"In &quot;Corps&quot;","block_context":{"text":"Corps","link":"https:\/\/www.st-georg-corps.de\/?cat=6"},"img":{"alt_text":"","src":"https:\/\/i0.wp.com\/www.st-georg-corps.de\/wp-content\/uploads\/2021\/09\/2019-Hahnekoenigspaar-250x250.jpg?resize=350%2C200","width":350,"height":200},"classes":[]},{"id":1416,"url":"https:\/\/www.st-georg-corps.de\/?p=1416","url_meta":{"origin":2563,"position":2},"title":"Hahnek\u00f6ppen 2017","author":"Ren\u00e9 Kupperian","date":"2017-09-03","format":false,"excerpt":"Am 02. September luden Sabine Mahlberg und Thomas Behrendt zum j\u00e4hrlichen Hahnek\u00f6ppen des St. Georg Corps ein.\u00a0Bei gutem Wetter feierten die Sch\u00fctzenbr\u00fcdern mit ihren Frauen und G\u00e4sten ein fr\u00f6hliches Fest bis in die Nacht hinein. Neue Hahnek\u00f6nigin wurde Lissy Pfeif. Neuer Hahnek\u00f6nig wurde Marcus\u00a0Leichtl. Weitere Fotos sind hier zu finden:\u2026","rel":"","context":"In &quot;Events&quot;","block_context":{"text":"Events","link":"https:\/\/www.st-georg-corps.de\/?cat=5"},"img":{"alt_text":"","src":"https:\/\/i0.wp.com\/www.st-georg-corps.de\/wp-content\/uploads\/2017\/09\/2017-09-02-Hahnekoeppen-004.jpg?resize=350%2C200","width":350,"height":200,"srcset":"https:\/\/i0.wp.com\/www.st-georg-corps.de\/wp-content\/uploads\/2017\/09\/2017-09-02-Hahnekoeppen-004.jpg?resize=350%2C200 1x, https:\/\/i0.wp.com\/www.st-georg-corps.de\/wp-content\/uploads\/2017\/09\/2017-09-02-Hahnekoeppen-004.jpg?resize=525%2C300 1.5x, https:\/\/i0.wp.com\/www.st-georg-corps.de\/wp-content\/uploads\/2017\/09\/2017-09-02-Hahnekoeppen-004.jpg?resize=700%2C400 2x, https:\/\/i0.wp.com\/www.st-georg-corps.de\/wp-content\/uploads\/2017\/09\/2017-09-02-Hahnekoeppen-004.jpg?resize=1050%2C600 3x"},"classes":[]},{"id":3539,"url":"https:\/\/www.st-georg-corps.de\/?p=3539","url_meta":{"origin":2563,"position":3},"title":"Hahnek\u00f6ppen am 21.09.2024","author":"Ren\u00e9 Kupperian","date":"2024-09-23","format":false,"excerpt":"Am Samstag, den 21.09.2024 fand unser traditionelles Hahnek\u00f6ppen statt. Bei bestem Wetter konnte das amtierende Hahnek\u00f6nigspaar Marika und Alexander Schleip zahlreiche G\u00e4ste begr\u00fc\u00dfen. Unter den G\u00e4sten waren das Bruderschaftsk\u00f6nigspaar Andreas und Nicole Nie\u00df und der Brudermeister Werner Bach mit seiner Frau Martina. Als weiterer Gast konnte der 2. Vorsitzende der\u2026","rel":"","context":"In &quot;Corps&quot;","block_context":{"text":"Corps","link":"https:\/\/www.st-georg-corps.de\/?cat=6"},"img":{"alt_text":"","src":"https:\/\/i0.wp.com\/www.st-georg-corps.de\/wp-content\/uploads\/2024\/09\/2024-09-21_Hahnekoenigspaar-450x600.jpg?resize=350%2C200","width":350,"height":200},"classes":[]},{"id":3254,"url":"https:\/\/www.st-georg-corps.de\/?p=3254","url_meta":{"origin":2563,"position":4},"title":"Hahnek\u00f6ppen am 23.09.2023","author":"Ren\u00e9 Kupperian","date":"2023-09-24","format":false,"excerpt":"Am 23.Spetember 2023 war es wieder soweit, die St Georg Corps Familie begr\u00fc\u00dfte viele Freunde und G\u00e4ste zum diesj\u00e4hrigen Hahnek\u00f6ppen. Eingeladen hatten Hahnek\u00f6nigin Kerstin Sucker und Hahnek\u00f6nig Klaus Hobohm. Bei k\u00fchlem aber trockenen Wetter folgten dieser Einladung unter anderem, Bruderschaftsk\u00f6nig Werner Bach mit seiner K\u00f6nigin Tina, Kronprinz Philipp Kellersmann, Andreas\u2026","rel":"","context":"In &quot;Corps&quot;","block_context":{"text":"Corps","link":"https:\/\/www.st-georg-corps.de\/?cat=6"},"img":{"alt_text":"","src":"https:\/\/i0.wp.com\/www.st-georg-corps.de\/wp-content\/uploads\/2023\/09\/2023-Hahnekoenig-000-250x250.jpg?resize=350%2C200","width":350,"height":200},"classes":[]},{"id":3712,"url":"https:\/\/www.st-georg-corps.de\/?p=3712","url_meta":{"origin":2563,"position":5},"title":"Hahnek\u00f6ppen am 13.09.2025","author":"Ren\u00e9 Kupperian","date":"2025-09-14","format":false,"excerpt":"Unser Hahnek\u00f6nigspaar Heike Leichtl und Leon Groten lud am 13. September 2025 zum traditionellen Hahnek\u00f6ppen in Tracht ein. Zahlreiche Mitglieder und G\u00e4ste folgten dieser Einladung. Unter den G\u00e4sten konnten wir auch das amtierende K\u00f6nigspaar der Lintorfer Bruderschaft Alexander Schleip mit seiner Marika begr\u00fc\u00dfen. Dar\u00fcber hinaus folgten zahlreiche Ehreng\u00e4ste aus den\u2026","rel":"","context":"In &quot;Corps&quot;","block_context":{"text":"Corps","link":"https:\/\/www.st-georg-corps.de\/?cat=6"},"img":{"alt_text":"","src":"https:\/\/i0.wp.com\/www.st-georg-corps.de\/wp-content\/uploads\/2025\/09\/2025-09-13_Hahnekoenig_und_Bruderschaftskoenih_klein-600x450.jpg?resize=350%2C200","width":350,"height":200},"classes":[]}],"jetpack_likes_enabled":false,"jetpack_sharing_enabled":true,"_links":{"self":[{"href":"https:\/\/www.st-georg-corps.de\/index.php?rest_route=\/wp\/v2\/posts\/2563","targetHints":{"allow":["GET"]}}],"collection":[{"href":"https:\/\/www.st-georg-corps.de\/index.php?rest_route=\/wp\/v2\/posts"}],"about":[{"href":"https:\/\/www.st-georg-corps.de\/index.php?rest_route=\/wp\/v2\/types\/post"}],"author":[{"embeddable":true,"href":"https:\/\/www.st-georg-corps.de\/index.php?rest_route=\/wp\/v2\/users\/2"}],"replies":[{"embeddable":true,"href":"https:\/\/www.st-georg-corps.de\/index.php?rest_route=%2Fwp%2Fv2%2Fcomments&post=2563"}],"version-history":[{"count":3,"href":"https:\/\/www.st-georg-corps.de\/index.php?rest_route=\/wp\/v2\/posts\/2563\/revisions"}],"predecessor-version":[{"id":2566,"href":"https:\/\/www.st-georg-corps.de\/index.php?rest_route=\/wp\/v2\/posts\/2563\/revisions\/2566"}],"wp:attachment":[{"href":"https:\/\/www.st-georg-corps.de\/index.php?rest_route=%2Fwp%2Fv2%2Fmedia&parent=2563"}],"wp:term":[{"taxonomy":"category","embeddable":true,"href":"https:\/\/www.st-georg-corps.de\/index.php?rest_route=%2Fwp%2Fv2%2Fcategories&post=2563"},{"taxonomy":"post_tag","embeddable":true,"href":"https:\/\/www.st-georg-corps.de\/index.php?rest_route=%2Fwp%2Fv2%2Ftags&post=2563"}],"curies":[{"name":"wp","href":"https:\/\/api.w.org\/{rel}","templated":true}]}}