{"id":2505,"date":"2019-09-08T12:35:36","date_gmt":"2019-09-08T10:35:36","guid":{"rendered":"http:\/\/www.st-georg-corps.de\/?p=2505"},"modified":"2019-09-08T12:36:57","modified_gmt":"2019-09-08T10:36:57","slug":"st-georg-corps-im-glueck-schuetzenfest-2019","status":"publish","type":"post","link":"https:\/\/www.st-georg-corps.de\/?p=2505","title":{"rendered":"St. Georg Corps im Gl\u00fcck (Sch\u00fctzenfest 2019)"},"content":{"rendered":"<div id=\"attachment_2507\" style=\"width: 870px\" class=\"wp-caption alignleft\"><a href=\"https:\/\/i0.wp.com\/www.st-georg-corps.de\/wp-content\/uploads\/2019\/09\/2019-08-19_SGC-Im-Glueck.jpg\"><img data-recalc-dims=\"1\" loading=\"lazy\" decoding=\"async\" aria-describedby=\"caption-attachment-2507\" data-attachment-id=\"2507\" data-permalink=\"https:\/\/www.st-georg-corps.de\/?attachment_id=2507\" data-orig-file=\"https:\/\/i0.wp.com\/www.st-georg-corps.de\/wp-content\/uploads\/2019\/09\/2019-08-19_SGC-Im-Glueck.jpg?fit=1280%2C853&amp;ssl=1\" data-orig-size=\"1280,853\" data-comments-opened=\"0\" data-image-meta=\"{&quot;aperture&quot;:&quot;8&quot;,&quot;credit&quot;:&quot;&quot;,&quot;camera&quot;:&quot;NIKON D5200&quot;,&quot;caption&quot;:&quot;&quot;,&quot;created_timestamp&quot;:&quot;1566226419&quot;,&quot;copyright&quot;:&quot;&quot;,&quot;focal_length&quot;:&quot;18&quot;,&quot;iso&quot;:&quot;140&quot;,&quot;shutter_speed&quot;:&quot;0.004&quot;,&quot;title&quot;:&quot;&quot;,&quot;orientation&quot;:&quot;0&quot;}\" data-image-title=\"St. Georg Corps im Gl\u00fcck\" data-image-description=\"\" data-image-caption=\"\" data-medium-file=\"https:\/\/i0.wp.com\/www.st-georg-corps.de\/wp-content\/uploads\/2019\/09\/2019-08-19_SGC-Im-Glueck.jpg?fit=600%2C400&amp;ssl=1\" data-large-file=\"https:\/\/i0.wp.com\/www.st-georg-corps.de\/wp-content\/uploads\/2019\/09\/2019-08-19_SGC-Im-Glueck.jpg?fit=860%2C573&amp;ssl=1\" class=\"wp-image-2507 size-large\" src=\"https:\/\/i0.wp.com\/www.st-georg-corps.de\/wp-content\/uploads\/2019\/09\/2019-08-19_SGC-Im-Glueck.jpg?resize=860%2C573\" alt=\"\" width=\"860\" height=\"573\" srcset=\"https:\/\/i0.wp.com\/www.st-georg-corps.de\/wp-content\/uploads\/2019\/09\/2019-08-19_SGC-Im-Glueck.jpg?resize=1024%2C682&amp;ssl=1 1024w, https:\/\/i0.wp.com\/www.st-georg-corps.de\/wp-content\/uploads\/2019\/09\/2019-08-19_SGC-Im-Glueck.jpg?resize=600%2C400&amp;ssl=1 600w, https:\/\/i0.wp.com\/www.st-georg-corps.de\/wp-content\/uploads\/2019\/09\/2019-08-19_SGC-Im-Glueck.jpg?resize=768%2C512&amp;ssl=1 768w, https:\/\/i0.wp.com\/www.st-georg-corps.de\/wp-content\/uploads\/2019\/09\/2019-08-19_SGC-Im-Glueck.jpg?w=1280&amp;ssl=1 1280w\" sizes=\"auto, (max-width: 860px) 100vw, 860px\" \/><\/a><p id=\"caption-attachment-2507\" class=\"wp-caption-text\">Auch im Dumeklemmer Ratingen am 28.08.2019<\/p><\/div>\n<p>Traditionsgem\u00e4\u00df treffen sich die Mitglieder des St. Georg Corps am Sch\u00fctzenfestmontag um 10:00 Uhr auf der vereinseigenen Clubhausanlage am alten Lintorfer Bahnhof. Zu diesem Fr\u00fchst\u00fcck werden auch immer zahlreiche Ehreng\u00e4ste eingeladen.<\/p>\n<p><!--more--><\/p>\n<p>Jeder Gast wurde am Eingang pers\u00f6nlich begr\u00fc\u00dft und bekam einen St. Georg Corps Sticker geschenkt. Zu den G\u00e4sten z\u00e4hlten unter anderem der stellvertretende B\u00fcrgermeister der Stadt Ratingen Wolfgang Dietrich und der Bundestagsabgeordnete Peter Beyer, der in diesem Jahr G\u00e4stek\u00f6nig des St. Georg Corps ist.<\/p>\n<p>Da sich zurzeit gleich zwei Corps-K\u00f6nige in unseren Reihen befinden, durften wir auch eine Abordnung von Sch\u00fctzen der St. Suitbertus Kompanie aus Ratingen begr\u00fc\u00dfen. Sowohl der Vorsitzende Jens J\u00f6rgens als auch Marcel Mohr sind Mitglied beider Formationen. Marcel Mohr ist der amtierende Corps-K\u00f6nig der St. Suitbertus Kompanie. Jens J\u00f6rgens ist der aktuelle Corps-K\u00f6nig des St. Georg Corps.<\/p>\n<p>Gegen 12:00 Uhr trafen auch die Frauen des Corps ein. Die Frauen hatten sich ihrerseits um 10:00 Uhr zum Fr\u00fchst\u00fcck in der Gastst\u00e4tte B\u00fcrgershof getroffen. Wie \u00fcblich wurden die Frauen nach Ihrem Fr\u00fchst\u00fcck vom Corps-K\u00f6nig abgeholt und zum Clubhaus begleitet.<\/p>\n<p>Die Kameraden hatten in diesem Jahr eine historische Kutsche mit Blumen geschm\u00fcckt, um Ihren K\u00f6nig Jens und seine K\u00f6nigin Sabine ins Zelt zu kutschieren. Als Kutscher hatte sich Frank Groten extra einen Frack besorgt. Die n\u00f6tigen Pferdest\u00e4rken wurden ebenfalls durch die Corps Mitglieder erbracht. Um 12:30 reihte sich eine \u00fcber 100 Personen starke Truppe in den Sch\u00fctzenzug zum Festzelt ein.<\/p>\n<p>Bei einem traumhaften Wetter konnte die Stimmung an diesem Tag nicht besser sein, holten sich unsere Corps Mitglieder beim Schie\u00dfen auf die Pf\u00e4nder ein Pfand und bei der K\u00f6nigsplatte gleich beide Titel der St. Sebastianus Bruderschaft Lintorf. Als neuer K\u00f6nig konnte sich Sebastian Kahlert durchsetzen und als Kronprinz Lucas Kellersmann. Das Pfand holte sich Thomas Behrendt, der dem neuen K\u00f6nig als Brudermeister zur Seite stehen wird.<\/p>\n<p>Nach der Vorstellung der neuen Majest\u00e4ten im Sch\u00fctzenzelt ging es zur\u00fcck in unser Vereinshaus zu einem gemeinsamen Essen.<\/p>\n<p>Der amtierende Corps-K\u00f6nig, der f\u00fcr das leibliche Wohl an diesem Tag verantwortlich ist, hatte sich in diesem Jahr etwas Besonderes einfallen lassen und \u00fcberraschte die G\u00e4ste mit einem Live Koch Event. Es gab Lachs und Steaks aus einem riesigen Smoker Grill mit verschiedenen Beilagen. Marco Spottog und Klaus Hobohm, ebenfalls Mitglieder des Corps, bereiteten das Essen vor den Augen der G\u00e4ste zu. Bei der Essensausgabe packte dann auch der erste Vorsitzende Jens J\u00f6rgens flei\u00dfig mit an.<\/p>\n<p>Um die neuen Majest\u00e4ten zu feiern, spielte am Nachmittag das Tambourcorps Lintorf in Begleitung des Musikverein Stein auf. Auch einige Mitglieder des Tambourcorps Reserve kamen, um dem neuen K\u00f6nig und Kronprinz der Bruderschaft zu gratulieren<\/p>\n<p><a href=\"https:\/\/photos.app.goo.gl\/6e8G46eiUpLn6QpBA\" target=\"_blank\" rel=\"noopener noreferrer\">Alle Bilder von Montag &#8230;<\/a><\/p>\n<p><strong>Die Bilder von den anderen Tagen:<\/strong><\/p>\n<p><a href=\"https:\/\/photos.app.goo.gl\/RHTzGi9knQtsTais5\" target=\"_blank\" rel=\"noopener noreferrer\">Die Bilder von Samstag &#8230;<\/a><\/p>\n<p><a href=\"https:\/\/photos.app.goo.gl\/CtzMyRF6cMLG6cJ87\" target=\"_blank\" rel=\"noopener noreferrer\">Die Bilder vom Sonntag sind hier zu finden &#8230;<\/a><\/p>\n","protected":false},"excerpt":{"rendered":"<p>Traditionsgem\u00e4\u00df treffen sich die Mitglieder des St. Georg Corps am Sch\u00fctzenfestmontag um 10:00 Uhr auf der vereinseigenen Clubhausanlage am alten Lintorfer Bahnhof. Zu diesem Fr\u00fchst\u00fcck werden auch immer zahlreiche Ehreng\u00e4ste eingeladen.<\/p>\n","protected":false},"author":2,"featured_media":0,"comment_status":"closed","ping_status":"open","sticky":false,"template":"","format":"standard","meta":{"ngg_post_thumbnail":0,"_jetpack_memberships_contains_paid_content":false,"footnotes":""},"categories":[6,4],"tags":[],"class_list":["post-2505","post","type-post","status-publish","format-standard","hentry","category-corps","category-schuetzenfest"],"jetpack_featured_media_url":"","jetpack_shortlink":"https:\/\/wp.me\/p8O44P-Ep","jetpack-related-posts":[{"id":2958,"url":"https:\/\/www.st-georg-corps.de\/?p=2958","url_meta":{"origin":2505,"position":0},"title":"Sch\u00fctzenfestmontag 22.08.2022","author":"Ren\u00e9 Kupperian","date":"2022-08-27","format":false,"excerpt":"Am Sch\u00fctzenfest-Montag l\u00e4dt das St. Georg Corps traditionell seine Mitglieder und G\u00e4ste zu einem Fr\u00fchst\u00fcck und Mittagessen in geselliger Runde in das Clubhaus an der Wedauer Stra\u00dfe ein. P\u00fcnktlich um 10:00 Uhr fanden sich die ersten G\u00e4ste ein. Jeder wurde pers\u00f6nlich durch den Vorsitzenden Jens J\u00f6rgens und den amtierenden Corps-K\u00f6nig\u2026","rel":"","context":"In &quot;Sch\u00fctzenfest&quot;","block_context":{"text":"Sch\u00fctzenfest","link":"https:\/\/www.st-georg-corps.de\/?cat=4"},"img":{"alt_text":"","src":"https:\/\/i0.wp.com\/www.st-georg-corps.de\/wp-content\/uploads\/2022\/08\/2022-08-22_Eingang-600x400.jpg?resize=350%2C200","width":350,"height":200},"classes":[]},{"id":2407,"url":"https:\/\/www.st-georg-corps.de\/?p=2407","url_meta":{"origin":2505,"position":1},"title":"Sch\u00fctzenzug in Ratingen Mitte","author":"Ren\u00e9 Kupperian","date":"2019-08-05","format":false,"excerpt":"Was hat das St. Georg Corps Lintorf im Sch\u00fctzenzug in Ratingen verloren? Das hat sich vielleicht so mancher Zuschauer gefragt. Die Antwort ist ganz einfach. Vier Mitglieder unseres Corps (Marcel Mohr, Marius Mohr, Jens J\u00f6rgens und Sebastian Kahlert) sind zus\u00e4tzlich Mitglied der St. Suitbertus Kompanie in Ratingen. In diesem Jahr\u2026","rel":"","context":"In &quot;Corps&quot;","block_context":{"text":"Corps","link":"https:\/\/www.st-georg-corps.de\/?cat=6"},"img":{"alt_text":"","src":"https:\/\/i0.wp.com\/www.st-georg-corps.de\/wp-content\/uploads\/2019\/08\/2019-08-05-001-250x250.jpg?resize=350%2C200","width":350,"height":200},"classes":[]},{"id":3698,"url":"https:\/\/www.st-georg-corps.de\/?p=3698","url_meta":{"origin":2505,"position":2},"title":"R\u00fcckblick Sch\u00fctzenfest 2025","author":"Ren\u00e9 Kupperian","date":"2025-08-21","format":false,"excerpt":"Vier festliche Tage liegen hinter uns, vom Freitag bis zum Montag erlebten wir ein Sch\u00fctzenfest voller Tradition, Stimmung und Gemeinschaft. Der Freitagabend bildete den Auftakt des Programms: P\u00fcnktlich um 20:00 Uhr er\u00f6ffnete die Coverband Quer Beat das Fest im Zelt und sorgte mit ihrer Musik f\u00fcr ausgelassene Stimmung bis in\u2026","rel":"","context":"In &quot;Bruderschaft&quot;","block_context":{"text":"Bruderschaft","link":"https:\/\/www.st-georg-corps.de\/?cat=8"},"img":{"alt_text":"","src":"https:\/\/i0.wp.com\/www.st-georg-corps.de\/wp-content\/uploads\/2025\/08\/2025-08-16_Totenehrung_01_1200px-600x402.jpg?resize=350%2C200","width":350,"height":200},"classes":[]},{"id":1829,"url":"https:\/\/www.st-georg-corps.de\/?p=1829","url_meta":{"origin":2505,"position":3},"title":"Zu Besuch in Tiefenbroich","author":"Ren\u00e9 Kupperian","date":"2018-05-29","format":false,"excerpt":"Am Sonntag den 27. Mai startet f\u00fcr das Sankt Georg Corps der \"Sch\u00fctzensommer\" 2018. Mit einer Abordnung von 15 Kameraden folgten wir der Einladung des St. Suitbertus-Tambourcorps Ratingen und ihrem K\u00f6nig Thomas Schleuter zum Tiefenbroicher Sch\u00fctzenfest. \" order_by=\"filename\" order_direction=\"ASC\" returns=\"included\" maximum_entity_count=\"500\"] Bei strahlendem Sonnenschein verbrachten wir zun\u00e4chst einige sch\u00f6ne Stunden\u2026","rel":"","context":"In &quot;Events&quot;","block_context":{"text":"Events","link":"https:\/\/www.st-georg-corps.de\/?cat=5"},"img":{"alt_text":"","src":"","width":0,"height":0},"classes":[]},{"id":2803,"url":"https:\/\/www.st-georg-corps.de\/?p=2803","url_meta":{"origin":2505,"position":4},"title":"14.08.2021 Sch\u00fctzenfest abgesagt! Nicht ganz \u2026","author":"Ren\u00e9 Kupperian","date":"2021-08-23","format":false,"excerpt":"Aufgrund der Corona Pandemie wurde das Lintorfer Sch\u00fctzenfest bereits zum zweiten Mal in Folge abgesagt. Vereinsintern waren in diesem Jahr wieder Veranstaltungen gestattet und so beschloss das St. Georg Corps das Sch\u00fctzenfest, zumindest am Samstag, in einem eigenen Rahmen zu begehen. Traditionsgem\u00e4\u00df startet das Corps den \u201eSch\u00fctzenfestsamstag\u201c auf dem Lintorfer\u2026","rel":"","context":"In &quot;Corps&quot;","block_context":{"text":"Corps","link":"https:\/\/www.st-georg-corps.de\/?cat=6"},"img":{"alt_text":"","src":"https:\/\/i0.wp.com\/www.st-georg-corps.de\/wp-content\/uploads\/2021\/08\/2021-08-14-11-250x250.jpg?resize=350%2C200","width":350,"height":200},"classes":[]},{"id":2434,"url":"https:\/\/www.st-georg-corps.de\/?p=2434","url_meta":{"origin":2505,"position":5},"title":"2019-08-11 M\u00f6schesonntag","author":"Ren\u00e9 Kupperian","date":"2019-08-14","format":false,"excerpt":"Am M\u00f6schesonntag hatten wir ja mal wieder Gl\u00fcck mit dem Wetter. P\u00fcnktlich um 10:15 Uhr sind 22 Mitglieder angetreten, um die goldene M\u00f6sch zum Sch\u00fctzenplatz zu geleiten.\u00a0 Auch in diesem Jahr wurde der pr\u00e4chtig geschm\u00fcckte goldene Vogel von Lucas Kellersmann am Anfang des Zuges getragen. Die M\u00f6sch oder auch liebevoll,\u2026","rel":"","context":"In &quot;Sch\u00fctzenfest&quot;","block_context":{"text":"Sch\u00fctzenfest","link":"https:\/\/www.st-georg-corps.de\/?cat=4"},"img":{"alt_text":"","src":"https:\/\/i0.wp.com\/www.st-georg-corps.de\/wp-content\/uploads\/2019\/08\/2019-08-11_Moeschesonntag-250x250.jpg?resize=350%2C200","width":350,"height":200},"classes":[]}],"jetpack_likes_enabled":false,"jetpack_sharing_enabled":true,"_links":{"self":[{"href":"https:\/\/www.st-georg-corps.de\/index.php?rest_route=\/wp\/v2\/posts\/2505","targetHints":{"allow":["GET"]}}],"collection":[{"href":"https:\/\/www.st-georg-corps.de\/index.php?rest_route=\/wp\/v2\/posts"}],"about":[{"href":"https:\/\/www.st-georg-corps.de\/index.php?rest_route=\/wp\/v2\/types\/post"}],"author":[{"embeddable":true,"href":"https:\/\/www.st-georg-corps.de\/index.php?rest_route=\/wp\/v2\/users\/2"}],"replies":[{"embeddable":true,"href":"https:\/\/www.st-georg-corps.de\/index.php?rest_route=%2Fwp%2Fv2%2Fcomments&post=2505"}],"version-history":[{"count":7,"href":"https:\/\/www.st-georg-corps.de\/index.php?rest_route=\/wp\/v2\/posts\/2505\/revisions"}],"predecessor-version":[{"id":2513,"href":"https:\/\/www.st-georg-corps.de\/index.php?rest_route=\/wp\/v2\/posts\/2505\/revisions\/2513"}],"wp:attachment":[{"href":"https:\/\/www.st-georg-corps.de\/index.php?rest_route=%2Fwp%2Fv2%2Fmedia&parent=2505"}],"wp:term":[{"taxonomy":"category","embeddable":true,"href":"https:\/\/www.st-georg-corps.de\/index.php?rest_route=%2Fwp%2Fv2%2Fcategories&post=2505"},{"taxonomy":"post_tag","embeddable":true,"href":"https:\/\/www.st-georg-corps.de\/index.php?rest_route=%2Fwp%2Fv2%2Ftags&post=2505"}],"curies":[{"name":"wp","href":"https:\/\/api.w.org\/{rel}","templated":true}]}}