{"id":2464,"date":"2019-08-20T09:35:30","date_gmt":"2019-08-20T07:35:30","guid":{"rendered":"http:\/\/www.st-georg-corps.de\/?p=2464"},"modified":"2019-09-22T19:34:05","modified_gmt":"2019-09-22T17:34:05","slug":"koenig-und-kronprinz-der-bruderschaft-2019","status":"publish","type":"post","link":"https:\/\/www.st-georg-corps.de\/?p=2464","title":{"rendered":"K\u00f6nig und Kronprinz der Bruderschaft 2019"},"content":{"rendered":"<p>Unser Schie\u00dfmeister Sebastian Kahlert ist neuer K\u00f6nig der St. Sebastianus Sch\u00fctzenbruderschaft Lintorf 1464. Ihm steht als K\u00f6nigin Stefanie Schwarz zur Seite. Stefanie entstammt einer Ratinger Sch\u00fctzenfamilie. Ihr Gro\u00dfvater und Onkel sind Mitglieder der J\u00e4ger Kompanie.<\/p>\n<div id=\"attachment_2471\" style=\"width: 310px\" class=\"wp-caption aligncenter\"><a href=\"https:\/\/i0.wp.com\/www.st-georg-corps.de\/wp-content\/uploads\/2019\/08\/2019-08-20_Majestaeten-06.jpg\"><img data-recalc-dims=\"1\" loading=\"lazy\" decoding=\"async\" aria-describedby=\"caption-attachment-2471\" data-attachment-id=\"2471\" data-permalink=\"https:\/\/www.st-georg-corps.de\/?attachment_id=2471\" data-orig-file=\"https:\/\/i0.wp.com\/www.st-georg-corps.de\/wp-content\/uploads\/2019\/08\/2019-08-20_Majestaeten-06.jpg?fit=853%2C1280&amp;ssl=1\" data-orig-size=\"853,1280\" data-comments-opened=\"0\" data-image-meta=\"{&quot;aperture&quot;:&quot;4.2&quot;,&quot;credit&quot;:&quot;&quot;,&quot;camera&quot;:&quot;NIKON D5200&quot;,&quot;caption&quot;:&quot;&quot;,&quot;created_timestamp&quot;:&quot;1566247291&quot;,&quot;copyright&quot;:&quot;&quot;,&quot;focal_length&quot;:&quot;32&quot;,&quot;iso&quot;:&quot;3200&quot;,&quot;shutter_speed&quot;:&quot;0.016666666666667&quot;,&quot;title&quot;:&quot;&quot;,&quot;orientation&quot;:&quot;0&quot;}\" data-image-title=\"2019-08-20_Majestaeten-06\" data-image-description=\"\" data-image-caption=\"\" data-medium-file=\"https:\/\/i0.wp.com\/www.st-georg-corps.de\/wp-content\/uploads\/2019\/08\/2019-08-20_Majestaeten-06.jpg?fit=400%2C600&amp;ssl=1\" data-large-file=\"https:\/\/i0.wp.com\/www.st-georg-corps.de\/wp-content\/uploads\/2019\/08\/2019-08-20_Majestaeten-06.jpg?fit=682%2C1024&amp;ssl=1\" class=\"wp-image-2471\" src=\"https:\/\/i0.wp.com\/www.st-georg-corps.de\/wp-content\/uploads\/2019\/08\/2019-08-20_Majestaeten-06.jpg?resize=300%2C448\" alt=\"\" width=\"300\" height=\"448\"><\/a><p id=\"caption-attachment-2471\" class=\"wp-caption-text\">Sebastian und Steffi<\/p><\/div>\n<p>Sebastian hat sich treffsicher gegen seine beiden Rivalen Andreas Nie\u00df vom J\u00e4ger Corps und Erwin Portoil vom Lambertus Corps durchgesetzt. Um 14:30 war die Entscheidung gefallen und der neue K\u00f6nig stand fest.&nbsp;<\/p>\n<p><!--more--><\/p>\n<div id=\"attachment_2468\" style=\"width: 310px\" class=\"wp-caption aligncenter\"><a href=\"https:\/\/i0.wp.com\/www.st-georg-corps.de\/wp-content\/uploads\/2019\/08\/2019-08-20_Majestaeten-03.jpg\"><img data-recalc-dims=\"1\" loading=\"lazy\" decoding=\"async\" aria-describedby=\"caption-attachment-2468\" data-attachment-id=\"2468\" data-permalink=\"https:\/\/www.st-georg-corps.de\/?attachment_id=2468\" data-orig-file=\"https:\/\/i0.wp.com\/www.st-georg-corps.de\/wp-content\/uploads\/2019\/08\/2019-08-20_Majestaeten-03.jpg?fit=853%2C1280&amp;ssl=1\" data-orig-size=\"853,1280\" data-comments-opened=\"0\" data-image-meta=\"{&quot;aperture&quot;:&quot;9&quot;,&quot;credit&quot;:&quot;&quot;,&quot;camera&quot;:&quot;NIKON D5200&quot;,&quot;caption&quot;:&quot;&quot;,&quot;created_timestamp&quot;:&quot;1566224586&quot;,&quot;copyright&quot;:&quot;&quot;,&quot;focal_length&quot;:&quot;18&quot;,&quot;iso&quot;:&quot;100&quot;,&quot;shutter_speed&quot;:&quot;0.005&quot;,&quot;title&quot;:&quot;&quot;,&quot;orientation&quot;:&quot;0&quot;}\" data-image-title=\"2019-08-20_Majestaeten-03\" data-image-description=\"\" data-image-caption=\"\" data-medium-file=\"https:\/\/i0.wp.com\/www.st-georg-corps.de\/wp-content\/uploads\/2019\/08\/2019-08-20_Majestaeten-03.jpg?fit=400%2C600&amp;ssl=1\" data-large-file=\"https:\/\/i0.wp.com\/www.st-georg-corps.de\/wp-content\/uploads\/2019\/08\/2019-08-20_Majestaeten-03.jpg?fit=682%2C1024&amp;ssl=1\" class=\"wp-image-2468\" src=\"https:\/\/i0.wp.com\/www.st-georg-corps.de\/wp-content\/uploads\/2019\/08\/2019-08-20_Majestaeten-03.jpg?resize=300%2C451\" alt=\"\" width=\"300\" height=\"451\" srcset=\"https:\/\/i0.wp.com\/www.st-georg-corps.de\/wp-content\/uploads\/2019\/08\/2019-08-20_Majestaeten-03.jpg?w=853&amp;ssl=1 853w, https:\/\/i0.wp.com\/www.st-georg-corps.de\/wp-content\/uploads\/2019\/08\/2019-08-20_Majestaeten-03.jpg?resize=400%2C600&amp;ssl=1 400w, https:\/\/i0.wp.com\/www.st-georg-corps.de\/wp-content\/uploads\/2019\/08\/2019-08-20_Majestaeten-03.jpg?resize=768%2C1152&amp;ssl=1 768w, https:\/\/i0.wp.com\/www.st-georg-corps.de\/wp-content\/uploads\/2019\/08\/2019-08-20_Majestaeten-03.jpg?resize=682%2C1024&amp;ssl=1 682w\" sizes=\"auto, (max-width: 300px) 100vw, 300px\" \/><\/a><p id=\"caption-attachment-2468\" class=\"wp-caption-text\">K\u00f6nig<\/p><\/div>\n<p>Unserem Jungsch\u00fctze Lucas Kellersmann gelang es in diesem Jahr die W\u00fcrde des Kronprinzen zu erstreiten. Lucas w\u00e4hlte Rachel Thorn zu seiner Kronprinzessin.<\/p>\n<div id=\"attachment_2467\" style=\"width: 310px\" class=\"wp-caption aligncenter\"><a href=\"https:\/\/i0.wp.com\/www.st-georg-corps.de\/wp-content\/uploads\/2019\/08\/2019-08-20_Majestaeten-02.jpg\"><img data-recalc-dims=\"1\" loading=\"lazy\" decoding=\"async\" aria-describedby=\"caption-attachment-2467\" data-attachment-id=\"2467\" data-permalink=\"https:\/\/www.st-georg-corps.de\/?attachment_id=2467\" data-orig-file=\"https:\/\/i0.wp.com\/www.st-georg-corps.de\/wp-content\/uploads\/2019\/08\/2019-08-20_Majestaeten-02.jpg?fit=853%2C1280&amp;ssl=1\" data-orig-size=\"853,1280\" data-comments-opened=\"0\" data-image-meta=\"{&quot;aperture&quot;:&quot;8&quot;,&quot;credit&quot;:&quot;&quot;,&quot;camera&quot;:&quot;NIKON D5200&quot;,&quot;caption&quot;:&quot;&quot;,&quot;created_timestamp&quot;:&quot;1566223654&quot;,&quot;copyright&quot;:&quot;&quot;,&quot;focal_length&quot;:&quot;34&quot;,&quot;iso&quot;:&quot;200&quot;,&quot;shutter_speed&quot;:&quot;0.004&quot;,&quot;title&quot;:&quot;&quot;,&quot;orientation&quot;:&quot;0&quot;}\" data-image-title=\"2019-08-20_Majestaeten-02\" data-image-description=\"\" data-image-caption=\"\" data-medium-file=\"https:\/\/i0.wp.com\/www.st-georg-corps.de\/wp-content\/uploads\/2019\/08\/2019-08-20_Majestaeten-02.jpg?fit=400%2C600&amp;ssl=1\" data-large-file=\"https:\/\/i0.wp.com\/www.st-georg-corps.de\/wp-content\/uploads\/2019\/08\/2019-08-20_Majestaeten-02.jpg?fit=682%2C1024&amp;ssl=1\" class=\"wp-image-2467\" src=\"https:\/\/i0.wp.com\/www.st-georg-corps.de\/wp-content\/uploads\/2019\/08\/2019-08-20_Majestaeten-02.jpg?resize=300%2C450\" alt=\"\" width=\"300\" height=\"450\" srcset=\"https:\/\/i0.wp.com\/www.st-georg-corps.de\/wp-content\/uploads\/2019\/08\/2019-08-20_Majestaeten-02.jpg?w=853&amp;ssl=1 853w, https:\/\/i0.wp.com\/www.st-georg-corps.de\/wp-content\/uploads\/2019\/08\/2019-08-20_Majestaeten-02.jpg?resize=400%2C600&amp;ssl=1 400w, https:\/\/i0.wp.com\/www.st-georg-corps.de\/wp-content\/uploads\/2019\/08\/2019-08-20_Majestaeten-02.jpg?resize=768%2C1152&amp;ssl=1 768w, https:\/\/i0.wp.com\/www.st-georg-corps.de\/wp-content\/uploads\/2019\/08\/2019-08-20_Majestaeten-02.jpg?resize=682%2C1024&amp;ssl=1 682w\" sizes=\"auto, (max-width: 300px) 100vw, 300px\" \/><\/a><p id=\"caption-attachment-2467\" class=\"wp-caption-text\">Kronprinz<\/p><\/div>\n<p>Nach 2011 (Dieter Rubner und Moritz Kahlert) und 2003 (Herbert Hirsch und Jens J\u00f6rgens) ist dies bereits das dritte Mal in unserer Geschichte, dass das St. Georg Corps beide Majest\u00e4ten der Bruderschaft stellt.Wir sind gespannt auf das vor uns liegenden Jahr und werden unsere Kameraden so gut es irgendwie geht unterst\u00fctzen. Insbesondere wird sich Thomas Behrendt als Brudermeister um die Organisation der vielen Termine k\u00fcmmern.&nbsp;Wir gratulieren dem neuen K\u00f6nig und Kronprinzen und freuen auf ein tolles K\u00f6nigsjahr mit Euch.<\/p>\n<p>&nbsp;<\/p>\n<div id=\"attachment_2466\" style=\"width: 310px\" class=\"wp-caption aligncenter\"><a href=\"https:\/\/i0.wp.com\/www.st-georg-corps.de\/wp-content\/uploads\/2019\/08\/2019-08-20_Majestaeten-01.jpg\"><img data-recalc-dims=\"1\" loading=\"lazy\" decoding=\"async\" aria-describedby=\"caption-attachment-2466\" data-attachment-id=\"2466\" data-permalink=\"https:\/\/www.st-georg-corps.de\/?attachment_id=2466\" data-orig-file=\"https:\/\/i0.wp.com\/www.st-georg-corps.de\/wp-content\/uploads\/2019\/08\/2019-08-20_Majestaeten-01.jpg?fit=960%2C1280&amp;ssl=1\" data-orig-size=\"960,1280\" data-comments-opened=\"0\" data-image-meta=\"{&quot;aperture&quot;:&quot;1.7&quot;,&quot;credit&quot;:&quot;&quot;,&quot;camera&quot;:&quot;SM-G950F&quot;,&quot;caption&quot;:&quot;&quot;,&quot;created_timestamp&quot;:&quot;1566219036&quot;,&quot;copyright&quot;:&quot;&quot;,&quot;focal_length&quot;:&quot;4.2&quot;,&quot;iso&quot;:&quot;40&quot;,&quot;shutter_speed&quot;:&quot;0.0014705882352941&quot;,&quot;title&quot;:&quot;&quot;,&quot;orientation&quot;:&quot;0&quot;}\" data-image-title=\"\" data-image-description=\"\" data-image-caption=\"\" data-medium-file=\"https:\/\/i0.wp.com\/www.st-georg-corps.de\/wp-content\/uploads\/2019\/08\/2019-08-20_Majestaeten-01.jpg?fit=450%2C600&amp;ssl=1\" data-large-file=\"https:\/\/i0.wp.com\/www.st-georg-corps.de\/wp-content\/uploads\/2019\/08\/2019-08-20_Majestaeten-01.jpg?fit=768%2C1024&amp;ssl=1\" class=\"wp-image-2466\" src=\"https:\/\/i0.wp.com\/www.st-georg-corps.de\/wp-content\/uploads\/2019\/08\/2019-08-20_Majestaeten-01.jpg?resize=300%2C401\" alt=\"\" width=\"300\" height=\"401\" srcset=\"https:\/\/i0.wp.com\/www.st-georg-corps.de\/wp-content\/uploads\/2019\/08\/2019-08-20_Majestaeten-01.jpg?w=960&amp;ssl=1 960w, https:\/\/i0.wp.com\/www.st-georg-corps.de\/wp-content\/uploads\/2019\/08\/2019-08-20_Majestaeten-01.jpg?resize=450%2C600&amp;ssl=1 450w, https:\/\/i0.wp.com\/www.st-georg-corps.de\/wp-content\/uploads\/2019\/08\/2019-08-20_Majestaeten-01.jpg?resize=768%2C1024&amp;ssl=1 768w\" sizes=\"auto, (max-width: 300px) 100vw, 300px\" \/><\/a><p id=\"caption-attachment-2466\" class=\"wp-caption-text\">Sebastian und Lucas<\/p><\/div>\n<p>&nbsp;<\/p>\n","protected":false},"excerpt":{"rendered":"<p>Unser Schie\u00dfmeister Sebastian Kahlert ist neuer K\u00f6nig der St. Sebastianus Sch\u00fctzenbruderschaft Lintorf 1464. Ihm steht als K\u00f6nigin Stefanie Schwarz zur Seite. Stefanie entstammt einer Ratinger Sch\u00fctzenfamilie. Ihr Gro\u00dfvater und Onkel sind Mitglieder der J\u00e4ger Kompanie. Sebastian hat sich treffsicher gegen seine beiden Rivalen Andreas Nie\u00df vom J\u00e4ger Corps und Erwin Portoil vom Lambertus Corps durchgesetzt. Um 14:30 war die Entscheidung<\/p>\n","protected":false},"author":2,"featured_media":0,"comment_status":"closed","ping_status":"open","sticky":false,"template":"","format":"standard","meta":{"ngg_post_thumbnail":0,"_jetpack_memberships_contains_paid_content":false,"footnotes":""},"categories":[8,6,4],"tags":[],"class_list":["post-2464","post","type-post","status-publish","format-standard","hentry","category-bruderschaft","category-corps","category-schuetzenfest"],"jetpack_featured_media_url":"","jetpack_shortlink":"https:\/\/wp.me\/p8O44P-DK","jetpack-related-posts":[{"id":2505,"url":"https:\/\/www.st-georg-corps.de\/?p=2505","url_meta":{"origin":2464,"position":0},"title":"St. Georg Corps im Gl\u00fcck (Sch\u00fctzenfest 2019)","author":"Ren\u00e9 Kupperian","date":"2019-09-08","format":false,"excerpt":"Traditionsgem\u00e4\u00df treffen sich die Mitglieder des St. Georg Corps am Sch\u00fctzenfestmontag um 10:00 Uhr auf der vereinseigenen Clubhausanlage am alten Lintorfer Bahnhof. Zu diesem Fr\u00fchst\u00fcck werden auch immer zahlreiche Ehreng\u00e4ste eingeladen. Jeder Gast wurde am Eingang pers\u00f6nlich begr\u00fc\u00dft und bekam einen St. Georg Corps Sticker geschenkt. Zu den G\u00e4sten z\u00e4hlten\u2026","rel":"","context":"In &quot;Corps&quot;","block_context":{"text":"Corps","link":"https:\/\/www.st-georg-corps.de\/?cat=6"},"img":{"alt_text":"","src":"https:\/\/i0.wp.com\/www.st-georg-corps.de\/wp-content\/uploads\/2019\/09\/2019-08-19_SGC-Im-Glueck-1024x682.jpg?resize=350%2C200","width":350,"height":200,"srcset":"https:\/\/i0.wp.com\/www.st-georg-corps.de\/wp-content\/uploads\/2019\/09\/2019-08-19_SGC-Im-Glueck-1024x682.jpg?resize=350%2C200 1x, https:\/\/i0.wp.com\/www.st-georg-corps.de\/wp-content\/uploads\/2019\/09\/2019-08-19_SGC-Im-Glueck-1024x682.jpg?resize=525%2C300 1.5x, https:\/\/i0.wp.com\/www.st-georg-corps.de\/wp-content\/uploads\/2019\/09\/2019-08-19_SGC-Im-Glueck-1024x682.jpg?resize=700%2C400 2x"},"classes":[]},{"id":3698,"url":"https:\/\/www.st-georg-corps.de\/?p=3698","url_meta":{"origin":2464,"position":1},"title":"R\u00fcckblick Sch\u00fctzenfest 2025","author":"Ren\u00e9 Kupperian","date":"2025-08-21","format":false,"excerpt":"Vier festliche Tage liegen hinter uns, vom Freitag bis zum Montag erlebten wir ein Sch\u00fctzenfest voller Tradition, Stimmung und Gemeinschaft. Der Freitagabend bildete den Auftakt des Programms: P\u00fcnktlich um 20:00 Uhr er\u00f6ffnete die Coverband Quer Beat das Fest im Zelt und sorgte mit ihrer Musik f\u00fcr ausgelassene Stimmung bis in\u2026","rel":"","context":"In &quot;Bruderschaft&quot;","block_context":{"text":"Bruderschaft","link":"https:\/\/www.st-georg-corps.de\/?cat=8"},"img":{"alt_text":"","src":"https:\/\/i0.wp.com\/www.st-georg-corps.de\/wp-content\/uploads\/2025\/08\/2025-08-16_Totenehrung_01_1200px-600x402.jpg?resize=350%2C200","width":350,"height":200},"classes":[]},{"id":2602,"url":"https:\/\/www.st-georg-corps.de\/?p=2602","url_meta":{"origin":2464,"position":2},"title":"Weihnachtsfeier 2019","author":"Ren\u00e9 Kupperian","date":"2019-12-18","format":false,"excerpt":"Die Weihnachtsfeier des St. Georg Corps fand am 14. Dezember statt. Leider hatten wir nur wenig Gl\u00fcck mit dem Wetter, denn es war so richtiges Dreckswetter. Bevor es richtig los ging, musste bereits die komplette Au\u00dfendekoration mitsamt Zelt im Regen abgebaut werden, da das Zelt drohte wegzufliegen. Nachdem wieder Ruhe\u2026","rel":"","context":"In &quot;Corps&quot;","block_context":{"text":"Corps","link":"https:\/\/www.st-georg-corps.de\/?cat=6"},"img":{"alt_text":"","src":"https:\/\/i0.wp.com\/www.st-georg-corps.de\/wp-content\/uploads\/2019\/12\/2019-12-14_Weihnachtsfeier-600x400.jpg?resize=350%2C200","width":350,"height":200,"srcset":"https:\/\/i0.wp.com\/www.st-georg-corps.de\/wp-content\/uploads\/2019\/12\/2019-12-14_Weihnachtsfeier-600x400.jpg?resize=350%2C200 1x, https:\/\/i0.wp.com\/www.st-georg-corps.de\/wp-content\/uploads\/2019\/12\/2019-12-14_Weihnachtsfeier-600x400.jpg?resize=525%2C300 1.5x"},"classes":[]},{"id":2653,"url":"https:\/\/www.st-georg-corps.de\/?p=2653","url_meta":{"origin":2464,"position":3},"title":"Titularfest am 26.01.2020","author":"Ren\u00e9 Kupperian","date":"2020-01-27","format":false,"excerpt":"Um 08:45 Uhr hie\u00df es Antreten zur Messe in St. Anna um den K\u00f6nig der Lintorfer Bruderschaft Sebastian Kahlert und den Jungk\u00f6nig Lucas Kellersmann zu begleiten. Die Messe, die Pr\u00e4ses Benedikt Zervosen sehr sch\u00f6n zelebrierte, folgte einem sehr genauen Zeitplan. Nach einer Stunde brachen die Sch\u00fctzen auf zum Pfarrzentrum St.\u2026","rel":"","context":"In &quot;Bruderschaft&quot;","block_context":{"text":"Bruderschaft","link":"https:\/\/www.st-georg-corps.de\/?cat=8"},"img":{"alt_text":"","src":"https:\/\/i0.wp.com\/www.st-georg-corps.de\/wp-content\/uploads\/2020\/01\/2020-01-26_Messe-600x450.jpg?resize=350%2C200","width":350,"height":200},"classes":[]},{"id":1074,"url":"https:\/\/www.st-georg-corps.de\/?p=1074","url_meta":{"origin":2464,"position":4},"title":"K\u00f6nigsfest 2017","author":"Ren\u00e9 Kupperian","date":"2017-07-15","format":false,"excerpt":"K\u00f6nigsfest des St. Georg Corps Lintorf 1963 e.V. Das K\u00f6nigsfest des St. Georg Corps war auch in diesem Jahr ein voller Erfolg. Der Vorsitzende Jens J\u00f6rgens moderierte mit seinem Stellvertreter Frank Groten durch den Tag. Sowohl die Mitglieder des Corps als auch die geladenen G\u00e4ste, unter denen sich auch Sch\u00fctzenchef\u2026","rel":"","context":"In &quot;Corps&quot;","block_context":{"text":"Corps","link":"https:\/\/www.st-georg-corps.de\/?cat=6"},"img":{"alt_text":"","src":"https:\/\/i0.wp.com\/www.st-georg-corps.de\/wp-content\/uploads\/2017\/07\/Koenigsfest-2017-260-600x395.jpg?resize=350%2C200","width":350,"height":200,"srcset":"https:\/\/i0.wp.com\/www.st-georg-corps.de\/wp-content\/uploads\/2017\/07\/Koenigsfest-2017-260-600x395.jpg?resize=350%2C200 1x, https:\/\/i0.wp.com\/www.st-georg-corps.de\/wp-content\/uploads\/2017\/07\/Koenigsfest-2017-260-600x395.jpg?resize=525%2C300 1.5x"},"classes":[]},{"id":3209,"url":"https:\/\/www.st-georg-corps.de\/?p=3209","url_meta":{"origin":2464,"position":5},"title":"Sch\u00fctzenfest 2023","author":"Ren\u00e9 Kupperian","date":"2023-08-26","format":false,"excerpt":"Am Sch\u00fctzenfest-Montag geh\u00f6rt es zur langj\u00e4hrigen Tradition des St. Georg Corps, seine Mitglieder und G\u00e4ste in das Clubhaus an der Wedauer Stra\u00dfe zu einem geselligen Fr\u00fchst\u00fcck und Mittagessen einzuladen. P\u00fcnktlich um 10:00 Uhr str\u00f6mten die ersten G\u00e4ste herbei und wurden vom Vorsitzenden Jens J\u00f6rgens und dem Corps-K\u00f6nig Klaus Hobohm herzlich\u2026","rel":"","context":"In &quot;Events&quot;","block_context":{"text":"Events","link":"https:\/\/www.st-georg-corps.de\/?cat=5"},"img":{"alt_text":"","src":"https:\/\/i0.wp.com\/www.st-georg-corps.de\/wp-content\/uploads\/2023\/08\/Logo-SGC-301_2000px-600x600.png?resize=350%2C200","width":350,"height":200},"classes":[]}],"jetpack_likes_enabled":false,"jetpack_sharing_enabled":true,"_links":{"self":[{"href":"https:\/\/www.st-georg-corps.de\/index.php?rest_route=\/wp\/v2\/posts\/2464","targetHints":{"allow":["GET"]}}],"collection":[{"href":"https:\/\/www.st-georg-corps.de\/index.php?rest_route=\/wp\/v2\/posts"}],"about":[{"href":"https:\/\/www.st-georg-corps.de\/index.php?rest_route=\/wp\/v2\/types\/post"}],"author":[{"embeddable":true,"href":"https:\/\/www.st-georg-corps.de\/index.php?rest_route=\/wp\/v2\/users\/2"}],"replies":[{"embeddable":true,"href":"https:\/\/www.st-georg-corps.de\/index.php?rest_route=%2Fwp%2Fv2%2Fcomments&post=2464"}],"version-history":[{"count":17,"href":"https:\/\/www.st-georg-corps.de\/index.php?rest_route=\/wp\/v2\/posts\/2464\/revisions"}],"predecessor-version":[{"id":2561,"href":"https:\/\/www.st-georg-corps.de\/index.php?rest_route=\/wp\/v2\/posts\/2464\/revisions\/2561"}],"wp:attachment":[{"href":"https:\/\/www.st-georg-corps.de\/index.php?rest_route=%2Fwp%2Fv2%2Fmedia&parent=2464"}],"wp:term":[{"taxonomy":"category","embeddable":true,"href":"https:\/\/www.st-georg-corps.de\/index.php?rest_route=%2Fwp%2Fv2%2Fcategories&post=2464"},{"taxonomy":"post_tag","embeddable":true,"href":"https:\/\/www.st-georg-corps.de\/index.php?rest_route=%2Fwp%2Fv2%2Ftags&post=2464"}],"curies":[{"name":"wp","href":"https:\/\/api.w.org\/{rel}","templated":true}]}}