{"id":2256,"date":"2019-05-12T11:29:56","date_gmt":"2019-05-12T09:29:56","guid":{"rendered":"http:\/\/www.st-georg-corps.de\/?p=2256"},"modified":"2019-05-17T07:21:56","modified_gmt":"2019-05-17T05:21:56","slug":"marcel-moor-koenig-suitbertus-kompanie-ratingen","status":"publish","type":"post","link":"https:\/\/www.st-georg-corps.de\/?p=2256","title":{"rendered":"Marcel Mohr K\u00f6nig Suitbertus Kompanie Ratingen"},"content":{"rendered":"<p>&nbsp;<\/p>\n<div id=\"attachment_2265\" style=\"width: 210px\" class=\"wp-caption alignright\"><a href=\"https:\/\/i0.wp.com\/www.st-georg-corps.de\/wp-content\/uploads\/2019\/05\/Marcel_und_Steffi-2.jpg\"><img data-recalc-dims=\"1\" loading=\"lazy\" decoding=\"async\" aria-describedby=\"caption-attachment-2265\" data-attachment-id=\"2265\" data-permalink=\"https:\/\/www.st-georg-corps.de\/?attachment_id=2265\" data-orig-file=\"https:\/\/i0.wp.com\/www.st-georg-corps.de\/wp-content\/uploads\/2019\/05\/Marcel_und_Steffi-2.jpg?fit=1160%2C1159&amp;ssl=1\" data-orig-size=\"1160,1159\" data-comments-opened=\"0\" data-image-meta=\"{&quot;aperture&quot;:&quot;0&quot;,&quot;credit&quot;:&quot;&quot;,&quot;camera&quot;:&quot;&quot;,&quot;caption&quot;:&quot;&quot;,&quot;created_timestamp&quot;:&quot;0&quot;,&quot;copyright&quot;:&quot;&quot;,&quot;focal_length&quot;:&quot;0&quot;,&quot;iso&quot;:&quot;0&quot;,&quot;shutter_speed&quot;:&quot;0&quot;,&quot;title&quot;:&quot;&quot;,&quot;orientation&quot;:&quot;1&quot;}\" data-image-title=\"Marcel_und_Steffi 2\" data-image-description=\"\" data-image-caption=\"&lt;p&gt;Marcel Moor mit Ehefrau Stefanie&lt;\/p&gt;\n\" data-medium-file=\"https:\/\/i0.wp.com\/www.st-georg-corps.de\/wp-content\/uploads\/2019\/05\/Marcel_und_Steffi-2.jpg?fit=600%2C600&amp;ssl=1\" data-large-file=\"https:\/\/i0.wp.com\/www.st-georg-corps.de\/wp-content\/uploads\/2019\/05\/Marcel_und_Steffi-2.jpg?fit=860%2C860&amp;ssl=1\" class=\"wp-image-2265\" src=\"https:\/\/i0.wp.com\/www.st-georg-corps.de\/wp-content\/uploads\/2019\/05\/Marcel_und_Steffi-2.jpg?resize=200%2C200\" alt=\"\" width=\"200\" height=\"200\" srcset=\"https:\/\/i0.wp.com\/www.st-georg-corps.de\/wp-content\/uploads\/2019\/05\/Marcel_und_Steffi-2.jpg?resize=250%2C250&amp;ssl=1 250w, https:\/\/i0.wp.com\/www.st-georg-corps.de\/wp-content\/uploads\/2019\/05\/Marcel_und_Steffi-2.jpg?resize=600%2C600&amp;ssl=1 600w, https:\/\/i0.wp.com\/www.st-georg-corps.de\/wp-content\/uploads\/2019\/05\/Marcel_und_Steffi-2.jpg?resize=768%2C767&amp;ssl=1 768w, https:\/\/i0.wp.com\/www.st-georg-corps.de\/wp-content\/uploads\/2019\/05\/Marcel_und_Steffi-2.jpg?resize=1024%2C1024&amp;ssl=1 1024w, https:\/\/i0.wp.com\/www.st-georg-corps.de\/wp-content\/uploads\/2019\/05\/Marcel_und_Steffi-2.jpg?resize=90%2C90&amp;ssl=1 90w, https:\/\/i0.wp.com\/www.st-georg-corps.de\/wp-content\/uploads\/2019\/05\/Marcel_und_Steffi-2.jpg?resize=75%2C75&amp;ssl=1 75w, https:\/\/i0.wp.com\/www.st-georg-corps.de\/wp-content\/uploads\/2019\/05\/Marcel_und_Steffi-2.jpg?w=1160&amp;ssl=1 1160w\" sizes=\"auto, (max-width: 200px) 100vw, 200px\" \/><\/a><p id=\"caption-attachment-2265\" class=\"wp-caption-text\">Marcel Mohr mit Ehefrau Stefanie<\/p><\/div>\n<p>Das gesamte St. Georg Corps Lintorf 1963 e.V. gratuliert unserem Mitglied Marcel Mohr zur K\u00f6nigsw\u00fcrde der St. Suitbertus Kompanie in Ratingen.<\/p>\n<p>Herzlichen Gl\u00fcckwunsch Marcel&nbsp;<\/p>\n","protected":false},"excerpt":{"rendered":"<p>&nbsp; Das gesamte St. Georg Corps Lintorf 1963 e.V. gratuliert unserem Mitglied Marcel Mohr zur K\u00f6nigsw\u00fcrde der St. Suitbertus Kompanie in Ratingen. Herzlichen Gl\u00fcckwunsch Marcel&nbsp;<\/p>\n","protected":false},"author":2,"featured_media":0,"comment_status":"closed","ping_status":"open","sticky":false,"template":"","format":"standard","meta":{"ngg_post_thumbnail":0,"_jetpack_memberships_contains_paid_content":false,"footnotes":""},"categories":[1],"tags":[],"class_list":["post-2256","post","type-post","status-publish","format-standard","hentry","category-sonstiges"],"jetpack_featured_media_url":"","jetpack_shortlink":"https:\/\/wp.me\/p8O44P-Ao","jetpack-related-posts":[{"id":2407,"url":"https:\/\/www.st-georg-corps.de\/?p=2407","url_meta":{"origin":2256,"position":0},"title":"Sch\u00fctzenzug in Ratingen Mitte","author":"Ren\u00e9 Kupperian","date":"2019-08-05","format":false,"excerpt":"Was hat das St. Georg Corps Lintorf im Sch\u00fctzenzug in Ratingen verloren? Das hat sich vielleicht so mancher Zuschauer gefragt. Die Antwort ist ganz einfach. Vier Mitglieder unseres Corps (Marcel Mohr, Marius Mohr, Jens J\u00f6rgens und Sebastian Kahlert) sind zus\u00e4tzlich Mitglied der St. Suitbertus Kompanie in Ratingen. In diesem Jahr\u2026","rel":"","context":"In &quot;Corps&quot;","block_context":{"text":"Corps","link":"https:\/\/www.st-georg-corps.de\/?cat=6"},"img":{"alt_text":"","src":"https:\/\/i0.wp.com\/www.st-georg-corps.de\/wp-content\/uploads\/2019\/08\/2019-08-05-001-250x250.jpg?resize=350%2C200","width":350,"height":200},"classes":[]},{"id":2505,"url":"https:\/\/www.st-georg-corps.de\/?p=2505","url_meta":{"origin":2256,"position":1},"title":"St. Georg Corps im Gl\u00fcck (Sch\u00fctzenfest 2019)","author":"Ren\u00e9 Kupperian","date":"2019-09-08","format":false,"excerpt":"Traditionsgem\u00e4\u00df treffen sich die Mitglieder des St. Georg Corps am Sch\u00fctzenfestmontag um 10:00 Uhr auf der vereinseigenen Clubhausanlage am alten Lintorfer Bahnhof. Zu diesem Fr\u00fchst\u00fcck werden auch immer zahlreiche Ehreng\u00e4ste eingeladen. Jeder Gast wurde am Eingang pers\u00f6nlich begr\u00fc\u00dft und bekam einen St. Georg Corps Sticker geschenkt. Zu den G\u00e4sten z\u00e4hlten\u2026","rel":"","context":"In &quot;Corps&quot;","block_context":{"text":"Corps","link":"https:\/\/www.st-georg-corps.de\/?cat=6"},"img":{"alt_text":"","src":"https:\/\/i0.wp.com\/www.st-georg-corps.de\/wp-content\/uploads\/2019\/09\/2019-08-19_SGC-Im-Glueck-1024x682.jpg?resize=350%2C200","width":350,"height":200,"srcset":"https:\/\/i0.wp.com\/www.st-georg-corps.de\/wp-content\/uploads\/2019\/09\/2019-08-19_SGC-Im-Glueck-1024x682.jpg?resize=350%2C200 1x, https:\/\/i0.wp.com\/www.st-georg-corps.de\/wp-content\/uploads\/2019\/09\/2019-08-19_SGC-Im-Glueck-1024x682.jpg?resize=525%2C300 1.5x, https:\/\/i0.wp.com\/www.st-georg-corps.de\/wp-content\/uploads\/2019\/09\/2019-08-19_SGC-Im-Glueck-1024x682.jpg?resize=700%2C400 2x"},"classes":[]},{"id":1795,"url":"https:\/\/www.st-georg-corps.de\/?p=1795","url_meta":{"origin":2256,"position":2},"title":"Neues Mitglied Marius Mohr","author":"Ren\u00e9 Kupperian","date":"2018-05-05","format":false,"excerpt":"Am Freitag den 04.05.2018 wurde Marius Mohr als 45 Mitglied in das Sankt Georg Corps Lintorf 1963 e.V. aufgenommen. Wir freuen uns sehr mit Marius einen so mit dem Sch\u00fctzenwesen verbundenen und hilfsbereiten Kameraden zu gewinnen. Marius ist bereits Mitglied der Ratinger St. Suitbertus Kompanie. Er ist amtierender G\u00e4stek\u00f6nig der\u2026","rel":"","context":"In &quot;Corps&quot;","block_context":{"text":"Corps","link":"https:\/\/www.st-georg-corps.de\/?cat=6"},"img":{"alt_text":"","src":"https:\/\/i0.wp.com\/www.st-georg-corps.de\/wp-content\/uploads\/2017\/08\/2017-08-13-13.55.20-600x450.jpg?resize=350%2C200","width":350,"height":200},"classes":[]},{"id":254,"url":"https:\/\/www.st-georg-corps.de\/?p=254","url_meta":{"origin":2256,"position":3},"title":"Neues Mitglied Marcel Mohr","author":"Ren\u00e9 Kupperian","date":"2016-01-07","format":false,"excerpt":"Marcel Mohr wurde am 7.01.2016\u00a0als 45. Mitglied in\u00a0das St. Georg Corps Lintorf 1963 e.V. aufgenommen. Herzlich Willkommen.","rel":"","context":"In &quot;Corps&quot;","block_context":{"text":"Corps","link":"https:\/\/www.st-georg-corps.de\/?cat=6"},"img":{"alt_text":"","src":"","width":0,"height":0},"classes":[]},{"id":1223,"url":"https:\/\/www.st-georg-corps.de\/?p=1223","url_meta":{"origin":2256,"position":4},"title":"Lintorfer G\u00e4stek\u00f6nig Marius Mohr","author":"Ren\u00e9 Kupperian","date":"2017-08-14","format":false,"excerpt":"Die Mohrs rollen das Feld von hinten auf. Letztes Jahr war Manfred Mohr K\u00f6nig des St. Georg Corps. Sein Sohn Marcel ist ebenfalls Mitglied des Corps. In diesem Jahr geht die W\u00fcrde des G\u00e4stek\u00f6nigs der St. Sebastianus Sch\u00fctzenbruderschaft Lintorf 1464 an Marius Mohr. Marius ist kein Mitglied des Corps, aber\u2026","rel":"","context":"In &quot;Bruderschaft&quot;","block_context":{"text":"Bruderschaft","link":"https:\/\/www.st-georg-corps.de\/?cat=8"},"img":{"alt_text":"","src":"https:\/\/i0.wp.com\/www.st-georg-corps.de\/wp-content\/uploads\/2017\/08\/2017-08-13-13.55.20-1024x768.jpg?resize=350%2C200","width":350,"height":200,"srcset":"https:\/\/i0.wp.com\/www.st-georg-corps.de\/wp-content\/uploads\/2017\/08\/2017-08-13-13.55.20-1024x768.jpg?resize=350%2C200 1x, https:\/\/i0.wp.com\/www.st-georg-corps.de\/wp-content\/uploads\/2017\/08\/2017-08-13-13.55.20-1024x768.jpg?resize=525%2C300 1.5x, https:\/\/i0.wp.com\/www.st-georg-corps.de\/wp-content\/uploads\/2017\/08\/2017-08-13-13.55.20-1024x768.jpg?resize=700%2C400 2x"},"classes":[]},{"id":1829,"url":"https:\/\/www.st-georg-corps.de\/?p=1829","url_meta":{"origin":2256,"position":5},"title":"Zu Besuch in Tiefenbroich","author":"Ren\u00e9 Kupperian","date":"2018-05-29","format":false,"excerpt":"Am Sonntag den 27. Mai startet f\u00fcr das Sankt Georg Corps der \"Sch\u00fctzensommer\" 2018. Mit einer Abordnung von 15 Kameraden folgten wir der Einladung des St. Suitbertus-Tambourcorps Ratingen und ihrem K\u00f6nig Thomas Schleuter zum Tiefenbroicher Sch\u00fctzenfest. \" order_by=\"filename\" order_direction=\"ASC\" returns=\"included\" maximum_entity_count=\"500\"] Bei strahlendem Sonnenschein verbrachten wir zun\u00e4chst einige sch\u00f6ne Stunden\u2026","rel":"","context":"In &quot;Events&quot;","block_context":{"text":"Events","link":"https:\/\/www.st-georg-corps.de\/?cat=5"},"img":{"alt_text":"","src":"","width":0,"height":0},"classes":[]}],"jetpack_likes_enabled":false,"jetpack_sharing_enabled":true,"_links":{"self":[{"href":"https:\/\/www.st-georg-corps.de\/index.php?rest_route=\/wp\/v2\/posts\/2256","targetHints":{"allow":["GET"]}}],"collection":[{"href":"https:\/\/www.st-georg-corps.de\/index.php?rest_route=\/wp\/v2\/posts"}],"about":[{"href":"https:\/\/www.st-georg-corps.de\/index.php?rest_route=\/wp\/v2\/types\/post"}],"author":[{"embeddable":true,"href":"https:\/\/www.st-georg-corps.de\/index.php?rest_route=\/wp\/v2\/users\/2"}],"replies":[{"embeddable":true,"href":"https:\/\/www.st-georg-corps.de\/index.php?rest_route=%2Fwp%2Fv2%2Fcomments&post=2256"}],"version-history":[{"count":9,"href":"https:\/\/www.st-georg-corps.de\/index.php?rest_route=\/wp\/v2\/posts\/2256\/revisions"}],"predecessor-version":[{"id":2270,"href":"https:\/\/www.st-georg-corps.de\/index.php?rest_route=\/wp\/v2\/posts\/2256\/revisions\/2270"}],"wp:attachment":[{"href":"https:\/\/www.st-georg-corps.de\/index.php?rest_route=%2Fwp%2Fv2%2Fmedia&parent=2256"}],"wp:term":[{"taxonomy":"category","embeddable":true,"href":"https:\/\/www.st-georg-corps.de\/index.php?rest_route=%2Fwp%2Fv2%2Fcategories&post=2256"},{"taxonomy":"post_tag","embeddable":true,"href":"https:\/\/www.st-georg-corps.de\/index.php?rest_route=%2Fwp%2Fv2%2Ftags&post=2256"}],"curies":[{"name":"wp","href":"https:\/\/api.w.org\/{rel}","templated":true}]}}