{"id":2213,"date":"2019-04-23T18:53:42","date_gmt":"2019-04-23T16:53:42","guid":{"rendered":"http:\/\/www.st-georg-corps.de\/?p=2213"},"modified":"2019-04-25T06:24:13","modified_gmt":"2019-04-25T04:24:13","slug":"osterfruehstueck-am-22-04-2019","status":"publish","type":"post","link":"https:\/\/www.st-georg-corps.de\/?p=2213","title":{"rendered":"Osterfr\u00fchst\u00fcck am 22.04.2019"},"content":{"rendered":"<p>Sommerlich geschm\u00fcckt und nach zwei Aufr\u00e4umtagen (am 13 April haben die Maler des Clubs ganze Arbeit bei einem zweiten Einsatz geleistet) begr\u00fc\u00dfte uns unser Clubhaus in neuem Glanz. Das Wetter meinte es in diesem Jahr ganz besonders gut und schenke uns \u00fcber die kompletten Ostertage angenehme 26 Grad. Mit fast 50 Personen war unser Osterfr\u00fchst\u00fcck am Ostermontag sehr gut besucht. Nach dem gemeinsamen Fr\u00fchst\u00fcck fand ein gemischtes Osterschie\u00dfen statt bei dem auch die Frauen des Corps teilnehmen durften.<\/p>\n<p><a href=\"https:\/\/i0.wp.com\/www.st-georg-corps.de\/wp-content\/uploads\/2019\/04\/Ostern.jpg\"><img data-recalc-dims=\"1\" loading=\"lazy\" decoding=\"async\" data-attachment-id=\"2219\" data-permalink=\"https:\/\/www.st-georg-corps.de\/?attachment_id=2219\" data-orig-file=\"https:\/\/i0.wp.com\/www.st-georg-corps.de\/wp-content\/uploads\/2019\/04\/Ostern.jpg?fit=600%2C450&amp;ssl=1\" data-orig-size=\"600,450\" data-comments-opened=\"0\" data-image-meta=\"{&quot;aperture&quot;:&quot;1.8&quot;,&quot;credit&quot;:&quot;&quot;,&quot;camera&quot;:&quot;iPhone XS Max&quot;,&quot;caption&quot;:&quot;&quot;,&quot;created_timestamp&quot;:&quot;1555926947&quot;,&quot;copyright&quot;:&quot;&quot;,&quot;focal_length&quot;:&quot;4.25&quot;,&quot;iso&quot;:&quot;25&quot;,&quot;shutter_speed&quot;:&quot;0.0032258064516129&quot;,&quot;title&quot;:&quot;&quot;,&quot;orientation&quot;:&quot;1&quot;}\" data-image-title=\"Ostern 2019\" data-image-description=\"\" data-image-caption=\"\" data-medium-file=\"https:\/\/i0.wp.com\/www.st-georg-corps.de\/wp-content\/uploads\/2019\/04\/Ostern.jpg?fit=600%2C450&amp;ssl=1\" data-large-file=\"https:\/\/i0.wp.com\/www.st-georg-corps.de\/wp-content\/uploads\/2019\/04\/Ostern.jpg?fit=600%2C450&amp;ssl=1\" class=\"aligncenter wp-image-2219\" src=\"https:\/\/i0.wp.com\/www.st-georg-corps.de\/wp-content\/uploads\/2019\/04\/Ostern.jpg?resize=450%2C338\" alt=\"\" width=\"450\" height=\"338\"><\/a><\/p>\n<p>Sp\u00e4ter nutzten die M\u00e4nner des Corps die eigene Schie\u00dfbahn im Bunker das Clubhauses, um ein kleines Pokalschie\u00dfen zu veranstalten. Als Sieger gingen Sebastian Kahlert und Gert Mentzen aus diesem Schie\u00dfen hervor. Beide freuten sich \u00fcber einen Wanderpokal.<\/p>\n<p>Gut gelaunt verbrachten wir so zusammen einen herrlichen Tag bis sich die Gemeinschaft in den sp\u00e4ten Nachmittagsstunden aufgel\u00f6st hat.<\/p>\n<p>Vielen Dank an alle die bei der Vorbereitung und beim Aufr\u00e4umen geholfen haben.<\/p>\n<p><a href=\"https:\/\/photos.app.goo.gl\/Qnbu93BaURHXfjn37\" target=\"_blank\" rel=\"noopener noreferrer\">Ein paar Fotos sind hier zu finden.<\/a><\/p>\n","protected":false},"excerpt":{"rendered":"<p>Sommerlich geschm\u00fcckt und nach zwei Aufr\u00e4umtagen (am 13 April haben die Maler des Clubs ganze Arbeit bei einem zweiten Einsatz geleistet) begr\u00fc\u00dfte uns unser Clubhaus in neuem Glanz. Das Wetter meinte es in diesem Jahr ganz besonders gut und schenke uns \u00fcber die kompletten Ostertage angenehme 26 Grad. Mit fast 50 Personen war unser Osterfr\u00fchst\u00fcck am Ostermontag sehr gut besucht.<\/p>\n","protected":false},"author":2,"featured_media":0,"comment_status":"closed","ping_status":"open","sticky":false,"template":"","format":"standard","meta":{"ngg_post_thumbnail":0,"_jetpack_memberships_contains_paid_content":false,"footnotes":""},"categories":[6,5],"tags":[],"class_list":["post-2213","post","type-post","status-publish","format-standard","hentry","category-corps","category-events"],"jetpack_featured_media_url":"","jetpack_shortlink":"https:\/\/wp.me\/p8O44P-zH","jetpack-related-posts":[{"id":2877,"url":"https:\/\/www.st-georg-corps.de\/?p=2877","url_meta":{"origin":2213,"position":0},"title":"Maifest 2022","author":"Ren\u00e9 Kupperian","date":"2022-05-02","format":false,"excerpt":"Am 01. Mai fand nach 3 Jahren, lang ersehnt, wieder das Familienfest des St. Georg Corps statt. P\u00fcnktlich um 11:00 Uhr startete eine Truppe von \u00fcber 40 Personen zu einer kleinen Fahrrad- Rundfahrt. Ausr\u00fcstungstechnisch war an diesem Tag wirklich alles dabei. Vom fast schrottreifen Herrenrad (liebevoll Hula-bike genannt, weil es\u2026","rel":"","context":"In &quot;Corps&quot;","block_context":{"text":"Corps","link":"https:\/\/www.st-georg-corps.de\/?cat=6"},"img":{"alt_text":"","src":"https:\/\/i0.wp.com\/www.st-georg-corps.de\/wp-content\/uploads\/2022\/05\/IMG_20220501_123221-600x450.jpg?resize=350%2C200","width":350,"height":200},"classes":[]},{"id":3603,"url":"https:\/\/www.st-georg-corps.de\/?p=3603","url_meta":{"origin":2213,"position":1},"title":"Maifest und Radtour 2025","author":"Ren\u00e9 Kupperian","date":"2025-05-03","format":false,"excerpt":"Das Maifest 2025 \u2013 Ein rundum gelungenes Fest Bei herrlichem Fr\u00fchlingswetter versammelte sich die St. Georg Corps Familie auch in diesem Jahr am 1. Mai im Vereinsheim, um gemeinsam einen stimmungsvollen und geselligen Tag zu erleben. F\u00fcr den Auftakt f\u00fchrte Kalla J\u00f6rgens erneut eine abwechslungsreiche, rund zweist\u00fcndige Fahrradtour rund um\u2026","rel":"","context":"In &quot;Corps&quot;","block_context":{"text":"Corps","link":"https:\/\/www.st-georg-corps.de\/?cat=6"},"img":{"alt_text":"","src":"https:\/\/i0.wp.com\/www.st-georg-corps.de\/wp-content\/uploads\/2025\/04\/Maifest_2025_by_ChatGPT-400x600.jpg?resize=350%2C200","width":350,"height":200},"classes":[]},{"id":2505,"url":"https:\/\/www.st-georg-corps.de\/?p=2505","url_meta":{"origin":2213,"position":2},"title":"St. Georg Corps im Gl\u00fcck (Sch\u00fctzenfest 2019)","author":"Ren\u00e9 Kupperian","date":"2019-09-08","format":false,"excerpt":"Traditionsgem\u00e4\u00df treffen sich die Mitglieder des St. Georg Corps am Sch\u00fctzenfestmontag um 10:00 Uhr auf der vereinseigenen Clubhausanlage am alten Lintorfer Bahnhof. Zu diesem Fr\u00fchst\u00fcck werden auch immer zahlreiche Ehreng\u00e4ste eingeladen. Jeder Gast wurde am Eingang pers\u00f6nlich begr\u00fc\u00dft und bekam einen St. Georg Corps Sticker geschenkt. Zu den G\u00e4sten z\u00e4hlten\u2026","rel":"","context":"In &quot;Corps&quot;","block_context":{"text":"Corps","link":"https:\/\/www.st-georg-corps.de\/?cat=6"},"img":{"alt_text":"","src":"https:\/\/i0.wp.com\/www.st-georg-corps.de\/wp-content\/uploads\/2019\/09\/2019-08-19_SGC-Im-Glueck-1024x682.jpg?resize=350%2C200","width":350,"height":200,"srcset":"https:\/\/i0.wp.com\/www.st-georg-corps.de\/wp-content\/uploads\/2019\/09\/2019-08-19_SGC-Im-Glueck-1024x682.jpg?resize=350%2C200 1x, https:\/\/i0.wp.com\/www.st-georg-corps.de\/wp-content\/uploads\/2019\/09\/2019-08-19_SGC-Im-Glueck-1024x682.jpg?resize=525%2C300 1.5x, https:\/\/i0.wp.com\/www.st-georg-corps.de\/wp-content\/uploads\/2019\/09\/2019-08-19_SGC-Im-Glueck-1024x682.jpg?resize=700%2C400 2x"},"classes":[]},{"id":2240,"url":"https:\/\/www.st-georg-corps.de\/?p=2240","url_meta":{"origin":2213,"position":3},"title":"Maifest 2019","author":"Ren\u00e9 Kupperian","date":"2019-05-05","format":false,"excerpt":"Am 1. Mai wurde beim St. Georg Corps mal wieder geradelt. Gegen 11:00 Uhr startete eine Truppe von fast 30 Personen in Richtung Sechs-Seen-Platte. Es ging quer durch den Wald und um einen der Seen herum. Es war ganz sch\u00f6n frisch auf dem Rad und so manche(r) w\u00fcnschte sich, sie\u2026","rel":"","context":"In &quot;Corps&quot;","block_context":{"text":"Corps","link":"https:\/\/www.st-georg-corps.de\/?cat=6"},"img":{"alt_text":"","src":"https:\/\/i0.wp.com\/www.st-georg-corps.de\/wp-content\/uploads\/2019\/05\/2019-Maifest-Titel-250x250.jpg?resize=350%2C200","width":350,"height":200},"classes":[]},{"id":2989,"url":"https:\/\/www.st-georg-corps.de\/?p=2989","url_meta":{"origin":2213,"position":4},"title":"Hahnek\u00f6ppen 2022","author":"Ren\u00e9 Kupperian","date":"2022-09-06","format":false,"excerpt":"Am 03. September hatte unser Hahnek\u00f6nig Ren\u00e9 Kupperian zu einem besonderen Hahnek\u00f6ppen mit dem Motto \u201eHawaii\u201c geladen. Dieses Motto wurde von den G\u00e4sten und auch von unserem Deko-Team fantastisch umgesetzt. Selten hat man so viele Hawaiihemden auf einen Haufen gesehen. Bei strahlendem Sonnenschein startet das bunte Treiben um 17:00 Uhr.\u2026","rel":"","context":"In &quot;Corps&quot;","block_context":{"text":"Corps","link":"https:\/\/www.st-georg-corps.de\/?cat=6"},"img":{"alt_text":"","src":"https:\/\/i0.wp.com\/www.st-georg-corps.de\/wp-content\/uploads\/2022\/09\/2022-09-03_Aktueller-Hahnekoenig-250x250.jpg?resize=350%2C200","width":350,"height":200},"classes":[]},{"id":2803,"url":"https:\/\/www.st-georg-corps.de\/?p=2803","url_meta":{"origin":2213,"position":5},"title":"14.08.2021 Sch\u00fctzenfest abgesagt! Nicht ganz \u2026","author":"Ren\u00e9 Kupperian","date":"2021-08-23","format":false,"excerpt":"Aufgrund der Corona Pandemie wurde das Lintorfer Sch\u00fctzenfest bereits zum zweiten Mal in Folge abgesagt. Vereinsintern waren in diesem Jahr wieder Veranstaltungen gestattet und so beschloss das St. Georg Corps das Sch\u00fctzenfest, zumindest am Samstag, in einem eigenen Rahmen zu begehen. Traditionsgem\u00e4\u00df startet das Corps den \u201eSch\u00fctzenfestsamstag\u201c auf dem Lintorfer\u2026","rel":"","context":"In &quot;Corps&quot;","block_context":{"text":"Corps","link":"https:\/\/www.st-georg-corps.de\/?cat=6"},"img":{"alt_text":"","src":"https:\/\/i0.wp.com\/www.st-georg-corps.de\/wp-content\/uploads\/2021\/08\/2021-08-14-11-250x250.jpg?resize=350%2C200","width":350,"height":200},"classes":[]}],"jetpack_likes_enabled":false,"jetpack_sharing_enabled":true,"_links":{"self":[{"href":"https:\/\/www.st-georg-corps.de\/index.php?rest_route=\/wp\/v2\/posts\/2213","targetHints":{"allow":["GET"]}}],"collection":[{"href":"https:\/\/www.st-georg-corps.de\/index.php?rest_route=\/wp\/v2\/posts"}],"about":[{"href":"https:\/\/www.st-georg-corps.de\/index.php?rest_route=\/wp\/v2\/types\/post"}],"author":[{"embeddable":true,"href":"https:\/\/www.st-georg-corps.de\/index.php?rest_route=\/wp\/v2\/users\/2"}],"replies":[{"embeddable":true,"href":"https:\/\/www.st-georg-corps.de\/index.php?rest_route=%2Fwp%2Fv2%2Fcomments&post=2213"}],"version-history":[{"count":5,"href":"https:\/\/www.st-georg-corps.de\/index.php?rest_route=\/wp\/v2\/posts\/2213\/revisions"}],"predecessor-version":[{"id":2226,"href":"https:\/\/www.st-georg-corps.de\/index.php?rest_route=\/wp\/v2\/posts\/2213\/revisions\/2226"}],"wp:attachment":[{"href":"https:\/\/www.st-georg-corps.de\/index.php?rest_route=%2Fwp%2Fv2%2Fmedia&parent=2213"}],"wp:term":[{"taxonomy":"category","embeddable":true,"href":"https:\/\/www.st-georg-corps.de\/index.php?rest_route=%2Fwp%2Fv2%2Fcategories&post=2213"},{"taxonomy":"post_tag","embeddable":true,"href":"https:\/\/www.st-georg-corps.de\/index.php?rest_route=%2Fwp%2Fv2%2Ftags&post=2213"}],"curies":[{"name":"wp","href":"https:\/\/api.w.org\/{rel}","templated":true}]}}