{"id":2165,"date":"2019-01-21T18:23:57","date_gmt":"2019-01-21T17:23:57","guid":{"rendered":"http:\/\/www.st-georg-corps.de\/?p=2165"},"modified":"2019-01-21T18:53:59","modified_gmt":"2019-01-21T17:53:59","slug":"ehrungen-titularfest-2019","status":"publish","type":"post","link":"https:\/\/www.st-georg-corps.de\/?p=2165","title":{"rendered":"Ehrungen Titularfest 2019"},"content":{"rendered":"\n<p>Am 19.01.2019 wurde zum ersten Mal das Titularfest an einem Samstag Abend gefeiert. Diese Generalversammlung der Lintorfer Sch\u00fctzen fand seit 70 Jahren immer an einem Sonntag statt.<\/p>\n\n\n\n<div class=\"wp-block-image\"><figure class=\"alignleft is-resized\"><a href=\"https:\/\/i0.wp.com\/www.st-georg-corps.de\/wp-content\/uploads\/2019\/01\/2019-01-19_Orden-KHJ.png?ssl=1\"><img data-recalc-dims=\"1\" loading=\"lazy\" decoding=\"async\" data-attachment-id=\"2166\" data-permalink=\"https:\/\/www.st-georg-corps.de\/?attachment_id=2166\" data-orig-file=\"https:\/\/i0.wp.com\/www.st-georg-corps.de\/wp-content\/uploads\/2019\/01\/2019-01-19_Orden-KHJ.png?fit=600%2C600&amp;ssl=1\" data-orig-size=\"600,600\" data-comments-opened=\"0\" data-image-meta=\"{&quot;aperture&quot;:&quot;0&quot;,&quot;credit&quot;:&quot;&quot;,&quot;camera&quot;:&quot;&quot;,&quot;caption&quot;:&quot;&quot;,&quot;created_timestamp&quot;:&quot;0&quot;,&quot;copyright&quot;:&quot;&quot;,&quot;focal_length&quot;:&quot;0&quot;,&quot;iso&quot;:&quot;0&quot;,&quot;shutter_speed&quot;:&quot;0&quot;,&quot;title&quot;:&quot;&quot;,&quot;orientation&quot;:&quot;0&quot;}\" data-image-title=\"Karl-Heinz J\u00f6rgens\" data-image-description=\"\" data-image-caption=\"\" data-medium-file=\"https:\/\/i0.wp.com\/www.st-georg-corps.de\/wp-content\/uploads\/2019\/01\/2019-01-19_Orden-KHJ.png?fit=600%2C600&amp;ssl=1\" data-large-file=\"https:\/\/i0.wp.com\/www.st-georg-corps.de\/wp-content\/uploads\/2019\/01\/2019-01-19_Orden-KHJ.png?fit=600%2C600&amp;ssl=1\" src=\"https:\/\/i0.wp.com\/www.st-georg-corps.de\/wp-content\/uploads\/2019\/01\/2019-01-19_Orden-KHJ.png?resize=150%2C150\" alt=\"\" class=\"wp-image-2166\" width=\"150\" height=\"150\" srcset=\"https:\/\/i0.wp.com\/www.st-georg-corps.de\/wp-content\/uploads\/2019\/01\/2019-01-19_Orden-KHJ.png?w=600&amp;ssl=1 600w, https:\/\/i0.wp.com\/www.st-georg-corps.de\/wp-content\/uploads\/2019\/01\/2019-01-19_Orden-KHJ.png?resize=250%2C250&amp;ssl=1 250w, https:\/\/i0.wp.com\/www.st-georg-corps.de\/wp-content\/uploads\/2019\/01\/2019-01-19_Orden-KHJ.png?resize=90%2C90&amp;ssl=1 90w, https:\/\/i0.wp.com\/www.st-georg-corps.de\/wp-content\/uploads\/2019\/01\/2019-01-19_Orden-KHJ.png?resize=75%2C75&amp;ssl=1 75w\" sizes=\"auto, (max-width: 150px) 100vw, 150px\" \/><\/a><figcaption>Karl-Heinz J\u00f6rgens<\/figcaption><\/figure><\/div>\n\n\n\n<div class=\"wp-block-image\"><figure class=\"alignright is-resized\"><a href=\"https:\/\/i0.wp.com\/www.st-georg-corps.de\/wp-content\/uploads\/2019\/01\/2019-01-19_Urkunde-JN.png?ssl=1\"><img data-recalc-dims=\"1\" loading=\"lazy\" decoding=\"async\" data-attachment-id=\"2167\" data-permalink=\"https:\/\/www.st-georg-corps.de\/?attachment_id=2167\" data-orig-file=\"https:\/\/i0.wp.com\/www.st-georg-corps.de\/wp-content\/uploads\/2019\/01\/2019-01-19_Urkunde-JN.png?fit=600%2C600&amp;ssl=1\" data-orig-size=\"600,600\" data-comments-opened=\"0\" data-image-meta=\"{&quot;aperture&quot;:&quot;0&quot;,&quot;credit&quot;:&quot;&quot;,&quot;camera&quot;:&quot;&quot;,&quot;caption&quot;:&quot;&quot;,&quot;created_timestamp&quot;:&quot;0&quot;,&quot;copyright&quot;:&quot;&quot;,&quot;focal_length&quot;:&quot;0&quot;,&quot;iso&quot;:&quot;0&quot;,&quot;shutter_speed&quot;:&quot;0&quot;,&quot;title&quot;:&quot;&quot;,&quot;orientation&quot;:&quot;0&quot;}\" data-image-title=\"Jochem Noss\" data-image-description=\"\" data-image-caption=\"\" data-medium-file=\"https:\/\/i0.wp.com\/www.st-georg-corps.de\/wp-content\/uploads\/2019\/01\/2019-01-19_Urkunde-JN.png?fit=600%2C600&amp;ssl=1\" data-large-file=\"https:\/\/i0.wp.com\/www.st-georg-corps.de\/wp-content\/uploads\/2019\/01\/2019-01-19_Urkunde-JN.png?fit=600%2C600&amp;ssl=1\" src=\"https:\/\/i0.wp.com\/www.st-georg-corps.de\/wp-content\/uploads\/2019\/01\/2019-01-19_Urkunde-JN.png?resize=150%2C150\" alt=\"\" class=\"wp-image-2167\" width=\"150\" height=\"150\" srcset=\"https:\/\/i0.wp.com\/www.st-georg-corps.de\/wp-content\/uploads\/2019\/01\/2019-01-19_Urkunde-JN.png?w=600&amp;ssl=1 600w, https:\/\/i0.wp.com\/www.st-georg-corps.de\/wp-content\/uploads\/2019\/01\/2019-01-19_Urkunde-JN.png?resize=250%2C250&amp;ssl=1 250w, https:\/\/i0.wp.com\/www.st-georg-corps.de\/wp-content\/uploads\/2019\/01\/2019-01-19_Urkunde-JN.png?resize=90%2C90&amp;ssl=1 90w, https:\/\/i0.wp.com\/www.st-georg-corps.de\/wp-content\/uploads\/2019\/01\/2019-01-19_Urkunde-JN.png?resize=75%2C75&amp;ssl=1 75w\" sizes=\"auto, (max-width: 150px) 100vw, 150px\" \/><\/a><figcaption>Jochem Noss<\/figcaption><\/figure><\/div>\n\n\n\n<p>Gleich drei unserer Kameraden durften eine Auszeichnung in Empfang nehmen. F\u00fcr nunmehr 40 Jahre ununterbrochene Vorstandsarbeit im Corps wurde <strong>Karl-Heinz J\u00f6rgens<\/strong> (derzeit K\u00f6nig des St. Georg Corps) mit dem Hohen Bruderschaftsorden ausgezeichnet. Mit einer Ehrenurkunde bedankte sich der Chef der Bruderschaft Andreas Preuss bei <strong>Jochem Noss<\/strong> und <strong>J\u00f6rg Einnatz<\/strong> f\u00fcr 30 Jahre Mitgliedschaft.<\/p>\n","protected":false},"excerpt":{"rendered":"<p>Am 19.01.2019 wurde zum ersten Mal das Titularfest an einem Samstag Abend gefeiert. Diese Generalversammlung der Lintorfer Sch\u00fctzen fand seit 70 Jahren immer an einem Sonntag statt. Gleich drei unserer Kameraden durften eine Auszeichnung in Empfang nehmen. F\u00fcr nunmehr 40 Jahre ununterbrochene Vorstandsarbeit im Corps wurde Karl-Heinz J\u00f6rgens (derzeit K\u00f6nig des St. Georg Corps) mit dem Hohen Bruderschaftsorden ausgezeichnet. Mit<\/p>\n","protected":false},"author":2,"featured_media":0,"comment_status":"closed","ping_status":"open","sticky":false,"template":"","format":"standard","meta":{"ngg_post_thumbnail":0,"_jetpack_memberships_contains_paid_content":false,"footnotes":""},"categories":[8],"tags":[],"class_list":["post-2165","post","type-post","status-publish","format-standard","hentry","category-bruderschaft"],"jetpack_featured_media_url":"","jetpack_shortlink":"https:\/\/wp.me\/p8O44P-yV","jetpack-related-posts":[{"id":1727,"url":"https:\/\/www.st-georg-corps.de\/?p=1727","url_meta":{"origin":2165,"position":0},"title":"Titularfest 2018","author":"Ren\u00e9 Kupperian","date":"2018-01-22","format":false,"excerpt":"Das Sankt Georg Corps war mit einer gro\u00dfen Anzahl von 25 Mitgliedern auf dem Titularfest am 21. Januar vertreten. Unser Hauptmann\u00a0Manfred Etzroth, der von allen nur Mockel genannt wird, wurde mit dem Hohen Bruderschaftsorden\u00a0f\u00fcr seinen langj\u00e4hrigen beispielhaften Einsatz im Sinne der Zielsetzung historischer Sch\u00fctzen ausgezeichnet. Herzlichen Gl\u00fcckwunsch Mockel. Einige Fotos,\u2026","rel":"","context":"In &quot;Bruderschaft&quot;","block_context":{"text":"Bruderschaft","link":"https:\/\/www.st-georg-corps.de\/?cat=8"},"img":{"alt_text":"","src":"https:\/\/i0.wp.com\/www.st-georg-corps.de\/wp-content\/uploads\/2018\/01\/Urkunde-Manfred-Etzroth.png?resize=350%2C200","width":350,"height":200},"classes":[]},{"id":3779,"url":"https:\/\/www.st-georg-corps.de\/?p=3779","url_meta":{"origin":2165,"position":1},"title":"Ehrungen beim Titularfest","author":"Ren\u00e9 Kupperian","date":"2026-01-26","format":false,"excerpt":"Am 25.01.2026 fand die j\u00e4hrliche Versammlung aller Sch\u00fctzen der Lintorfer Bruderschaft statt. Im Rahmen dieser Veranstaltung konnte das St. Georg Corps wieder einige Highlights verbuchen. Klaus Hobohm tritt in den Vorstand der Bruderschaft ein als 2. Kassierer. Stefan Frohnhoff \u00fcbernahm f\u00fcr das n\u00e4chste Jahr das Amt des 1. Kassenpr\u00fcfers. Dietmar\u2026","rel":"","context":"In &quot;Bruderschaft&quot;","block_context":{"text":"Bruderschaft","link":"https:\/\/www.st-georg-corps.de\/?cat=8"},"img":{"alt_text":"","src":"https:\/\/i0.wp.com\/www.st-georg-corps.de\/wp-content\/uploads\/2026\/01\/2026-01-25_Titularfest_001_klein-600x600.jpg?resize=350%2C200","width":350,"height":200},"classes":[]},{"id":109,"url":"https:\/\/www.st-georg-corps.de\/?p=109","url_meta":{"origin":2165,"position":2},"title":"Ehrung Karl Heinz J\u00f6rgens","author":"Ren\u00e9 Kupperian","date":"2017-01-22","format":false,"excerpt":"Karl Heinz J\u00f6rgens wurde auf dem Titularfest, am 22. Januar 2017, der St. Sebastianus Bruderschaft Lintorf 1464 e.V. f\u00fcr seine 40j\u00e4hrige Mitgliedschaft, im St. Georg Corps und der Bruderschaft, geehrt. Der Bezirksbundesmeister Norbert H\u00fcnemeyer \u00fcbergab dem Jubilar eine\u00a0Urkunde.","rel":"","context":"In &quot;Bruderschaft&quot;","block_context":{"text":"Bruderschaft","link":"https:\/\/www.st-georg-corps.de\/?cat=8"},"img":{"alt_text":"","src":"","width":0,"height":0},"classes":[]},{"id":2653,"url":"https:\/\/www.st-georg-corps.de\/?p=2653","url_meta":{"origin":2165,"position":3},"title":"Titularfest am 26.01.2020","author":"Ren\u00e9 Kupperian","date":"2020-01-27","format":false,"excerpt":"Um 08:45 Uhr hie\u00df es Antreten zur Messe in St. Anna um den K\u00f6nig der Lintorfer Bruderschaft Sebastian Kahlert und den Jungk\u00f6nig Lucas Kellersmann zu begleiten. Die Messe, die Pr\u00e4ses Benedikt Zervosen sehr sch\u00f6n zelebrierte, folgte einem sehr genauen Zeitplan. Nach einer Stunde brachen die Sch\u00fctzen auf zum Pfarrzentrum St.\u2026","rel":"","context":"In &quot;Bruderschaft&quot;","block_context":{"text":"Bruderschaft","link":"https:\/\/www.st-georg-corps.de\/?cat=8"},"img":{"alt_text":"","src":"https:\/\/i0.wp.com\/www.st-georg-corps.de\/wp-content\/uploads\/2020\/01\/2020-01-26_Messe-600x450.jpg?resize=350%2C200","width":350,"height":200},"classes":[]},{"id":3347,"url":"https:\/\/www.st-georg-corps.de\/?p=3347","url_meta":{"origin":2165,"position":4},"title":"Ehrungen beim Titularfest am 21.01.2024","author":"Ren\u00e9 Kupperian","date":"2024-02-05","format":false,"excerpt":"Auch in diesem Jahr wurden beim Tituarfest einige Kameraden des St. Georg Corps mit besonderen Auszeichnungen geehrt. Den Anfang machte, etwas versp\u00e4tet - da man ihn im letzten Jahr vergessen hatte, Friedel Achterfeld, der f\u00fcr 40 Jahre Mitgliedschaft in der Bruderschaft ausgezeichnet wurde. Es folgte unser Ehrenvorsitzender und ehemaliger Chef\u2026","rel":"","context":"In &quot;Bruderschaft&quot;","block_context":{"text":"Bruderschaft","link":"https:\/\/www.st-georg-corps.de\/?cat=8"},"img":{"alt_text":"","src":"https:\/\/i0.wp.com\/www.st-georg-corps.de\/wp-content\/uploads\/2024\/02\/2024-01-21_Titularfest_001-600x600.jpg?resize=350%2C200","width":350,"height":200},"classes":[]},{"id":3100,"url":"https:\/\/www.st-georg-corps.de\/?p=3100","url_meta":{"origin":2165,"position":5},"title":"Karnevalsfeier am 18.02.2023","author":"Ren\u00e9 Kupperian","date":"2023-02-22","format":false,"excerpt":"Am 18. Februar fand im Clubhaus des St. Georg Corps eine Karnvalsfeier im Namen der Lintorfer Sch\u00fctzenbruderschaft statt. Bereits zum Titularfest und zus\u00e4tzlich durch ihre Vorsitzenden wurden alle Formationen eingeladen sich zu beteiligen und anzumelden. Die Veranstaltung startete im 17:00 Uhr, insgesamt z\u00e4hlten wir 86 Besucher. Die bunt geschm\u00fcckten R\u00e4ume\u2026","rel":"","context":"In &quot;Bruderschaft&quot;","block_context":{"text":"Bruderschaft","link":"https:\/\/www.st-georg-corps.de\/?cat=8"},"img":{"alt_text":"","src":"https:\/\/i0.wp.com\/www.st-georg-corps.de\/wp-content\/uploads\/2023\/02\/2023-02-18_Karnevalsfeier-250x250.jpeg?resize=350%2C200","width":350,"height":200},"classes":[]}],"jetpack_likes_enabled":false,"jetpack_sharing_enabled":true,"_links":{"self":[{"href":"https:\/\/www.st-georg-corps.de\/index.php?rest_route=\/wp\/v2\/posts\/2165","targetHints":{"allow":["GET"]}}],"collection":[{"href":"https:\/\/www.st-georg-corps.de\/index.php?rest_route=\/wp\/v2\/posts"}],"about":[{"href":"https:\/\/www.st-georg-corps.de\/index.php?rest_route=\/wp\/v2\/types\/post"}],"author":[{"embeddable":true,"href":"https:\/\/www.st-georg-corps.de\/index.php?rest_route=\/wp\/v2\/users\/2"}],"replies":[{"embeddable":true,"href":"https:\/\/www.st-georg-corps.de\/index.php?rest_route=%2Fwp%2Fv2%2Fcomments&post=2165"}],"version-history":[{"count":4,"href":"https:\/\/www.st-georg-corps.de\/index.php?rest_route=\/wp\/v2\/posts\/2165\/revisions"}],"predecessor-version":[{"id":2171,"href":"https:\/\/www.st-georg-corps.de\/index.php?rest_route=\/wp\/v2\/posts\/2165\/revisions\/2171"}],"wp:attachment":[{"href":"https:\/\/www.st-georg-corps.de\/index.php?rest_route=%2Fwp%2Fv2%2Fmedia&parent=2165"}],"wp:term":[{"taxonomy":"category","embeddable":true,"href":"https:\/\/www.st-georg-corps.de\/index.php?rest_route=%2Fwp%2Fv2%2Fcategories&post=2165"},{"taxonomy":"post_tag","embeddable":true,"href":"https:\/\/www.st-georg-corps.de\/index.php?rest_route=%2Fwp%2Fv2%2Ftags&post=2165"}],"curies":[{"name":"wp","href":"https:\/\/api.w.org\/{rel}","templated":true}]}}