{"id":2134,"date":"2018-12-17T17:48:52","date_gmt":"2018-12-17T16:48:52","guid":{"rendered":"http:\/\/www.st-georg-corps.de\/?p=2134"},"modified":"2018-12-17T18:35:28","modified_gmt":"2018-12-17T17:35:28","slug":"weihnachtsfeier-2018","status":"publish","type":"post","link":"https:\/\/www.st-georg-corps.de\/?p=2134","title":{"rendered":"Weihnachtsfeier 2018"},"content":{"rendered":"<p><img data-recalc-dims=\"1\" loading=\"lazy\" decoding=\"async\" data-attachment-id=\"2138\" data-permalink=\"https:\/\/www.st-georg-corps.de\/?attachment_id=2138\" data-orig-file=\"https:\/\/i0.wp.com\/www.st-georg-corps.de\/wp-content\/uploads\/2018\/12\/Weihnachten-2018_sml.jpg?fit=301%2C447&amp;ssl=1\" data-orig-size=\"301,447\" data-comments-opened=\"0\" data-image-meta=\"{&quot;aperture&quot;:&quot;0&quot;,&quot;credit&quot;:&quot;&quot;,&quot;camera&quot;:&quot;&quot;,&quot;caption&quot;:&quot;&quot;,&quot;created_timestamp&quot;:&quot;0&quot;,&quot;copyright&quot;:&quot;&quot;,&quot;focal_length&quot;:&quot;0&quot;,&quot;iso&quot;:&quot;0&quot;,&quot;shutter_speed&quot;:&quot;0&quot;,&quot;title&quot;:&quot;&quot;,&quot;orientation&quot;:&quot;0&quot;}\" data-image-title=\"Fr\u00f6hliche Weihnachten\" data-image-description=\"\" data-image-caption=\"\" data-medium-file=\"https:\/\/i0.wp.com\/www.st-georg-corps.de\/wp-content\/uploads\/2018\/12\/Weihnachten-2018_sml.jpg?fit=301%2C447&amp;ssl=1\" data-large-file=\"https:\/\/i0.wp.com\/www.st-georg-corps.de\/wp-content\/uploads\/2018\/12\/Weihnachten-2018_sml.jpg?fit=301%2C447&amp;ssl=1\" class=\"size-full wp-image-2138 alignright\" src=\"https:\/\/i0.wp.com\/www.st-georg-corps.de\/wp-content\/uploads\/2018\/12\/Weihnachten-2018_sml.jpg?resize=301%2C447\" alt=\"\" width=\"301\" height=\"447\">Zur Vorbereitung auf die Weihnachtsfeier am 15. Dezember wurde bereits am Vormittag geschm\u00fcckt, geh\u00e4mmert und geschraubt. Viele flei\u00dfige H\u00e4nde verwandelten das Clubhaus und den Vorplatz in einen weihnachtlichen Ort der Extraklasse. Es gab eine zentrale Feuerstelle einen fast 4 Meter hohen Weihnachtsbaum und eine Lounge mit vielen Sesseln die zum gem\u00fctlichen Beisammensein und Gl\u00fchwein einluden.<\/p>\n<p>Der Abend begann mit einem Sekt und Gl\u00fchwein-Empfang im Au\u00dfenbereich. Alle, inbesondere unsere kleinen und kleinsten G\u00e4ste, warteten gespannt auf den Nikolaus. Der Nikolaus nahm sich f\u00fcr jedes Kind Zeit und \u00fcberreichte allen Kindern ein kleines Geschenk. Es folgte das traditionelle Weihnachtsessen im festlich geschm\u00fcckten Clubhaus. Nach dem Essen konnten alle Mitglieder das vergangene Sch\u00fctzenjahr bei einer Diashow noch einmal Revue passieren lassen.<\/p>\n<p>Gerade als die Party so richtig im Gange war, fiel auf, dass der Weihnachtsbaum etwas in Schieflage geraten war. Die Gl\u00fchweinlounge war auch nicht mehr dort, wo sie urspr\u00fcnglich gestanden hattte. Der Wind hatte ganze Arbeit geleistet. Schnell fanden sich einige Kameraden die den Baum gerichtet und das Zelt abgebaut und auch gleich verr\u00e4umt haben.<\/p>\n<p>Nach diesem kleinen Zwischenfall feierte die Sankt Georg Corps Familie ausgelassen bis weit nach Mitternacht.<\/p>\n<p>Wir bedanken uns bei unseren Mitgliedern und deren Familien, bei unseren Freunden und G\u00e4sten die auch dieses Jahr wieder zu dem gemacht haben was es war &#8230; einfach sch\u00f6n. Wir w\u00fcnschen allen ein gesegnetes Weihnachtsfest und einen guten Rusch in das Jahr 2019.<\/p>\n<p><a href=\"https:\/\/photos.app.goo.gl\/JNjPGiL6cbUf2g4e8\" target=\"_blank\" rel=\"noopener\">Fotos von der Weihnachtsfeier<\/a><\/p>\n","protected":false},"excerpt":{"rendered":"<p>Zur Vorbereitung auf die Weihnachtsfeier am 15. Dezember wurde bereits am Vormittag geschm\u00fcckt, geh\u00e4mmert und geschraubt. Viele flei\u00dfige H\u00e4nde verwandelten das Clubhaus und den Vorplatz in einen weihnachtlichen Ort der Extraklasse. Es gab eine zentrale Feuerstelle einen fast 4 Meter hohen Weihnachtsbaum und eine Lounge mit vielen Sesseln die zum gem\u00fctlichen Beisammensein und Gl\u00fchwein einluden. Der Abend begann mit einem<\/p>\n","protected":false},"author":2,"featured_media":0,"comment_status":"closed","ping_status":"open","sticky":false,"template":"","format":"standard","meta":{"ngg_post_thumbnail":0,"_jetpack_memberships_contains_paid_content":false,"footnotes":""},"categories":[6],"tags":[],"class_list":["post-2134","post","type-post","status-publish","format-standard","hentry","category-corps"],"jetpack_featured_media_url":"","jetpack_shortlink":"https:\/\/wp.me\/p8O44P-yq","jetpack-related-posts":[{"id":3744,"url":"https:\/\/www.st-georg-corps.de\/?p=3744","url_meta":{"origin":2134,"position":0},"title":"Weihnachtsfeier des St. Georg Corps 2025","author":"Ren\u00e9 Kupperian","date":"2025-12-15","format":false,"excerpt":"Am 13. Dezember 2025 kam das St. Georg Corps zur Weihnachtsfeier im geschm\u00fcckten Clubhaus zusammen. Rund 30 Mitglieder und G\u00e4ste nutzten die Gelegenheit, das Jahr in gemeinsamer Runde ausklingen zu lassen. P\u00fcnktlich um 18:15 Uhr hielt Nikolaus Herbert Hirsch Einzug. Bevor es an die Geschenke ging, nahm er sich jedoch\u2026","rel":"","context":"In &quot;Corps&quot;","block_context":{"text":"Corps","link":"https:\/\/www.st-georg-corps.de\/?cat=6"},"img":{"alt_text":"","src":"https:\/\/i0.wp.com\/www.st-georg-corps.de\/wp-content\/uploads\/2025\/12\/2025-12-13_Nikolaus-600x432.jpg?resize=350%2C200","width":350,"height":200,"srcset":"https:\/\/i0.wp.com\/www.st-georg-corps.de\/wp-content\/uploads\/2025\/12\/2025-12-13_Nikolaus-600x432.jpg?resize=350%2C200 1x, https:\/\/i0.wp.com\/www.st-georg-corps.de\/wp-content\/uploads\/2025\/12\/2025-12-13_Nikolaus-600x432.jpg?resize=525%2C300 1.5x"},"classes":[]},{"id":3582,"url":"https:\/\/www.st-georg-corps.de\/?p=3582","url_meta":{"origin":2134,"position":1},"title":"Weihnachtsfeier am 14. Dezember 2024","author":"Ren\u00e9 Kupperian","date":"2024-12-16","format":false,"excerpt":"Am 14. Dezember 2024 fand die Weihnachtsfeier des St. Georg Corps im festlich geschm\u00fcckten Clubhaus statt. Die Mitglieder und ihre Frauen kamen zusammen, um das Jahr gemeinsam ausklingen zu lassen. P\u00fcnktlich um 18:15 Uhr \u00fcberraschte Nikolaus Herbert Hirsch die anwesenden Kinder mit kleinen Geschenken, die f\u00fcr leuchtende Augen und weihnachtliche\u2026","rel":"","context":"In &quot;Corps&quot;","block_context":{"text":"Corps","link":"https:\/\/www.st-georg-corps.de\/?cat=6"},"img":{"alt_text":"","src":"https:\/\/i0.wp.com\/www.st-georg-corps.de\/wp-content\/uploads\/2024\/12\/2024-12-14_Weihnachtsfeier_01_1600px-250x250.jpg?resize=350%2C200","width":350,"height":200},"classes":[]},{"id":2602,"url":"https:\/\/www.st-georg-corps.de\/?p=2602","url_meta":{"origin":2134,"position":2},"title":"Weihnachtsfeier 2019","author":"Ren\u00e9 Kupperian","date":"2019-12-18","format":false,"excerpt":"Die Weihnachtsfeier des St. Georg Corps fand am 14. Dezember statt. Leider hatten wir nur wenig Gl\u00fcck mit dem Wetter, denn es war so richtiges Dreckswetter. Bevor es richtig los ging, musste bereits die komplette Au\u00dfendekoration mitsamt Zelt im Regen abgebaut werden, da das Zelt drohte wegzufliegen. Nachdem wieder Ruhe\u2026","rel":"","context":"In &quot;Corps&quot;","block_context":{"text":"Corps","link":"https:\/\/www.st-georg-corps.de\/?cat=6"},"img":{"alt_text":"","src":"https:\/\/i0.wp.com\/www.st-georg-corps.de\/wp-content\/uploads\/2019\/12\/2019-12-14_Weihnachtsfeier-600x400.jpg?resize=350%2C200","width":350,"height":200,"srcset":"https:\/\/i0.wp.com\/www.st-georg-corps.de\/wp-content\/uploads\/2019\/12\/2019-12-14_Weihnachtsfeier-600x400.jpg?resize=350%2C200 1x, https:\/\/i0.wp.com\/www.st-georg-corps.de\/wp-content\/uploads\/2019\/12\/2019-12-14_Weihnachtsfeier-600x400.jpg?resize=525%2C300 1.5x"},"classes":[]},{"id":3050,"url":"https:\/\/www.st-georg-corps.de\/?p=3050","url_meta":{"origin":2134,"position":3},"title":"Weihnachtsfeier am 17.12.2022","author":"Ren\u00e9 Kupperian","date":"2022-12-18","format":false,"excerpt":"Am 17.12.2022 fand die Weihnachtfeier des St. Georg Corps statt. Gegen 17 Uhr trafen die ersten kleinen und gro\u00dfen G\u00e4ste ein zu einem Gl\u00fchwein-Empfang. Um 18 Uhr hatte uns der Weihnachtsmann in seinem Terminkalender, der unsere kleinen G\u00e4ste mit einem Geschenk und einer pers\u00f6nlichen Ansprache \u00fcberraschte.\u00a0 Ein H\u00f6hepunkt der Feier\u2026","rel":"","context":"In &quot;Corps&quot;","block_context":{"text":"Corps","link":"https:\/\/www.st-georg-corps.de\/?cat=6"},"img":{"alt_text":"","src":"https:\/\/i0.wp.com\/www.st-georg-corps.de\/wp-content\/uploads\/2022\/12\/2022-12-17_Manfred_Roth_50_Jahre_Bruderschaft-250x250.jpg?resize=350%2C200","width":350,"height":200},"classes":[]},{"id":1670,"url":"https:\/\/www.st-georg-corps.de\/?p=1670","url_meta":{"origin":2134,"position":4},"title":"Weihnachtsfeier 2017","author":"Ren\u00e9 Kupperian","date":"2017-12-16","format":false,"excerpt":"Sehr gem\u00fctlich ging es auf der Weihnachtsfeier in unserem toll geschm\u00fcckten Klubhaus zu. Gegen die K\u00e4lte gab es drau\u00dfen frische warme Waffeln und Gl\u00fchwein. Wie in jedem Jahr hatten wir den Nikolaus f\u00fcr unsere kleinen Freunde zu Gast. Es wurde lecker gegessen und anschlie\u00dfend noch bis weit nach Mitternacht gefeiert.\u2026","rel":"","context":"In &quot;Corps&quot;","block_context":{"text":"Corps","link":"https:\/\/www.st-georg-corps.de\/?cat=6"},"img":{"alt_text":"","src":"https:\/\/i0.wp.com\/www.st-georg-corps.de\/wp-content\/uploads\/2017\/12\/2017-12-16-Weihnachtsfeier-017-600x400.jpg?resize=350%2C200","width":350,"height":200,"srcset":"https:\/\/i0.wp.com\/www.st-georg-corps.de\/wp-content\/uploads\/2017\/12\/2017-12-16-Weihnachtsfeier-017-600x400.jpg?resize=350%2C200 1x, https:\/\/i0.wp.com\/www.st-georg-corps.de\/wp-content\/uploads\/2017\/12\/2017-12-16-Weihnachtsfeier-017-600x400.jpg?resize=525%2C300 1.5x"},"classes":[]},{"id":2803,"url":"https:\/\/www.st-georg-corps.de\/?p=2803","url_meta":{"origin":2134,"position":5},"title":"14.08.2021 Sch\u00fctzenfest abgesagt! Nicht ganz \u2026","author":"Ren\u00e9 Kupperian","date":"2021-08-23","format":false,"excerpt":"Aufgrund der Corona Pandemie wurde das Lintorfer Sch\u00fctzenfest bereits zum zweiten Mal in Folge abgesagt. Vereinsintern waren in diesem Jahr wieder Veranstaltungen gestattet und so beschloss das St. Georg Corps das Sch\u00fctzenfest, zumindest am Samstag, in einem eigenen Rahmen zu begehen. Traditionsgem\u00e4\u00df startet das Corps den \u201eSch\u00fctzenfestsamstag\u201c auf dem Lintorfer\u2026","rel":"","context":"In &quot;Corps&quot;","block_context":{"text":"Corps","link":"https:\/\/www.st-georg-corps.de\/?cat=6"},"img":{"alt_text":"","src":"https:\/\/i0.wp.com\/www.st-georg-corps.de\/wp-content\/uploads\/2021\/08\/2021-08-14-11-250x250.jpg?resize=350%2C200","width":350,"height":200},"classes":[]}],"jetpack_likes_enabled":false,"jetpack_sharing_enabled":true,"_links":{"self":[{"href":"https:\/\/www.st-georg-corps.de\/index.php?rest_route=\/wp\/v2\/posts\/2134","targetHints":{"allow":["GET"]}}],"collection":[{"href":"https:\/\/www.st-georg-corps.de\/index.php?rest_route=\/wp\/v2\/posts"}],"about":[{"href":"https:\/\/www.st-georg-corps.de\/index.php?rest_route=\/wp\/v2\/types\/post"}],"author":[{"embeddable":true,"href":"https:\/\/www.st-georg-corps.de\/index.php?rest_route=\/wp\/v2\/users\/2"}],"replies":[{"embeddable":true,"href":"https:\/\/www.st-georg-corps.de\/index.php?rest_route=%2Fwp%2Fv2%2Fcomments&post=2134"}],"version-history":[{"count":7,"href":"https:\/\/www.st-georg-corps.de\/index.php?rest_route=\/wp\/v2\/posts\/2134\/revisions"}],"predecessor-version":[{"id":2147,"href":"https:\/\/www.st-georg-corps.de\/index.php?rest_route=\/wp\/v2\/posts\/2134\/revisions\/2147"}],"wp:attachment":[{"href":"https:\/\/www.st-georg-corps.de\/index.php?rest_route=%2Fwp%2Fv2%2Fmedia&parent=2134"}],"wp:term":[{"taxonomy":"category","embeddable":true,"href":"https:\/\/www.st-georg-corps.de\/index.php?rest_route=%2Fwp%2Fv2%2Fcategories&post=2134"},{"taxonomy":"post_tag","embeddable":true,"href":"https:\/\/www.st-georg-corps.de\/index.php?rest_route=%2Fwp%2Fv2%2Ftags&post=2134"}],"curies":[{"name":"wp","href":"https:\/\/api.w.org\/{rel}","templated":true}]}}