{"id":2024,"date":"2018-08-23T09:06:43","date_gmt":"2018-08-23T07:06:43","guid":{"rendered":"http:\/\/www.st-georg-corps.de\/?p=2024"},"modified":"2018-08-23T14:52:00","modified_gmt":"2018-08-23T12:52:00","slug":"schuetzenfest-2018","status":"publish","type":"post","link":"https:\/\/www.st-georg-corps.de\/?p=2024","title":{"rendered":"Sch\u00fctzenfest 2018"},"content":{"rendered":"<p>Sch\u00fctzenfest in Lintorf bei Sonnenschein, genauso hatten es sich viele Lintorfer, die Mitgliedlieder des Corps und allen voran unser K\u00f6nig Karl-Heinz J\u00f6rgens gew\u00fcnscht, denn unser \u201eKalla\u201c wollte unbedingt einmal mit seiner K\u00f6nigin Gisela mit einem Cabrio bis in das Sch\u00fctzenzelt fahren.<\/p>\n<p><a href=\"https:\/\/i0.wp.com\/www.st-georg-corps.de\/wp-content\/uploads\/2018\/08\/2018-SF-Bericht-005.jpg\"><img data-recalc-dims=\"1\" loading=\"lazy\" decoding=\"async\" data-attachment-id=\"2034\" data-permalink=\"https:\/\/www.st-georg-corps.de\/?attachment_id=2034\" data-orig-file=\"https:\/\/i0.wp.com\/www.st-georg-corps.de\/wp-content\/uploads\/2018\/08\/2018-SF-Bericht-005.jpg?fit=1280%2C853&amp;ssl=1\" data-orig-size=\"1280,853\" data-comments-opened=\"0\" data-image-meta=\"{&quot;aperture&quot;:&quot;8&quot;,&quot;credit&quot;:&quot;&quot;,&quot;camera&quot;:&quot;NIKON D5200&quot;,&quot;caption&quot;:&quot;&quot;,&quot;created_timestamp&quot;:&quot;1534769324&quot;,&quot;copyright&quot;:&quot;&quot;,&quot;focal_length&quot;:&quot;18&quot;,&quot;iso&quot;:&quot;125&quot;,&quot;shutter_speed&quot;:&quot;0.004&quot;,&quot;title&quot;:&quot;&quot;,&quot;orientation&quot;:&quot;0&quot;}\" data-image-title=\"2018-SF-Bericht-005\" data-image-description=\"\" data-image-caption=\"\" data-medium-file=\"https:\/\/i0.wp.com\/www.st-georg-corps.de\/wp-content\/uploads\/2018\/08\/2018-SF-Bericht-005.jpg?fit=600%2C400&amp;ssl=1\" data-large-file=\"https:\/\/i0.wp.com\/www.st-georg-corps.de\/wp-content\/uploads\/2018\/08\/2018-SF-Bericht-005.jpg?fit=860%2C573&amp;ssl=1\" class=\"aligncenter wp-image-2034\" src=\"https:\/\/i0.wp.com\/www.st-georg-corps.de\/wp-content\/uploads\/2018\/08\/2018-SF-Bericht-005.jpg?resize=600%2C400\" alt=\"\" width=\"600\" height=\"400\" srcset=\"https:\/\/i0.wp.com\/www.st-georg-corps.de\/wp-content\/uploads\/2018\/08\/2018-SF-Bericht-005.jpg?resize=600%2C400&amp;ssl=1 600w, https:\/\/i0.wp.com\/www.st-georg-corps.de\/wp-content\/uploads\/2018\/08\/2018-SF-Bericht-005.jpg?resize=768%2C512&amp;ssl=1 768w, https:\/\/i0.wp.com\/www.st-georg-corps.de\/wp-content\/uploads\/2018\/08\/2018-SF-Bericht-005.jpg?resize=1024%2C682&amp;ssl=1 1024w, https:\/\/i0.wp.com\/www.st-georg-corps.de\/wp-content\/uploads\/2018\/08\/2018-SF-Bericht-005.jpg?w=1280&amp;ssl=1 1280w\" sizes=\"auto, (max-width: 600px) 100vw, 600px\" \/><\/a><\/p>\n<p>Dieser Wunsch wurde ihm am Montag von seinen Kameraden erf\u00fcllt. Das offene Model (aus zweiter Hand) welches sich unser Vorsitzender Jens J\u00f6rgens ausgedacht hatte, war nicht nur ein echter Hingucker, es zeichnet sich auch durch einen besonders umweltfreundlichen Antrieb aus.<\/p>\n<div id=\"attachment_2033\" style=\"width: 310px\" class=\"wp-caption alignleft\"><a href=\"https:\/\/i0.wp.com\/www.st-georg-corps.de\/wp-content\/uploads\/2018\/08\/2018-SF-Bericht-004.jpg\"><img data-recalc-dims=\"1\" loading=\"lazy\" decoding=\"async\" aria-describedby=\"caption-attachment-2033\" data-attachment-id=\"2033\" data-permalink=\"https:\/\/www.st-georg-corps.de\/?attachment_id=2033\" data-orig-file=\"https:\/\/i0.wp.com\/www.st-georg-corps.de\/wp-content\/uploads\/2018\/08\/2018-SF-Bericht-004.jpg?fit=1280%2C853&amp;ssl=1\" data-orig-size=\"1280,853\" data-comments-opened=\"0\" data-image-meta=\"{&quot;aperture&quot;:&quot;5.6&quot;,&quot;credit&quot;:&quot;&quot;,&quot;camera&quot;:&quot;NIKON D5200&quot;,&quot;caption&quot;:&quot;&quot;,&quot;created_timestamp&quot;:&quot;1534764757&quot;,&quot;copyright&quot;:&quot;&quot;,&quot;focal_length&quot;:&quot;90&quot;,&quot;iso&quot;:&quot;500&quot;,&quot;shutter_speed&quot;:&quot;0.016666666666667&quot;,&quot;title&quot;:&quot;&quot;,&quot;orientation&quot;:&quot;0&quot;}\" data-image-title=\"2018-SF-Bericht-004\" data-image-description=\"\" data-image-caption=\"&lt;p&gt;Maurice Groten und Vater Frank Groten&lt;\/p&gt;\n\" data-medium-file=\"https:\/\/i0.wp.com\/www.st-georg-corps.de\/wp-content\/uploads\/2018\/08\/2018-SF-Bericht-004.jpg?fit=600%2C400&amp;ssl=1\" data-large-file=\"https:\/\/i0.wp.com\/www.st-georg-corps.de\/wp-content\/uploads\/2018\/08\/2018-SF-Bericht-004.jpg?fit=860%2C573&amp;ssl=1\" class=\"wp-image-2033\" title=\"border = 1\" src=\"https:\/\/i0.wp.com\/www.st-georg-corps.de\/wp-content\/uploads\/2018\/08\/2018-SF-Bericht-004.jpg?resize=300%2C200\" alt=\"\" width=\"300\" height=\"200\" srcset=\"https:\/\/i0.wp.com\/www.st-georg-corps.de\/wp-content\/uploads\/2018\/08\/2018-SF-Bericht-004.jpg?resize=600%2C400&amp;ssl=1 600w, https:\/\/i0.wp.com\/www.st-georg-corps.de\/wp-content\/uploads\/2018\/08\/2018-SF-Bericht-004.jpg?resize=768%2C512&amp;ssl=1 768w, https:\/\/i0.wp.com\/www.st-georg-corps.de\/wp-content\/uploads\/2018\/08\/2018-SF-Bericht-004.jpg?resize=1024%2C682&amp;ssl=1 1024w, https:\/\/i0.wp.com\/www.st-georg-corps.de\/wp-content\/uploads\/2018\/08\/2018-SF-Bericht-004.jpg?w=1280&amp;ssl=1 1280w\" sizes=\"auto, (max-width: 300px) 100vw, 300px\" \/><\/a><p id=\"caption-attachment-2033\" class=\"wp-caption-text\">Maurice Groten und Vater Frank Groten<\/p><\/div>\n<p>Besonders gratulieren wir nat\u00fcrlich unserem Jungk\u00f6nig <strong>Maurice Groten<\/strong>, dem es gelang die <strong>Kronprinzenehre<\/strong> zu erringen. Leider hat es dann beim K\u00f6nigsschuss mit dem Vater\/Sohn Doppelpack nicht geklappt. Sowohl Frank Groten als auch unser K\u00f6nig \u201eKalla\u201c mussten sich am Ende <strong>Frank Gr\u00f6schel vom Stammcorps<\/strong> geschlagen geben.&nbsp;<\/p>\n<p>Wir gratulieren Frank Gr\u00f6schel nat\u00fcrlich ganz herzlich und w\u00fcnschen ihm und unserem Kronprinzen ein fantastisches Sch\u00fctzenjahr.<\/p>\n<p>Das Wetter hat uns bis auf ganz wenige Ausf\u00e4lle am Montag nicht h\u00e4ngen lassen. Es war sonnig warm und zum Gl\u00fcck nicht so dr\u00fcckend hei\u00df wie noch 2 Wochen zuvor.<\/p>\n<p>Wir danken auch unseren vielen G\u00e4sten, die das Sch\u00fctzenfest 2018 wieder zu einem besonderen Erlebnis gemacht haben.<\/p>\n<p><a href=\"https:\/\/i0.wp.com\/www.st-georg-corps.de\/wp-content\/uploads\/2018\/08\/2018-SF-Bericht-003.jpg\"><img data-recalc-dims=\"1\" loading=\"lazy\" decoding=\"async\" data-attachment-id=\"2032\" data-permalink=\"https:\/\/www.st-georg-corps.de\/?attachment_id=2032\" data-orig-file=\"https:\/\/i0.wp.com\/www.st-georg-corps.de\/wp-content\/uploads\/2018\/08\/2018-SF-Bericht-003.jpg?fit=1280%2C853&amp;ssl=1\" data-orig-size=\"1280,853\" data-comments-opened=\"0\" data-image-meta=\"{&quot;aperture&quot;:&quot;9&quot;,&quot;credit&quot;:&quot;&quot;,&quot;camera&quot;:&quot;NIKON D5200&quot;,&quot;caption&quot;:&quot;&quot;,&quot;created_timestamp&quot;:&quot;1534692911&quot;,&quot;copyright&quot;:&quot;&quot;,&quot;focal_length&quot;:&quot;18&quot;,&quot;iso&quot;:&quot;100&quot;,&quot;shutter_speed&quot;:&quot;0.003125&quot;,&quot;title&quot;:&quot;&quot;,&quot;orientation&quot;:&quot;0&quot;}\" data-image-title=\"2018-SF-Bericht-003\" data-image-description=\"\" data-image-caption=\"\" data-medium-file=\"https:\/\/i0.wp.com\/www.st-georg-corps.de\/wp-content\/uploads\/2018\/08\/2018-SF-Bericht-003.jpg?fit=600%2C400&amp;ssl=1\" data-large-file=\"https:\/\/i0.wp.com\/www.st-georg-corps.de\/wp-content\/uploads\/2018\/08\/2018-SF-Bericht-003.jpg?fit=860%2C573&amp;ssl=1\" class=\"aligncenter wp-image-2032 size-medium\" src=\"https:\/\/i0.wp.com\/www.st-georg-corps.de\/wp-content\/uploads\/2018\/08\/2018-SF-Bericht-003.jpg?resize=600%2C400\" alt=\"\" width=\"600\" height=\"400\" srcset=\"https:\/\/i0.wp.com\/www.st-georg-corps.de\/wp-content\/uploads\/2018\/08\/2018-SF-Bericht-003.jpg?resize=600%2C400&amp;ssl=1 600w, https:\/\/i0.wp.com\/www.st-georg-corps.de\/wp-content\/uploads\/2018\/08\/2018-SF-Bericht-003.jpg?resize=768%2C512&amp;ssl=1 768w, https:\/\/i0.wp.com\/www.st-georg-corps.de\/wp-content\/uploads\/2018\/08\/2018-SF-Bericht-003.jpg?resize=1024%2C682&amp;ssl=1 1024w, https:\/\/i0.wp.com\/www.st-georg-corps.de\/wp-content\/uploads\/2018\/08\/2018-SF-Bericht-003.jpg?w=1280&amp;ssl=1 1280w\" sizes=\"auto, (max-width: 600px) 100vw, 600px\" \/><\/a><\/p>\n<p>Eine kleine Auswahl von 242 weiteren Fotos die von M\u00f6schesonntag bis zum Dienstag nach dem Sch\u00fctzenfest entstanden sind, findet ihr hier:&nbsp;<a href=\"https:\/\/photos.app.goo.gl\/b6HccdBjf1hkFRZCA\" target=\"_blank\" rel=\"noopener\">Fotos vom Sch\u00fctzenfest<\/a><\/p>\n<p>&nbsp;<\/p>\n","protected":false},"excerpt":{"rendered":"<p>Sch\u00fctzenfest in Lintorf bei Sonnenschein, genauso hatten es sich viele Lintorfer, die Mitgliedlieder des Corps und allen voran unser K\u00f6nig Karl-Heinz J\u00f6rgens gew\u00fcnscht, denn unser \u201eKalla\u201c wollte unbedingt einmal mit seiner K\u00f6nigin Gisela mit einem Cabrio bis in das Sch\u00fctzenzelt fahren. Dieser Wunsch wurde ihm am Montag von seinen Kameraden erf\u00fcllt. Das offene Model (aus zweiter Hand) welches sich unser<\/p>\n","protected":false},"author":2,"featured_media":0,"comment_status":"closed","ping_status":"open","sticky":false,"template":"","format":"standard","meta":{"ngg_post_thumbnail":0,"_jetpack_memberships_contains_paid_content":false,"footnotes":""},"categories":[4],"tags":[],"class_list":["post-2024","post","type-post","status-publish","format-standard","hentry","category-schuetzenfest"],"jetpack_featured_media_url":"","jetpack_shortlink":"https:\/\/wp.me\/p8O44P-wE","jetpack-related-posts":[{"id":3209,"url":"https:\/\/www.st-georg-corps.de\/?p=3209","url_meta":{"origin":2024,"position":0},"title":"Sch\u00fctzenfest 2023","author":"Ren\u00e9 Kupperian","date":"2023-08-26","format":false,"excerpt":"Am Sch\u00fctzenfest-Montag geh\u00f6rt es zur langj\u00e4hrigen Tradition des St. Georg Corps, seine Mitglieder und G\u00e4ste in das Clubhaus an der Wedauer Stra\u00dfe zu einem geselligen Fr\u00fchst\u00fcck und Mittagessen einzuladen. P\u00fcnktlich um 10:00 Uhr str\u00f6mten die ersten G\u00e4ste herbei und wurden vom Vorsitzenden Jens J\u00f6rgens und dem Corps-K\u00f6nig Klaus Hobohm herzlich\u2026","rel":"","context":"In &quot;Events&quot;","block_context":{"text":"Events","link":"https:\/\/www.st-georg-corps.de\/?cat=5"},"img":{"alt_text":"","src":"https:\/\/i0.wp.com\/www.st-georg-corps.de\/wp-content\/uploads\/2023\/08\/Logo-SGC-301_2000px-600x600.png?resize=350%2C200","width":350,"height":200},"classes":[]},{"id":2505,"url":"https:\/\/www.st-georg-corps.de\/?p=2505","url_meta":{"origin":2024,"position":1},"title":"St. Georg Corps im Gl\u00fcck (Sch\u00fctzenfest 2019)","author":"Ren\u00e9 Kupperian","date":"2019-09-08","format":false,"excerpt":"Traditionsgem\u00e4\u00df treffen sich die Mitglieder des St. Georg Corps am Sch\u00fctzenfestmontag um 10:00 Uhr auf der vereinseigenen Clubhausanlage am alten Lintorfer Bahnhof. Zu diesem Fr\u00fchst\u00fcck werden auch immer zahlreiche Ehreng\u00e4ste eingeladen. Jeder Gast wurde am Eingang pers\u00f6nlich begr\u00fc\u00dft und bekam einen St. Georg Corps Sticker geschenkt. Zu den G\u00e4sten z\u00e4hlten\u2026","rel":"","context":"In &quot;Corps&quot;","block_context":{"text":"Corps","link":"https:\/\/www.st-georg-corps.de\/?cat=6"},"img":{"alt_text":"","src":"https:\/\/i0.wp.com\/www.st-georg-corps.de\/wp-content\/uploads\/2019\/09\/2019-08-19_SGC-Im-Glueck-1024x682.jpg?resize=350%2C200","width":350,"height":200,"srcset":"https:\/\/i0.wp.com\/www.st-georg-corps.de\/wp-content\/uploads\/2019\/09\/2019-08-19_SGC-Im-Glueck-1024x682.jpg?resize=350%2C200 1x, https:\/\/i0.wp.com\/www.st-georg-corps.de\/wp-content\/uploads\/2019\/09\/2019-08-19_SGC-Im-Glueck-1024x682.jpg?resize=525%2C300 1.5x, https:\/\/i0.wp.com\/www.st-georg-corps.de\/wp-content\/uploads\/2019\/09\/2019-08-19_SGC-Im-Glueck-1024x682.jpg?resize=700%2C400 2x"},"classes":[]},{"id":2958,"url":"https:\/\/www.st-georg-corps.de\/?p=2958","url_meta":{"origin":2024,"position":2},"title":"Sch\u00fctzenfestmontag 22.08.2022","author":"Ren\u00e9 Kupperian","date":"2022-08-27","format":false,"excerpt":"Am Sch\u00fctzenfest-Montag l\u00e4dt das St. Georg Corps traditionell seine Mitglieder und G\u00e4ste zu einem Fr\u00fchst\u00fcck und Mittagessen in geselliger Runde in das Clubhaus an der Wedauer Stra\u00dfe ein. P\u00fcnktlich um 10:00 Uhr fanden sich die ersten G\u00e4ste ein. Jeder wurde pers\u00f6nlich durch den Vorsitzenden Jens J\u00f6rgens und den amtierenden Corps-K\u00f6nig\u2026","rel":"","context":"In &quot;Sch\u00fctzenfest&quot;","block_context":{"text":"Sch\u00fctzenfest","link":"https:\/\/www.st-georg-corps.de\/?cat=4"},"img":{"alt_text":"","src":"https:\/\/i0.wp.com\/www.st-georg-corps.de\/wp-content\/uploads\/2022\/08\/2022-08-22_Eingang-600x400.jpg?resize=350%2C200","width":350,"height":200},"classes":[]},{"id":2929,"url":"https:\/\/www.st-georg-corps.de\/?p=2929","url_meta":{"origin":2024,"position":3},"title":"Sch\u00fctzenfest 2022 \u00f6ffentliches Fotoalbum","author":"Ren\u00e9 Kupperian","date":"2022-08-19","format":false,"excerpt":"Heute ist es endlich soweit. Das Lintorfer Sch\u00fctzenfest startet mit dem Bayerischen Abend um 20:00 Uhr auf dem Sch\u00fctzenplatz. Auf diesen Tag haben wir uns alle drei Jahre lang gefreut. Als K\u00f6nigs- und Kronprinz-Kompanie der Lintorfer Bruderschaft war es in diesem Jahr eine Ehre f\u00fcr uns, f\u00fcr die Gestaltung des\u2026","rel":"","context":"In &quot;Sch\u00fctzenfest&quot;","block_context":{"text":"Sch\u00fctzenfest","link":"https:\/\/www.st-georg-corps.de\/?cat=4"},"img":{"alt_text":"","src":"","width":0,"height":0},"classes":[]},{"id":2803,"url":"https:\/\/www.st-georg-corps.de\/?p=2803","url_meta":{"origin":2024,"position":4},"title":"14.08.2021 Sch\u00fctzenfest abgesagt! Nicht ganz \u2026","author":"Ren\u00e9 Kupperian","date":"2021-08-23","format":false,"excerpt":"Aufgrund der Corona Pandemie wurde das Lintorfer Sch\u00fctzenfest bereits zum zweiten Mal in Folge abgesagt. Vereinsintern waren in diesem Jahr wieder Veranstaltungen gestattet und so beschloss das St. Georg Corps das Sch\u00fctzenfest, zumindest am Samstag, in einem eigenen Rahmen zu begehen. Traditionsgem\u00e4\u00df startet das Corps den \u201eSch\u00fctzenfestsamstag\u201c auf dem Lintorfer\u2026","rel":"","context":"In &quot;Corps&quot;","block_context":{"text":"Corps","link":"https:\/\/www.st-georg-corps.de\/?cat=6"},"img":{"alt_text":"","src":"https:\/\/i0.wp.com\/www.st-georg-corps.de\/wp-content\/uploads\/2021\/08\/2021-08-14-11-250x250.jpg?resize=350%2C200","width":350,"height":200},"classes":[]},{"id":2464,"url":"https:\/\/www.st-georg-corps.de\/?p=2464","url_meta":{"origin":2024,"position":5},"title":"K\u00f6nig und Kronprinz der Bruderschaft 2019","author":"Ren\u00e9 Kupperian","date":"2019-08-20","format":false,"excerpt":"Unser Schie\u00dfmeister Sebastian Kahlert ist neuer K\u00f6nig der St. Sebastianus Sch\u00fctzenbruderschaft Lintorf 1464. Ihm steht als K\u00f6nigin Stefanie Schwarz zur Seite. Stefanie entstammt einer Ratinger Sch\u00fctzenfamilie. Ihr Gro\u00dfvater und Onkel sind Mitglieder der J\u00e4ger Kompanie. Sebastian hat sich treffsicher gegen seine beiden Rivalen Andreas Nie\u00df vom J\u00e4ger Corps und Erwin\u2026","rel":"","context":"In &quot;Bruderschaft&quot;","block_context":{"text":"Bruderschaft","link":"https:\/\/www.st-georg-corps.de\/?cat=8"},"img":{"alt_text":"","src":"https:\/\/i0.wp.com\/www.st-georg-corps.de\/wp-content\/uploads\/2019\/08\/2019-08-20_Majestaeten-06.jpg?resize=350%2C200","width":350,"height":200},"classes":[]}],"jetpack_likes_enabled":false,"jetpack_sharing_enabled":true,"_links":{"self":[{"href":"https:\/\/www.st-georg-corps.de\/index.php?rest_route=\/wp\/v2\/posts\/2024","targetHints":{"allow":["GET"]}}],"collection":[{"href":"https:\/\/www.st-georg-corps.de\/index.php?rest_route=\/wp\/v2\/posts"}],"about":[{"href":"https:\/\/www.st-georg-corps.de\/index.php?rest_route=\/wp\/v2\/types\/post"}],"author":[{"embeddable":true,"href":"https:\/\/www.st-georg-corps.de\/index.php?rest_route=\/wp\/v2\/users\/2"}],"replies":[{"embeddable":true,"href":"https:\/\/www.st-georg-corps.de\/index.php?rest_route=%2Fwp%2Fv2%2Fcomments&post=2024"}],"version-history":[{"count":8,"href":"https:\/\/www.st-georg-corps.de\/index.php?rest_route=\/wp\/v2\/posts\/2024\/revisions"}],"predecessor-version":[{"id":2047,"href":"https:\/\/www.st-georg-corps.de\/index.php?rest_route=\/wp\/v2\/posts\/2024\/revisions\/2047"}],"wp:attachment":[{"href":"https:\/\/www.st-georg-corps.de\/index.php?rest_route=%2Fwp%2Fv2%2Fmedia&parent=2024"}],"wp:term":[{"taxonomy":"category","embeddable":true,"href":"https:\/\/www.st-georg-corps.de\/index.php?rest_route=%2Fwp%2Fv2%2Fcategories&post=2024"},{"taxonomy":"post_tag","embeddable":true,"href":"https:\/\/www.st-georg-corps.de\/index.php?rest_route=%2Fwp%2Fv2%2Ftags&post=2024"}],"curies":[{"name":"wp","href":"https:\/\/api.w.org\/{rel}","templated":true}]}}