{"id":1893,"date":"2018-06-30T09:59:00","date_gmt":"2018-06-30T07:59:00","guid":{"rendered":"http:\/\/www.st-georg-corps.de\/?p=1893"},"modified":"2018-07-08T12:27:20","modified_gmt":"2018-07-08T10:27:20","slug":"pfaenderschiessen-2018","status":"publish","type":"post","link":"https:\/\/www.st-georg-corps.de\/?p=1893","title":{"rendered":"Pf\u00e4nderschie\u00dfen 2018"},"content":{"rendered":"<p>Ungew\u00f6hnlich viele Mitglieder sind der Einladung zum Pf\u00e4nderschie\u00dfen in diesem Jahr gefolgt. Kurzerhand ordnete der Vorsitzende Jens J\u00f6rgens ein Gruppenfoto an. Ein Freiwilliger aus der Nachbarschaft wurde schell gefunden und als Fotograf rekrutiert, damit alle anwesenden Kameraden mit auf das Foto kommen.<\/p>\n<div id=\"attachment_1895\" style=\"width: 630px\" class=\"wp-caption aligncenter\"><a href=\"https:\/\/i0.wp.com\/www.st-georg-corps.de\/wp-content\/uploads\/2018\/06\/2018-06-29-Pf%C3%A4nderschie%C3%9Fen-001.jpg\"><img data-recalc-dims=\"1\" loading=\"lazy\" decoding=\"async\" aria-describedby=\"caption-attachment-1895\" data-attachment-id=\"1895\" data-permalink=\"https:\/\/www.st-georg-corps.de\/?attachment_id=1895\" data-orig-file=\"https:\/\/i0.wp.com\/www.st-georg-corps.de\/wp-content\/uploads\/2018\/06\/2018-06-29-Pf%C3%A4nderschie%C3%9Fen-001.jpg?fit=3000%2C1688&amp;ssl=1\" data-orig-size=\"3000,1688\" data-comments-opened=\"0\" data-image-meta=\"{&quot;aperture&quot;:&quot;3.5&quot;,&quot;credit&quot;:&quot;&quot;,&quot;camera&quot;:&quot;NIKON D5200&quot;,&quot;caption&quot;:&quot;&quot;,&quot;created_timestamp&quot;:&quot;1530299898&quot;,&quot;copyright&quot;:&quot;&quot;,&quot;focal_length&quot;:&quot;18&quot;,&quot;iso&quot;:&quot;200&quot;,&quot;shutter_speed&quot;:&quot;0.00625&quot;,&quot;title&quot;:&quot;&quot;,&quot;orientation&quot;:&quot;0&quot;}\" data-image-title=\"2018-06-29 Pf\u00e4nderschie\u00dfen-001\" data-image-description=\"\" data-image-caption=\"\" data-medium-file=\"https:\/\/i0.wp.com\/www.st-georg-corps.de\/wp-content\/uploads\/2018\/06\/2018-06-29-Pf%C3%A4nderschie%C3%9Fen-001.jpg?fit=600%2C338&amp;ssl=1\" data-large-file=\"https:\/\/i0.wp.com\/www.st-georg-corps.de\/wp-content\/uploads\/2018\/06\/2018-06-29-Pf%C3%A4nderschie%C3%9Fen-001.jpg?fit=860%2C484&amp;ssl=1\" class=\"wp-image-1895\" src=\"https:\/\/i0.wp.com\/www.st-georg-corps.de\/wp-content\/uploads\/2018\/06\/2018-06-29-Pf%C3%A4nderschie%C3%9Fen-001.jpg?resize=620%2C349\" alt=\"\" width=\"620\" height=\"349\" srcset=\"https:\/\/i0.wp.com\/www.st-georg-corps.de\/wp-content\/uploads\/2018\/06\/2018-06-29-Pf%C3%A4nderschie%C3%9Fen-001.jpg?resize=600%2C338&amp;ssl=1 600w, https:\/\/i0.wp.com\/www.st-georg-corps.de\/wp-content\/uploads\/2018\/06\/2018-06-29-Pf%C3%A4nderschie%C3%9Fen-001.jpg?resize=768%2C432&amp;ssl=1 768w, https:\/\/i0.wp.com\/www.st-georg-corps.de\/wp-content\/uploads\/2018\/06\/2018-06-29-Pf%C3%A4nderschie%C3%9Fen-001.jpg?resize=1024%2C576&amp;ssl=1 1024w, https:\/\/i0.wp.com\/www.st-georg-corps.de\/wp-content\/uploads\/2018\/06\/2018-06-29-Pf%C3%A4nderschie%C3%9Fen-001.jpg?w=1720 1720w, https:\/\/i0.wp.com\/www.st-georg-corps.de\/wp-content\/uploads\/2018\/06\/2018-06-29-Pf%C3%A4nderschie%C3%9Fen-001.jpg?w=2580 2580w\" sizes=\"auto, (max-width: 620px) 100vw, 620px\" \/><\/a><p id=\"caption-attachment-1895\" class=\"wp-caption-text\">36 von 45 Mitgliedern des Corps besuchten das diesj\u00e4hrige Pf\u00e4nderschie\u00dfen<\/p><\/div>\n<p>Nach einer kurzen Versammlung bei strahlendem Sonnenschein, bei der unter anderem noch die letzten Details f\u00fcr das anstehende K\u00f6nigsfest gekl\u00e4rt wurden, folgte das Pf\u00e4nderschie\u00dfen des Corps.&nbsp;<\/p>\n<p><img data-recalc-dims=\"1\" loading=\"lazy\" decoding=\"async\" data-attachment-id=\"1898\" data-permalink=\"https:\/\/www.st-georg-corps.de\/?attachment_id=1898\" data-orig-file=\"https:\/\/i0.wp.com\/www.st-georg-corps.de\/wp-content\/uploads\/2018\/06\/2018-06-29-Pf%C3%A4nderschie%C3%9Fen-002.jpg?fit=2000%2C2000&amp;ssl=1\" data-orig-size=\"2000,2000\" data-comments-opened=\"0\" data-image-meta=\"{&quot;aperture&quot;:&quot;5&quot;,&quot;credit&quot;:&quot;&quot;,&quot;camera&quot;:&quot;NIKON D5200&quot;,&quot;caption&quot;:&quot;&quot;,&quot;created_timestamp&quot;:&quot;1530302626&quot;,&quot;copyright&quot;:&quot;&quot;,&quot;focal_length&quot;:&quot;50&quot;,&quot;iso&quot;:&quot;220&quot;,&quot;shutter_speed&quot;:&quot;0.008&quot;,&quot;title&quot;:&quot;&quot;,&quot;orientation&quot;:&quot;0&quot;}\" data-image-title=\"2018-06-29 Pf\u00e4nderschie\u00dfen-002\" data-image-description=\"\" data-image-caption=\"\" data-medium-file=\"https:\/\/i0.wp.com\/www.st-georg-corps.de\/wp-content\/uploads\/2018\/06\/2018-06-29-Pf%C3%A4nderschie%C3%9Fen-002.jpg?fit=600%2C600&amp;ssl=1\" data-large-file=\"https:\/\/i0.wp.com\/www.st-georg-corps.de\/wp-content\/uploads\/2018\/06\/2018-06-29-Pf%C3%A4nderschie%C3%9Fen-002.jpg?fit=860%2C860&amp;ssl=1\" class=\"wp-image-1898 alignleft\" src=\"https:\/\/i0.wp.com\/www.st-georg-corps.de\/wp-content\/uploads\/2018\/06\/2018-06-29-Pf%C3%A4nderschie%C3%9Fen-002.jpg?resize=176%2C176\" alt=\"\" width=\"176\" height=\"176\" srcset=\"https:\/\/i0.wp.com\/www.st-georg-corps.de\/wp-content\/uploads\/2018\/06\/2018-06-29-Pf%C3%A4nderschie%C3%9Fen-002.jpg?resize=250%2C250&amp;ssl=1 250w, https:\/\/i0.wp.com\/www.st-georg-corps.de\/wp-content\/uploads\/2018\/06\/2018-06-29-Pf%C3%A4nderschie%C3%9Fen-002.jpg?resize=600%2C600&amp;ssl=1 600w, https:\/\/i0.wp.com\/www.st-georg-corps.de\/wp-content\/uploads\/2018\/06\/2018-06-29-Pf%C3%A4nderschie%C3%9Fen-002.jpg?resize=768%2C768&amp;ssl=1 768w, https:\/\/i0.wp.com\/www.st-georg-corps.de\/wp-content\/uploads\/2018\/06\/2018-06-29-Pf%C3%A4nderschie%C3%9Fen-002.jpg?resize=1024%2C1024&amp;ssl=1 1024w, https:\/\/i0.wp.com\/www.st-georg-corps.de\/wp-content\/uploads\/2018\/06\/2018-06-29-Pf%C3%A4nderschie%C3%9Fen-002.jpg?resize=90%2C90&amp;ssl=1 90w, https:\/\/i0.wp.com\/www.st-georg-corps.de\/wp-content\/uploads\/2018\/06\/2018-06-29-Pf%C3%A4nderschie%C3%9Fen-002.jpg?resize=75%2C75&amp;ssl=1 75w, https:\/\/i0.wp.com\/www.st-georg-corps.de\/wp-content\/uploads\/2018\/06\/2018-06-29-Pf%C3%A4nderschie%C3%9Fen-002.jpg?w=2000&amp;ssl=1 2000w, https:\/\/i0.wp.com\/www.st-georg-corps.de\/wp-content\/uploads\/2018\/06\/2018-06-29-Pf%C3%A4nderschie%C3%9Fen-002.jpg?w=1720 1720w\" sizes=\"auto, (max-width: 176px) 100vw, 176px\" \/><\/p>\n<p>Wir gratulieren den erfolgreichen Sch\u00fctzen:<\/p>\n<p style=\"padding-left: 30px;\">Kopf: Friedel Achterfeld<br \/>\nLinker Fl\u00fcgel: Lucas Kellersmann<br \/>\nRechter Fl\u00fcgel: Maurice Groten<br \/>\nSchwanz: Nils Schmidt<br \/>\nRumpf: Ren\u00e9 Kupperian<\/p>\n<p>&nbsp;<\/p>\n<p>&nbsp;<\/p>\n<p><a href=\"https:\/\/photos.app.goo.gl\/Krpbz8CVoFmDFNDK6\" target=\"_blank\" rel=\"noopener\">Hier geht es zu den Fotos<\/a><\/p>\n","protected":false},"excerpt":{"rendered":"<p>Ungew\u00f6hnlich viele Mitglieder sind der Einladung zum Pf\u00e4nderschie\u00dfen in diesem Jahr gefolgt. Kurzerhand ordnete der Vorsitzende Jens J\u00f6rgens ein Gruppenfoto an. Ein Freiwilliger aus der Nachbarschaft wurde schell gefunden und als Fotograf rekrutiert, damit alle anwesenden Kameraden mit auf das Foto kommen. Nach einer kurzen Versammlung bei strahlendem Sonnenschein, bei der unter anderem noch die letzten Details f\u00fcr das anstehende<\/p>\n","protected":false},"author":2,"featured_media":0,"comment_status":"closed","ping_status":"open","sticky":false,"template":"","format":"standard","meta":{"ngg_post_thumbnail":0,"_jetpack_memberships_contains_paid_content":false,"footnotes":""},"categories":[6],"tags":[],"class_list":["post-1893","post","type-post","status-publish","format-standard","hentry","category-corps"],"jetpack_featured_media_url":"","jetpack_shortlink":"https:\/\/wp.me\/p8O44P-ux","jetpack-related-posts":[{"id":3135,"url":"https:\/\/www.st-georg-corps.de\/?p=3135","url_meta":{"origin":1893,"position":0},"title":"Versammlung und Pf\u00e4nderschie\u00dfen am 30.06.2023","author":"Ren\u00e9 Kupperian","date":"2023-07-01","format":false,"excerpt":"Vor dem K\u00f6nigsfest findet immer eine Monatsversammlung mit anschlie\u00dfendem Pf\u00e4nderschie\u00dfen statt. Zur dieser Versammlung haben sich die meisten (39 von 49) Mitglieder des St. Georg Corps eingefunden. F\u00fcr das Pf\u00e4nderschie\u00dfen im 60. Jubil\u00e4umsjahr hatte der 1. Brudermeister der Lintorfer Bruderschaft Werner Bach eigens einen fantastischen Vogel hergestellt dem zus\u00e4tzlich zu\u2026","rel":"","context":"In &quot;Corps&quot;","block_context":{"text":"Corps","link":"https:\/\/www.st-georg-corps.de\/?cat=6"},"img":{"alt_text":"","src":"https:\/\/i0.wp.com\/www.st-georg-corps.de\/wp-content\/uploads\/2023\/07\/Jubilaeumsvogel-60-250x250.png?resize=350%2C200","width":350,"height":200},"classes":[]},{"id":3641,"url":"https:\/\/www.st-georg-corps.de\/?p=3641","url_meta":{"origin":1893,"position":1},"title":"Pf\u00e4nderschie\u00dfen am 27.06.2025","author":"Ren\u00e9 Kupperian","date":"2025-06-29","format":false,"excerpt":"Am 27. Juni fand unser diesj\u00e4hriges Pf\u00e4nderschie\u00dfen statt \u2013 ein rundum gelungener Abend f\u00fcr alle Beteiligten. Zun\u00e4chst st\u00e4rkten sich die Mitglieder bei einem herzhaften Imbiss vom Grill, den Thomas Behrendt mit viel Einsatz angefeuert hatte. Anschlie\u00dfend folgte die Monatsversammlung, bei der es eine besondere \u00dcberraschung gab. Der Brudermeister der Lintorfer\u2026","rel":"","context":"In &quot;Corps&quot;","block_context":{"text":"Corps","link":"https:\/\/www.st-georg-corps.de\/?cat=6"},"img":{"alt_text":"","src":"https:\/\/i0.wp.com\/www.st-georg-corps.de\/wp-content\/uploads\/2025\/06\/2025-06-27_001-250x250.jpg?resize=350%2C200","width":350,"height":200},"classes":[]},{"id":2905,"url":"https:\/\/www.st-georg-corps.de\/?p=2905","url_meta":{"origin":1893,"position":2},"title":"Versammlung und Pf\u00e4nderschie\u00dfen 2022","author":"Ren\u00e9 Kupperian","date":"2022-07-09","format":false,"excerpt":"Drei Jahre sind seit dem letzten Pf\u00e4nderschie\u00dfen vergangen. Einen Tag vor dem K\u00f6nigsfest, am 08.07.2022 fand das Pf\u00e4nderschie\u00dfen und die monatliche Versammlung des Corps statt. Nachdem sich die 33 anwesenden Mitglieder von einem reichhaltigen Grillbuffet, welches Klaus Hobohm vorbereitet hatte, bedient hatten folgte die Monatsversammlung. Die Versammlung startete mit der\u2026","rel":"","context":"In &quot;Events&quot;","block_context":{"text":"Events","link":"https:\/\/www.st-georg-corps.de\/?cat=5"},"img":{"alt_text":"","src":"https:\/\/i0.wp.com\/www.st-georg-corps.de\/wp-content\/uploads\/2022\/07\/2022-07-08_Gruppenfoto-600x400.jpg?resize=350%2C200","width":350,"height":200,"srcset":"https:\/\/i0.wp.com\/www.st-georg-corps.de\/wp-content\/uploads\/2022\/07\/2022-07-08_Gruppenfoto-600x400.jpg?resize=350%2C200 1x, https:\/\/i0.wp.com\/www.st-georg-corps.de\/wp-content\/uploads\/2022\/07\/2022-07-08_Gruppenfoto-600x400.jpg?resize=525%2C300 1.5x"},"classes":[]},{"id":2281,"url":"https:\/\/www.st-georg-corps.de\/?p=2281","url_meta":{"origin":1893,"position":3},"title":"Pf\u00e4nderschie\u00dfen am 28.06.2019","author":"Ren\u00e9 Kupperian","date":"2019-06-29","format":false,"excerpt":"An diesem noch nicht ganz so hei\u00dfen Tag haben sich 31 Kameraden zur Monatsversammlung und zum Pf\u00e4nderschie\u00dfen getroffen. Nach einer ausgiebigen St\u00e4rkung vom Grill und einer knapp gehaltenen Versammlung, in der der Fokus auf dem am n\u00e4chsten Tag anstehenden K\u00f6nigsfest lag, stellte sich die Anwesenden zu einem Gruppenfoto auf. Bei\u2026","rel":"","context":"In &quot;Corps&quot;","block_context":{"text":"Corps","link":"https:\/\/www.st-georg-corps.de\/?cat=6"},"img":{"alt_text":"","src":"https:\/\/i0.wp.com\/www.st-georg-corps.de\/wp-content\/uploads\/2019\/06\/2019-06-28_Gruppenfoto-600x400.jpg?resize=350%2C200","width":350,"height":200,"srcset":"https:\/\/i0.wp.com\/www.st-georg-corps.de\/wp-content\/uploads\/2019\/06\/2019-06-28_Gruppenfoto-600x400.jpg?resize=350%2C200 1x, https:\/\/i0.wp.com\/www.st-georg-corps.de\/wp-content\/uploads\/2019\/06\/2019-06-28_Gruppenfoto-600x400.jpg?resize=525%2C300 1.5x"},"classes":[]},{"id":1072,"url":"https:\/\/www.st-georg-corps.de\/?p=1072","url_meta":{"origin":1893,"position":4},"title":"Pf\u00e4nderschie\u00dfen 2017","author":"Ren\u00e9 Kupperian","date":"2017-06-30","format":false,"excerpt":"Nach einem ausgiebigen Essen vom Grill und der monatlichen Versammlung fand am 30. Juni das Pf\u00e4nderschie\u00dfen mit gro\u00dfer Beteiligung der Mitglieder statt. Die Pf\u00e4nder wurden geschossen von: Dietmar Pfeif (Kopf), Klaus Hobohm (linker Fl\u00fcgel), Lucas Kellersmann (rechter Fl\u00fcgel), Friedel Achterfeld (Schwanz) und Marcel Mohr (Rumpf). Als Autor des Videos empfehle\u2026","rel":"","context":"In &quot;Corps&quot;","block_context":{"text":"Corps","link":"https:\/\/www.st-georg-corps.de\/?cat=6"},"img":{"alt_text":"","src":"https:\/\/i0.wp.com\/img.youtube.com\/vi\/jtd4084RtyE\/0.jpg?resize=350%2C200","width":350,"height":200},"classes":[]},{"id":2240,"url":"https:\/\/www.st-georg-corps.de\/?p=2240","url_meta":{"origin":1893,"position":5},"title":"Maifest 2019","author":"Ren\u00e9 Kupperian","date":"2019-05-05","format":false,"excerpt":"Am 1. Mai wurde beim St. Georg Corps mal wieder geradelt. Gegen 11:00 Uhr startete eine Truppe von fast 30 Personen in Richtung Sechs-Seen-Platte. Es ging quer durch den Wald und um einen der Seen herum. Es war ganz sch\u00f6n frisch auf dem Rad und so manche(r) w\u00fcnschte sich, sie\u2026","rel":"","context":"In &quot;Corps&quot;","block_context":{"text":"Corps","link":"https:\/\/www.st-georg-corps.de\/?cat=6"},"img":{"alt_text":"","src":"https:\/\/i0.wp.com\/www.st-georg-corps.de\/wp-content\/uploads\/2019\/05\/2019-Maifest-Titel-250x250.jpg?resize=350%2C200","width":350,"height":200},"classes":[]}],"jetpack_likes_enabled":false,"jetpack_sharing_enabled":true,"_links":{"self":[{"href":"https:\/\/www.st-georg-corps.de\/index.php?rest_route=\/wp\/v2\/posts\/1893","targetHints":{"allow":["GET"]}}],"collection":[{"href":"https:\/\/www.st-georg-corps.de\/index.php?rest_route=\/wp\/v2\/posts"}],"about":[{"href":"https:\/\/www.st-georg-corps.de\/index.php?rest_route=\/wp\/v2\/types\/post"}],"author":[{"embeddable":true,"href":"https:\/\/www.st-georg-corps.de\/index.php?rest_route=\/wp\/v2\/users\/2"}],"replies":[{"embeddable":true,"href":"https:\/\/www.st-georg-corps.de\/index.php?rest_route=%2Fwp%2Fv2%2Fcomments&post=1893"}],"version-history":[{"count":9,"href":"https:\/\/www.st-georg-corps.de\/index.php?rest_route=\/wp\/v2\/posts\/1893\/revisions"}],"predecessor-version":[{"id":1899,"href":"https:\/\/www.st-georg-corps.de\/index.php?rest_route=\/wp\/v2\/posts\/1893\/revisions\/1899"}],"wp:attachment":[{"href":"https:\/\/www.st-georg-corps.de\/index.php?rest_route=%2Fwp%2Fv2%2Fmedia&parent=1893"}],"wp:term":[{"taxonomy":"category","embeddable":true,"href":"https:\/\/www.st-georg-corps.de\/index.php?rest_route=%2Fwp%2Fv2%2Fcategories&post=1893"},{"taxonomy":"post_tag","embeddable":true,"href":"https:\/\/www.st-georg-corps.de\/index.php?rest_route=%2Fwp%2Fv2%2Ftags&post=1893"}],"curies":[{"name":"wp","href":"https:\/\/api.w.org\/{rel}","templated":true}]}}