{"id":1626,"date":"2017-11-26T16:53:24","date_gmt":"2017-11-26T15:53:24","guid":{"rendered":"http:\/\/www.st-georg-corps.de\/?p=1626"},"modified":"2017-11-26T16:53:24","modified_gmt":"2017-11-26T15:53:24","slug":"totenehrung-2017","status":"publish","type":"post","link":"https:\/\/www.st-georg-corps.de\/?p=1626","title":{"rendered":"Totenehrung 2017"},"content":{"rendered":"<p>Am 19. November fand zum Volkstrauertag die traditionelle Gedenkfeier auf der &#8222;Drupnas&#8220; statt. Anders als in den vergangenen Jahren begann die Feier dieses Mal auf den alten Friedhof in Lintorf. Der Vorstand des TuS 08 Lintorf legte dort einen Kranz nieder und anschlie\u00dfend zog der Trauermarsch gemeinsam zur &#8222;Drupnas&#8220; um auch dort einen Kranz nieder zu legen. Das Sankt Georg Corps war mit 21 Kameraden vertreten.<\/p>\nngg_shortcode_0_placeholder\n","protected":false},"excerpt":{"rendered":"<p>Am 19. November fand zum Volkstrauertag die traditionelle Gedenkfeier auf der &#8222;Drupnas&#8220; statt. Anders als in den vergangenen Jahren begann die Feier dieses Mal auf den alten Friedhof in Lintorf. Der Vorstand des TuS 08 Lintorf legte dort einen Kranz nieder und anschlie\u00dfend zog der Trauermarsch gemeinsam zur &#8222;Drupnas&#8220; um auch dort einen Kranz nieder zu legen. Das Sankt Georg<\/p>\n","protected":false},"author":2,"featured_media":0,"comment_status":"closed","ping_status":"open","sticky":false,"template":"","format":"standard","meta":{"ngg_post_thumbnail":0,"_jetpack_memberships_contains_paid_content":false,"footnotes":""},"categories":[1],"tags":[],"class_list":["post-1626","post","type-post","status-publish","format-standard","hentry","category-sonstiges"],"jetpack_featured_media_url":"","jetpack_shortlink":"https:\/\/wp.me\/p8O44P-qe","jetpack-related-posts":[{"id":2010,"url":"https:\/\/www.st-georg-corps.de\/?p=2010","url_meta":{"origin":1626,"position":0},"title":"Vorstandstour nach M\u00fcnster","author":"Ren\u00e9 Kupperian","date":"2018-07-08","format":false,"excerpt":"Zun\u00e4chst mit dem Bus und dann mit dem Zug ging es am 7. Juli von Lintorf nach M\u00fcnster. Nach einem kleinen Fu\u00dfmarsch vom Hauptbahnhof in die Innenstadt von M\u00fcnster lie\u00dfen wir uns zun\u00e4chst in einem Biergarten direkt in der Fu\u00dfg\u00e4ngerzone der wundersch\u00f6nen Altstadt nieder. Von dort aus zogen wir weiter\u2026","rel":"","context":"In &quot;Corps&quot;","block_context":{"text":"Corps","link":"https:\/\/www.st-georg-corps.de\/?cat=6"},"img":{"alt_text":"","src":"https:\/\/i0.wp.com\/www.st-georg-corps.de\/wp-content\/uploads\/2018\/07\/2018-07-06-Vorstandstour-Muenster-Dom-250x250.jpg?resize=350%2C200","width":350,"height":200},"classes":[]},{"id":2336,"url":"https:\/\/www.st-georg-corps.de\/?p=2336","url_meta":{"origin":1626,"position":1},"title":"Altstadtfr\u00fchschoppen am 20.07.2019","author":"Ren\u00e9 Kupperian","date":"2019-07-22","format":false,"excerpt":"Am Samstag, den 20.07.2019 traf sich, urlaubsbedingt, nur eine kleine Abordnung (12 Kameraden) des Corps zum Altstadtfr\u00fchschoppen. Um 10:30 ging es zun\u00e4chst mit dem Bus und Bahn von Lintorf in die D\u00fcsseldorfer Altstadt. Unser erstes Ziel war das F\u00fcchschen auf der Ratinger Stra\u00dfe. Nach einigen Bierchen zogen wir weiter auf\u2026","rel":"","context":"In &quot;Corps&quot;","block_context":{"text":"Corps","link":"https:\/\/www.st-georg-corps.de\/?cat=6"},"img":{"alt_text":"","src":"","width":0,"height":0},"classes":[]},{"id":79,"url":"https:\/\/www.st-georg-corps.de\/?p=79","url_meta":{"origin":1626,"position":2},"title":"Harald Sasse gestorben","author":"Ren\u00e9 Kupperian","date":"2017-05-31","format":false,"excerpt":"\u00a0 Das Corps trauert um Harald Sasse der am 23. Mai 2017 nach kurzer Krankheit unerwartet verstorben ist. Wir verlieren mit Harald einen Freund und Kameraden den wir nicht vergessen werden. Harald ist vor 47 Jahren in das St. Georg Corps Lintorf 1963 e.V. eingetreten und seitdem Mitglied in der\u2026","rel":"","context":"In &quot;Corps&quot;","block_context":{"text":"Corps","link":"https:\/\/www.st-georg-corps.de\/?cat=6"},"img":{"alt_text":"","src":"https:\/\/i0.wp.com\/relaunch.st-georg-corps.de\/wp-content\/uploads\/2017\/06\/2015-05-01-Harald-Sasse-Rahmen-300x300.jpeg?resize=350%2C200","width":350,"height":200},"classes":[]},{"id":2958,"url":"https:\/\/www.st-georg-corps.de\/?p=2958","url_meta":{"origin":1626,"position":3},"title":"Sch\u00fctzenfestmontag 22.08.2022","author":"Ren\u00e9 Kupperian","date":"2022-08-27","format":false,"excerpt":"Am Sch\u00fctzenfest-Montag l\u00e4dt das St. Georg Corps traditionell seine Mitglieder und G\u00e4ste zu einem Fr\u00fchst\u00fcck und Mittagessen in geselliger Runde in das Clubhaus an der Wedauer Stra\u00dfe ein. P\u00fcnktlich um 10:00 Uhr fanden sich die ersten G\u00e4ste ein. Jeder wurde pers\u00f6nlich durch den Vorsitzenden Jens J\u00f6rgens und den amtierenden Corps-K\u00f6nig\u2026","rel":"","context":"In &quot;Sch\u00fctzenfest&quot;","block_context":{"text":"Sch\u00fctzenfest","link":"https:\/\/www.st-georg-corps.de\/?cat=4"},"img":{"alt_text":"","src":"https:\/\/i0.wp.com\/www.st-georg-corps.de\/wp-content\/uploads\/2022\/08\/2022-08-22_Eingang-600x400.jpg?resize=350%2C200","width":350,"height":200},"classes":[]},{"id":3207,"url":"https:\/\/www.st-georg-corps.de\/?p=3207","url_meta":{"origin":1626,"position":4},"title":"Philipp Kellersmann neuer Kronprinz der Bruderschaft Lintorf","author":"Ren\u00e9 Kupperian","date":"2023-08-24","format":false,"excerpt":"Philipp hatte die Ehre, das Schie\u00dfen um die Kronprinzenehre zu starten. Bereits nach seinem ersten Schuss war die obere H\u00e4lfte der Scheibe weg. Es folgten nur noch zwei weitere Sch\u00fcsse seiner Mitbewerber, die ihrerseits die untere H\u00e4lfte der Scheibe deutlich verkleinerten. Mit seinem zweiten Schuss konnte Philipp den Wettkampf f\u00fcr\u2026","rel":"","context":"In &quot;Bruderschaft&quot;","block_context":{"text":"Bruderschaft","link":"https:\/\/www.st-georg-corps.de\/?cat=8"},"img":{"alt_text":"","src":"https:\/\/i0.wp.com\/www.st-georg-corps.de\/wp-content\/uploads\/2023\/08\/2023-08-21-241-250x250.jpg?resize=350%2C200","width":350,"height":200},"classes":[]},{"id":2505,"url":"https:\/\/www.st-georg-corps.de\/?p=2505","url_meta":{"origin":1626,"position":5},"title":"St. Georg Corps im Gl\u00fcck (Sch\u00fctzenfest 2019)","author":"Ren\u00e9 Kupperian","date":"2019-09-08","format":false,"excerpt":"Traditionsgem\u00e4\u00df treffen sich die Mitglieder des St. Georg Corps am Sch\u00fctzenfestmontag um 10:00 Uhr auf der vereinseigenen Clubhausanlage am alten Lintorfer Bahnhof. Zu diesem Fr\u00fchst\u00fcck werden auch immer zahlreiche Ehreng\u00e4ste eingeladen. Jeder Gast wurde am Eingang pers\u00f6nlich begr\u00fc\u00dft und bekam einen St. Georg Corps Sticker geschenkt. Zu den G\u00e4sten z\u00e4hlten\u2026","rel":"","context":"In &quot;Corps&quot;","block_context":{"text":"Corps","link":"https:\/\/www.st-georg-corps.de\/?cat=6"},"img":{"alt_text":"","src":"https:\/\/i0.wp.com\/www.st-georg-corps.de\/wp-content\/uploads\/2019\/09\/2019-08-19_SGC-Im-Glueck-1024x682.jpg?resize=350%2C200","width":350,"height":200,"srcset":"https:\/\/i0.wp.com\/www.st-georg-corps.de\/wp-content\/uploads\/2019\/09\/2019-08-19_SGC-Im-Glueck-1024x682.jpg?resize=350%2C200 1x, https:\/\/i0.wp.com\/www.st-georg-corps.de\/wp-content\/uploads\/2019\/09\/2019-08-19_SGC-Im-Glueck-1024x682.jpg?resize=525%2C300 1.5x, https:\/\/i0.wp.com\/www.st-georg-corps.de\/wp-content\/uploads\/2019\/09\/2019-08-19_SGC-Im-Glueck-1024x682.jpg?resize=700%2C400 2x"},"classes":[]}],"jetpack_likes_enabled":false,"jetpack_sharing_enabled":true,"_links":{"self":[{"href":"https:\/\/www.st-georg-corps.de\/index.php?rest_route=\/wp\/v2\/posts\/1626","targetHints":{"allow":["GET"]}}],"collection":[{"href":"https:\/\/www.st-georg-corps.de\/index.php?rest_route=\/wp\/v2\/posts"}],"about":[{"href":"https:\/\/www.st-georg-corps.de\/index.php?rest_route=\/wp\/v2\/types\/post"}],"author":[{"embeddable":true,"href":"https:\/\/www.st-georg-corps.de\/index.php?rest_route=\/wp\/v2\/users\/2"}],"replies":[{"embeddable":true,"href":"https:\/\/www.st-georg-corps.de\/index.php?rest_route=%2Fwp%2Fv2%2Fcomments&post=1626"}],"version-history":[{"count":3,"href":"https:\/\/www.st-georg-corps.de\/index.php?rest_route=\/wp\/v2\/posts\/1626\/revisions"}],"predecessor-version":[{"id":1649,"href":"https:\/\/www.st-georg-corps.de\/index.php?rest_route=\/wp\/v2\/posts\/1626\/revisions\/1649"}],"wp:attachment":[{"href":"https:\/\/www.st-georg-corps.de\/index.php?rest_route=%2Fwp%2Fv2%2Fmedia&parent=1626"}],"wp:term":[{"taxonomy":"category","embeddable":true,"href":"https:\/\/www.st-georg-corps.de\/index.php?rest_route=%2Fwp%2Fv2%2Fcategories&post=1626"},{"taxonomy":"post_tag","embeddable":true,"href":"https:\/\/www.st-georg-corps.de\/index.php?rest_route=%2Fwp%2Fv2%2Ftags&post=1626"}],"curies":[{"name":"wp","href":"https:\/\/api.w.org\/{rel}","templated":true}]}}