{"id":1563,"date":"2017-11-04T16:24:08","date_gmt":"2017-11-04T15:24:08","guid":{"rendered":"http:\/\/www.st-georg-corps.de\/?p=1563"},"modified":"2017-11-04T16:34:55","modified_gmt":"2017-11-04T15:34:55","slug":"ueberraschungsversammlung-2017","status":"publish","type":"post","link":"https:\/\/www.st-georg-corps.de\/?p=1563","title":{"rendered":"\u00dcberraschungsversammlung 2017"},"content":{"rendered":"<p>Am 06.10.2017 fand unsere \u00dcberraschungsversammlung statt. Die 20 Kameraden die an der Fahrt teilgenommen haben, waren sehr gespannt, wo es denn in diesem Jahr hin gehen sollte. Um 17:45 war treffen am Klubhaus in Tracht angesagt und alle haben nicht schlecht gestaunt, dass wir an diesem Abend mit einem Linienbus gestartet sind.<\/p>\n<p>Nach einer Fahrt quer durch M\u00fchlheim von etwa 45 Minuten hatten wir unser Ziel erreicht. Das R\u00dc Oktoberfest auf dem Flughafen Essen\/M\u00fchlheim.<\/p>\n<p>Im ausverkauften Zelt waren einige Tische f\u00fcr uns reserviert. Die Mannschaft hatte sehr viel Spa\u00df und auch die R\u00fcckfahrt mit dem Linienbus war wirklich weltklasse.<\/p>\n<p>Danke an das Organisationsteam f\u00fcr diesen tollen Abend.<\/p>\n<p>Super vorbereitet, sehr gut organisiert und mit Charme ausgef\u00fchrt.<\/p>\nngg_shortcode_0_placeholder\n","protected":false},"excerpt":{"rendered":"<p>Am 06.10.2017 fand unsere \u00dcberraschungsversammlung statt. Die 20 Kameraden die an der Fahrt teilgenommen haben, waren sehr gespannt, wo es denn in diesem Jahr hin gehen sollte. Um 17:45 war treffen am Klubhaus in Tracht angesagt und alle haben nicht schlecht gestaunt, dass wir an diesem Abend mit einem Linienbus gestartet sind. Nach einer Fahrt quer durch M\u00fchlheim von etwa<\/p>\n","protected":false},"author":2,"featured_media":0,"comment_status":"closed","ping_status":"open","sticky":false,"template":"","format":"standard","meta":{"ngg_post_thumbnail":0,"_jetpack_memberships_contains_paid_content":false,"footnotes":""},"categories":[5],"tags":[],"class_list":["post-1563","post","type-post","status-publish","format-standard","hentry","category-events"],"jetpack_featured_media_url":"","jetpack_shortlink":"https:\/\/wp.me\/p8O44P-pd","jetpack-related-posts":[{"id":2877,"url":"https:\/\/www.st-georg-corps.de\/?p=2877","url_meta":{"origin":1563,"position":0},"title":"Maifest 2022","author":"Ren\u00e9 Kupperian","date":"2022-05-02","format":false,"excerpt":"Am 01. Mai fand nach 3 Jahren, lang ersehnt, wieder das Familienfest des St. Georg Corps statt. P\u00fcnktlich um 11:00 Uhr startete eine Truppe von \u00fcber 40 Personen zu einer kleinen Fahrrad- Rundfahrt. Ausr\u00fcstungstechnisch war an diesem Tag wirklich alles dabei. Vom fast schrottreifen Herrenrad (liebevoll Hula-bike genannt, weil es\u2026","rel":"","context":"In &quot;Corps&quot;","block_context":{"text":"Corps","link":"https:\/\/www.st-georg-corps.de\/?cat=6"},"img":{"alt_text":"","src":"https:\/\/i0.wp.com\/www.st-georg-corps.de\/wp-content\/uploads\/2022\/05\/IMG_20220501_123221-600x450.jpg?resize=350%2C200","width":350,"height":200},"classes":[]},{"id":3478,"url":"https:\/\/www.st-georg-corps.de\/?p=3478","url_meta":{"origin":1563,"position":1},"title":"Des K\u00f6nigs Sch\u00fctzenfest 2024","author":"Ren\u00e9 Kupperian","date":"2024-08-24","format":false,"excerpt":"In diesem Jahr m\u00f6chte ich dem Bericht zum Sch\u00fctzenfest gerne eine pers\u00f6nliche Note geben. Als amtierender K\u00f6nig des St. Georg Corps habe ich diese Tage aus einer v\u00f6llig anderen Perspektive erleben d\u00fcrfen. Angefangen am M\u00f6schesonntag, als ich zum ersten Mal in vorderster Reihe gleich hinter dem Hauptmann und der Standarte\u2026","rel":"","context":"In &quot;Corps&quot;","block_context":{"text":"Corps","link":"https:\/\/www.st-georg-corps.de\/?cat=6"},"img":{"alt_text":"","src":"https:\/\/i0.wp.com\/www.st-georg-corps.de\/wp-content\/uploads\/2024\/08\/Logo-SGC-424_2000px-250x250.png?resize=350%2C200","width":350,"height":200},"classes":[]},{"id":2929,"url":"https:\/\/www.st-georg-corps.de\/?p=2929","url_meta":{"origin":1563,"position":2},"title":"Sch\u00fctzenfest 2022 \u00f6ffentliches Fotoalbum","author":"Ren\u00e9 Kupperian","date":"2022-08-19","format":false,"excerpt":"Heute ist es endlich soweit. Das Lintorfer Sch\u00fctzenfest startet mit dem Bayerischen Abend um 20:00 Uhr auf dem Sch\u00fctzenplatz. Auf diesen Tag haben wir uns alle drei Jahre lang gefreut. Als K\u00f6nigs- und Kronprinz-Kompanie der Lintorfer Bruderschaft war es in diesem Jahr eine Ehre f\u00fcr uns, f\u00fcr die Gestaltung des\u2026","rel":"","context":"In &quot;Sch\u00fctzenfest&quot;","block_context":{"text":"Sch\u00fctzenfest","link":"https:\/\/www.st-georg-corps.de\/?cat=4"},"img":{"alt_text":"","src":"","width":0,"height":0},"classes":[]},{"id":3276,"url":"https:\/\/www.st-georg-corps.de\/?p=3276","url_meta":{"origin":1563,"position":3},"title":"Jubil\u00e4umsfest am 18.11.2023","author":"Ren\u00e9 Kupperian","date":"2023-11-21","format":false,"excerpt":"Es dauerte eine Weile, eine Entscheidung dar\u00fcber zu treffen, wie und wo das Jubil\u00e4umsfest zum 60. Vereinsbestehen angemessen gefeiert werden sollte. Die vorgeschlagenen Optionen waren vielf\u00e4ltig, aber die meisten waren aus Gr\u00fcnden wie Entfernung, Terminplanung oder schlichtweg Logistik nicht umsetzbar. Wir suchten nach einer Veranstaltungsst\u00e4tte, die die festlichen Rahmenbedingungen erf\u00fcllen\u2026","rel":"","context":"In &quot;Corps&quot;","block_context":{"text":"Corps","link":"https:\/\/www.st-georg-corps.de\/?cat=6"},"img":{"alt_text":"","src":"https:\/\/i0.wp.com\/www.st-georg-corps.de\/wp-content\/uploads\/2023\/11\/Jubilaeumspin-250x250.png?resize=350%2C200","width":350,"height":200},"classes":[]},{"id":2228,"url":"https:\/\/www.st-georg-corps.de\/?p=2228","url_meta":{"origin":1563,"position":4},"title":"Vorstandstour Mailand am 26.04.2019","author":"Ren\u00e9 Kupperian","date":"2019-04-28","format":false,"excerpt":"Von urspr\u00fcnglich 16 angemeldeten Kameraden konnten leider nur 12 an der Vorstandstour nach Mailand am 26. April 2019 teilnehmen. Treffen beim Meck war bereits um 5:30 Uhr, um 7:20 ging fast p\u00fcnktlich der Flug nach Mailand. Die Aussicht auf gutes Wetter in Italien war mehr als schlecht. Es sollten nur\u2026","rel":"","context":"In &quot;Corps&quot;","block_context":{"text":"Corps","link":"https:\/\/www.st-georg-corps.de\/?cat=6"},"img":{"alt_text":"","src":"https:\/\/i0.wp.com\/www.st-georg-corps.de\/wp-content\/uploads\/2019\/04\/Mailand_01-250x250.jpg?resize=350%2C200","width":350,"height":200},"classes":[]},{"id":2570,"url":"https:\/\/www.st-georg-corps.de\/?p=2570","url_meta":{"origin":1563,"position":5},"title":"\u00dcberraschungszeitreise","author":"Ren\u00e9 Kupperian","date":"2019-10-13","format":false,"excerpt":"In diesem Jahr entf\u00fchrten uns die Vorsitzenden zur \u00dcberraschungsversammlung am Freitag den 11. Oktober nach Duisburg auf \u201eDie Rennpiste\u201c von Pascal Kissel. Bereits wenige Sekunden nach dem Eintreten war klar, dass dies keine normale Gastst\u00e4tte ist, sondern etwas ganz Besonderes. Nach einem herzlichen Empfang durch die Familie Kissel wurde wir\u2026","rel":"","context":"In &quot;Corps&quot;","block_context":{"text":"Corps","link":"https:\/\/www.st-georg-corps.de\/?cat=6"},"img":{"alt_text":"","src":"https:\/\/i0.wp.com\/www.st-georg-corps.de\/wp-content\/uploads\/2019\/10\/2019-10-11_001-600x375.jpg?resize=350%2C200","width":350,"height":200},"classes":[]}],"jetpack_likes_enabled":false,"jetpack_sharing_enabled":true,"_links":{"self":[{"href":"https:\/\/www.st-georg-corps.de\/index.php?rest_route=\/wp\/v2\/posts\/1563","targetHints":{"allow":["GET"]}}],"collection":[{"href":"https:\/\/www.st-georg-corps.de\/index.php?rest_route=\/wp\/v2\/posts"}],"about":[{"href":"https:\/\/www.st-georg-corps.de\/index.php?rest_route=\/wp\/v2\/types\/post"}],"author":[{"embeddable":true,"href":"https:\/\/www.st-georg-corps.de\/index.php?rest_route=\/wp\/v2\/users\/2"}],"replies":[{"embeddable":true,"href":"https:\/\/www.st-georg-corps.de\/index.php?rest_route=%2Fwp%2Fv2%2Fcomments&post=1563"}],"version-history":[{"count":4,"href":"https:\/\/www.st-georg-corps.de\/index.php?rest_route=\/wp\/v2\/posts\/1563\/revisions"}],"predecessor-version":[{"id":1621,"href":"https:\/\/www.st-georg-corps.de\/index.php?rest_route=\/wp\/v2\/posts\/1563\/revisions\/1621"}],"wp:attachment":[{"href":"https:\/\/www.st-georg-corps.de\/index.php?rest_route=%2Fwp%2Fv2%2Fmedia&parent=1563"}],"wp:term":[{"taxonomy":"category","embeddable":true,"href":"https:\/\/www.st-georg-corps.de\/index.php?rest_route=%2Fwp%2Fv2%2Fcategories&post=1563"},{"taxonomy":"post_tag","embeddable":true,"href":"https:\/\/www.st-georg-corps.de\/index.php?rest_route=%2Fwp%2Fv2%2Ftags&post=1563"}],"curies":[{"name":"wp","href":"https:\/\/api.w.org\/{rel}","templated":true}]}}