{"id":1416,"date":"2017-09-03T10:02:54","date_gmt":"2017-09-03T08:02:54","guid":{"rendered":"http:\/\/www.st-georg-corps.de\/?p=1416"},"modified":"2018-03-26T19:40:22","modified_gmt":"2018-03-26T17:40:22","slug":"hahnekoeppen-2017","status":"publish","type":"post","link":"https:\/\/www.st-georg-corps.de\/?p=1416","title":{"rendered":"Hahnek\u00f6ppen 2017"},"content":{"rendered":"<p>Am 02. September luden Sabine Mahlberg und Thomas Behrendt zum j\u00e4hrlichen Hahnek\u00f6ppen des St. Georg Corps ein.&nbsp;Bei gutem Wetter feierten die Sch\u00fctzenbr\u00fcdern mit ihren Frauen und G\u00e4sten ein fr\u00f6hliches Fest bis in die Nacht hinein.<\/p>\n<p>Neue Hahnek\u00f6nigin wurde Lissy Pfeif. Neuer Hahnek\u00f6nig wurde Marcus&nbsp;Leichtl.<\/p>\n<div class=\"tiled-gallery type-rectangular tiled-gallery-unresized\" data-original-width=\"860\" data-carousel-extra='{&quot;blog_id&quot;:1,&quot;permalink&quot;:&quot;https:\\\/\\\/www.st-georg-corps.de\\\/?p=1416&quot;,&quot;likes_blog_id&quot;:130142763}' itemscope itemtype=\"http:\/\/schema.org\/ImageGallery\" > <div class=\"gallery-row\" style=\"width: 860px; height: 431px;\" data-original-width=\"860\" data-original-height=\"431\" > <div class=\"gallery-group images-1\" style=\"width: 574px; height: 431px;\" data-original-width=\"574\" data-original-height=\"431\" > <div class=\"tiled-gallery-item tiled-gallery-item-large\" itemprop=\"associatedMedia\" itemscope itemtype=\"http:\/\/schema.org\/ImageObject\"> <a href=\"https:\/\/www.st-georg-corps.de\/?attachment_id=1421\" border=\"0\" itemprop=\"url\"> <meta itemprop=\"width\" content=\"570\"> <meta itemprop=\"height\" content=\"427\"> <img decoding=\"async\" class=\"\" data-attachment-id=\"1421\" data-orig-file=\"https:\/\/www.st-georg-corps.de\/wp-content\/uploads\/2017\/09\/2017-09-02-Hahnekoeppen-004.jpg\" data-orig-size=\"1200,900\" data-comments-opened=\"\" data-image-meta=\"{&quot;aperture&quot;:&quot;4.2&quot;,&quot;credit&quot;:&quot;&quot;,&quot;camera&quot;:&quot;NIKON D5200&quot;,&quot;caption&quot;:&quot;&quot;,&quot;created_timestamp&quot;:&quot;1504388910&quot;,&quot;copyright&quot;:&quot;&quot;,&quot;focal_length&quot;:&quot;32&quot;,&quot;iso&quot;:&quot;3200&quot;,&quot;shutter_speed&quot;:&quot;0.016666666666667&quot;,&quot;title&quot;:&quot;&quot;,&quot;orientation&quot;:&quot;0&quot;}\" data-image-title=\"2017-09-02-Hahnekoeppen-004\" data-image-description=\"\" data-medium-file=\"https:\/\/i0.wp.com\/www.st-georg-corps.de\/wp-content\/uploads\/2017\/09\/2017-09-02-Hahnekoeppen-004.jpg?fit=600%2C450&#038;ssl=1\" data-large-file=\"https:\/\/i0.wp.com\/www.st-georg-corps.de\/wp-content\/uploads\/2017\/09\/2017-09-02-Hahnekoeppen-004.jpg?fit=860%2C645&#038;ssl=1\" src=\"https:\/\/i0.wp.com\/www.st-georg-corps.de\/wp-content\/uploads\/2017\/09\/2017-09-02-Hahnekoeppen-004.jpg?w=570&#038;h=427&#038;ssl=1\" srcset=\"https:\/\/i0.wp.com\/www.st-georg-corps.de\/wp-content\/uploads\/2017\/09\/2017-09-02-Hahnekoeppen-004.jpg?w=1200&amp;ssl=1 1200w, https:\/\/i0.wp.com\/www.st-georg-corps.de\/wp-content\/uploads\/2017\/09\/2017-09-02-Hahnekoeppen-004.jpg?resize=600%2C450&amp;ssl=1 600w, https:\/\/i0.wp.com\/www.st-georg-corps.de\/wp-content\/uploads\/2017\/09\/2017-09-02-Hahnekoeppen-004.jpg?resize=768%2C576&amp;ssl=1 768w, https:\/\/i0.wp.com\/www.st-georg-corps.de\/wp-content\/uploads\/2017\/09\/2017-09-02-Hahnekoeppen-004.jpg?resize=1024%2C768&amp;ssl=1 1024w\" width=\"570\" height=\"427\" loading=\"lazy\" data-original-width=\"570\" data-original-height=\"427\" itemprop=\"http:\/\/schema.org\/image\" title=\"2017-09-02-Hahnekoeppen-004\" alt=\"Hahnek\u00f6ppen 2017\" style=\"width: 570px; height: 427px;\" \/> <\/a> <div class=\"tiled-gallery-caption\" itemprop=\"caption description\"> Hahnek\u00f6ppen 2017 <\/div> <\/div> <\/div> <!-- close group --> <div class=\"gallery-group images-2\" style=\"width: 286px; height: 431px;\" data-original-width=\"286\" data-original-height=\"431\" > <div class=\"tiled-gallery-item tiled-gallery-item-large\" itemprop=\"associatedMedia\" itemscope itemtype=\"http:\/\/schema.org\/ImageObject\"> <a href=\"https:\/\/www.st-georg-corps.de\/?attachment_id=1420\" border=\"0\" itemprop=\"url\"> <meta itemprop=\"width\" content=\"282\"> <meta itemprop=\"height\" content=\"212\"> <img decoding=\"async\" class=\"\" data-attachment-id=\"1420\" data-orig-file=\"https:\/\/www.st-georg-corps.de\/wp-content\/uploads\/2017\/09\/2017-09-02-Hahnekoeppen-003.jpg\" data-orig-size=\"1200,900\" data-comments-opened=\"\" data-image-meta=\"{&quot;aperture&quot;:&quot;3.8&quot;,&quot;credit&quot;:&quot;&quot;,&quot;camera&quot;:&quot;NIKON D5200&quot;,&quot;caption&quot;:&quot;&quot;,&quot;created_timestamp&quot;:&quot;1504388179&quot;,&quot;copyright&quot;:&quot;&quot;,&quot;focal_length&quot;:&quot;21&quot;,&quot;iso&quot;:&quot;3200&quot;,&quot;shutter_speed&quot;:&quot;0.016666666666667&quot;,&quot;title&quot;:&quot;&quot;,&quot;orientation&quot;:&quot;0&quot;}\" data-image-title=\"2017-09-02-Hahnekoeppen-003\" data-image-description=\"\" data-medium-file=\"https:\/\/i0.wp.com\/www.st-georg-corps.de\/wp-content\/uploads\/2017\/09\/2017-09-02-Hahnekoeppen-003.jpg?fit=600%2C450&#038;ssl=1\" data-large-file=\"https:\/\/i0.wp.com\/www.st-georg-corps.de\/wp-content\/uploads\/2017\/09\/2017-09-02-Hahnekoeppen-003.jpg?fit=860%2C645&#038;ssl=1\" src=\"https:\/\/i0.wp.com\/www.st-georg-corps.de\/wp-content\/uploads\/2017\/09\/2017-09-02-Hahnekoeppen-003.jpg?w=282&#038;h=212&#038;ssl=1\" srcset=\"https:\/\/i0.wp.com\/www.st-georg-corps.de\/wp-content\/uploads\/2017\/09\/2017-09-02-Hahnekoeppen-003.jpg?w=1200&amp;ssl=1 1200w, https:\/\/i0.wp.com\/www.st-georg-corps.de\/wp-content\/uploads\/2017\/09\/2017-09-02-Hahnekoeppen-003.jpg?resize=600%2C450&amp;ssl=1 600w, https:\/\/i0.wp.com\/www.st-georg-corps.de\/wp-content\/uploads\/2017\/09\/2017-09-02-Hahnekoeppen-003.jpg?resize=768%2C576&amp;ssl=1 768w, https:\/\/i0.wp.com\/www.st-georg-corps.de\/wp-content\/uploads\/2017\/09\/2017-09-02-Hahnekoeppen-003.jpg?resize=1024%2C768&amp;ssl=1 1024w\" width=\"282\" height=\"212\" loading=\"lazy\" data-original-width=\"282\" data-original-height=\"212\" itemprop=\"http:\/\/schema.org\/image\" title=\"2017-09-02-Hahnekoeppen-003\" alt=\"Marcus Leichtl\" style=\"width: 282px; height: 212px;\" \/> <\/a> <div class=\"tiled-gallery-caption\" itemprop=\"caption description\"> Marcus Leichtl <\/div> <\/div> <div class=\"tiled-gallery-item tiled-gallery-item-large\" itemprop=\"associatedMedia\" itemscope itemtype=\"http:\/\/schema.org\/ImageObject\"> <a href=\"https:\/\/www.st-georg-corps.de\/?attachment_id=1419\" border=\"0\" itemprop=\"url\"> <meta itemprop=\"width\" content=\"282\"> <meta itemprop=\"height\" content=\"211\"> <img decoding=\"async\" class=\"\" data-attachment-id=\"1419\" data-orig-file=\"https:\/\/www.st-georg-corps.de\/wp-content\/uploads\/2017\/09\/2017-09-02-Hahnekoeppen-002.jpg\" data-orig-size=\"1200,900\" data-comments-opened=\"\" data-image-meta=\"{&quot;aperture&quot;:&quot;1.8&quot;,&quot;credit&quot;:&quot;&quot;,&quot;camera&quot;:&quot;iPhone 7&quot;,&quot;caption&quot;:&quot;&quot;,&quot;created_timestamp&quot;:&quot;1504386207&quot;,&quot;copyright&quot;:&quot;&quot;,&quot;focal_length&quot;:&quot;3.99&quot;,&quot;iso&quot;:&quot;20&quot;,&quot;shutter_speed&quot;:&quot;0.058823529411765&quot;,&quot;title&quot;:&quot;&quot;,&quot;orientation&quot;:&quot;0&quot;}\" data-image-title=\"2017-09-02-Hahnekoeppen-002\" data-image-description=\"\" data-medium-file=\"https:\/\/i0.wp.com\/www.st-georg-corps.de\/wp-content\/uploads\/2017\/09\/2017-09-02-Hahnekoeppen-002.jpg?fit=600%2C450&#038;ssl=1\" data-large-file=\"https:\/\/i0.wp.com\/www.st-georg-corps.de\/wp-content\/uploads\/2017\/09\/2017-09-02-Hahnekoeppen-002.jpg?fit=860%2C645&#038;ssl=1\" src=\"https:\/\/i0.wp.com\/www.st-georg-corps.de\/wp-content\/uploads\/2017\/09\/2017-09-02-Hahnekoeppen-002.jpg?w=282&#038;h=211&#038;ssl=1\" srcset=\"https:\/\/i0.wp.com\/www.st-georg-corps.de\/wp-content\/uploads\/2017\/09\/2017-09-02-Hahnekoeppen-002.jpg?w=1200&amp;ssl=1 1200w, https:\/\/i0.wp.com\/www.st-georg-corps.de\/wp-content\/uploads\/2017\/09\/2017-09-02-Hahnekoeppen-002.jpg?resize=600%2C450&amp;ssl=1 600w, https:\/\/i0.wp.com\/www.st-georg-corps.de\/wp-content\/uploads\/2017\/09\/2017-09-02-Hahnekoeppen-002.jpg?resize=768%2C576&amp;ssl=1 768w, https:\/\/i0.wp.com\/www.st-georg-corps.de\/wp-content\/uploads\/2017\/09\/2017-09-02-Hahnekoeppen-002.jpg?resize=1024%2C768&amp;ssl=1 1024w\" width=\"282\" height=\"211\" loading=\"lazy\" data-original-width=\"282\" data-original-height=\"211\" itemprop=\"http:\/\/schema.org\/image\" title=\"2017-09-02-Hahnekoeppen-002\" alt=\"Lissy Pfeiff\" style=\"width: 282px; height: 211px;\" \/> <\/a> <div class=\"tiled-gallery-caption\" itemprop=\"caption description\"> Lissy Pfeiff <\/div> <\/div> <\/div> <!-- close group --> <\/div> <!-- close row --> <\/div>\n<p>Weitere Fotos sind hier zu finden:<a href=\"https:\/\/photos.app.goo.gl\/XljBFsoQir3bEr8F2\" target=\"_blank\" rel=\"noopener\"> SGC 2017-09-02 Hahnek\u00f6ppen<\/a>&nbsp;<\/p>\n","protected":false},"excerpt":{"rendered":"<p>Am 02. September luden Sabine Mahlberg und Thomas Behrendt zum j\u00e4hrlichen Hahnek\u00f6ppen des St. Georg Corps ein.&nbsp;Bei gutem Wetter feierten die Sch\u00fctzenbr\u00fcdern mit ihren Frauen und G\u00e4sten ein fr\u00f6hliches Fest bis in die Nacht hinein. Neue Hahnek\u00f6nigin wurde Lissy Pfeif. Neuer Hahnek\u00f6nig wurde Marcus&nbsp;Leichtl. Weitere Fotos sind hier zu finden: SGC 2017-09-02 Hahnek\u00f6ppen&nbsp;<\/p>\n","protected":false},"author":2,"featured_media":0,"comment_status":"closed","ping_status":"open","sticky":false,"template":"","format":"standard","meta":{"ngg_post_thumbnail":0,"_jetpack_memberships_contains_paid_content":false,"footnotes":""},"categories":[5],"tags":[],"class_list":["post-1416","post","type-post","status-publish","format-standard","hentry","category-events"],"jetpack_featured_media_url":"","jetpack_shortlink":"https:\/\/wp.me\/p8O44P-mQ","jetpack-related-posts":[{"id":2551,"url":"https:\/\/www.st-georg-corps.de\/?p=2551","url_meta":{"origin":1416,"position":0},"title":"Hahnek\u00f6ppen und Oktoberfest 2019","author":"Ren\u00e9 Kupperian","date":"2019-09-22","format":false,"excerpt":"Lintorf schl\u00e4gt M\u00fcnchen Bei strahlendem Sonnenschein, 30 Minuten vor dem offiziellen Fa\u00dfanstich in M\u00fcnchen, schlug unser 2. B\u00fcrgermeister Wolfgang Dietrich mit ein paar kr\u00e4ftigen Schl\u00e4gen, das erste Festbierfa\u00df an. Beim diesj\u00e4hrigen Oktoberfest des St. Georg Corps waren die Lintorfer schneller. In der, vom \u201eBautrupp\u201c des St. Georg Corps, errichteten Almh\u00fctte\u2026","rel":"","context":"In &quot;Corps&quot;","block_context":{"text":"Corps","link":"https:\/\/www.st-georg-corps.de\/?cat=6"},"img":{"alt_text":"","src":"https:\/\/i0.wp.com\/www.st-georg-corps.de\/wp-content\/uploads\/2019\/09\/2019-09-21_Oktoberfest-02-600x450.jpg?resize=350%2C200","width":350,"height":200,"srcset":"https:\/\/i0.wp.com\/www.st-georg-corps.de\/wp-content\/uploads\/2019\/09\/2019-09-21_Oktoberfest-02-600x450.jpg?resize=350%2C200 1x, https:\/\/i0.wp.com\/www.st-georg-corps.de\/wp-content\/uploads\/2019\/09\/2019-09-21_Oktoberfest-02-600x450.jpg?resize=525%2C300 1.5x"},"classes":[]},{"id":2827,"url":"https:\/\/www.st-georg-corps.de\/?p=2827","url_meta":{"origin":1416,"position":1},"title":"Hahnek\u00f6ppen und Oktoberfest 2021","author":"Ren\u00e9 Kupperian","date":"2021-09-06","format":false,"excerpt":"Am Samstag den 4. September begr\u00fc\u00dften das Hahnek\u00f6nigspaar Marika & Mockel (Manfred Etzrodt) an die 100 G\u00e4ste zu Ihrem Hahnek\u00f6nigsfest. Marika und Mockel begr\u00fc\u00dften die G\u00e4ste am Eingang und \u00fcberreichten jeder Dame einen Piccolo. Nat\u00fcrlich wurden die 3G-Coronaregeln von allen befolgt und das Fest fand in einem 18 Meter Zelt\u2026","rel":"","context":"In &quot;Corps&quot;","block_context":{"text":"Corps","link":"https:\/\/www.st-georg-corps.de\/?cat=6"},"img":{"alt_text":"","src":"https:\/\/i0.wp.com\/www.st-georg-corps.de\/wp-content\/uploads\/2021\/09\/2019-Hahnekoenigspaar-250x250.jpg?resize=350%2C200","width":350,"height":200},"classes":[]},{"id":3254,"url":"https:\/\/www.st-georg-corps.de\/?p=3254","url_meta":{"origin":1416,"position":2},"title":"Hahnek\u00f6ppen am 23.09.2023","author":"Ren\u00e9 Kupperian","date":"2023-09-24","format":false,"excerpt":"Am 23.Spetember 2023 war es wieder soweit, die St Georg Corps Familie begr\u00fc\u00dfte viele Freunde und G\u00e4ste zum diesj\u00e4hrigen Hahnek\u00f6ppen. Eingeladen hatten Hahnek\u00f6nigin Kerstin Sucker und Hahnek\u00f6nig Klaus Hobohm. Bei k\u00fchlem aber trockenen Wetter folgten dieser Einladung unter anderem, Bruderschaftsk\u00f6nig Werner Bach mit seiner K\u00f6nigin Tina, Kronprinz Philipp Kellersmann, Andreas\u2026","rel":"","context":"In &quot;Corps&quot;","block_context":{"text":"Corps","link":"https:\/\/www.st-georg-corps.de\/?cat=6"},"img":{"alt_text":"","src":"https:\/\/i0.wp.com\/www.st-georg-corps.de\/wp-content\/uploads\/2023\/09\/2023-Hahnekoenig-000-250x250.jpg?resize=350%2C200","width":350,"height":200},"classes":[]},{"id":2049,"url":"https:\/\/www.st-georg-corps.de\/?p=2049","url_meta":{"origin":1416,"position":3},"title":"Hahnek\u00f6ppen 2018","author":"Ren\u00e9 Kupperian","date":"2018-09-09","format":false,"excerpt":"Am 8. September haben Lissy Pfeif und Marcus Leichtl als amtierendes Hahnek\u00f6nigspaar zum diesj\u00e4hrigen Hahnek\u00f6ppen eingeladen. Die Feier wurde bereits am Vormittag mit gro\u00dfer Beteiligung der Mitglieder und Ihrer Frauen vorbereitet. Das Clubhaus und auch die Au\u00dfenanlage wurde liebevoll geschm\u00fcckt, ein riesiger Hahn auf einem Heuhaufen begr\u00fc\u00dfte die G\u00e4ste bereits\u2026","rel":"","context":"In &quot;Corps&quot;","block_context":{"text":"Corps","link":"https:\/\/www.st-georg-corps.de\/?cat=6"},"img":{"alt_text":"","src":"https:\/\/i0.wp.com\/www.st-georg-corps.de\/wp-content\/uploads\/2018\/09\/2018-09-08-Hahn-600x451.jpg?resize=350%2C200","width":350,"height":200},"classes":[]},{"id":3712,"url":"https:\/\/www.st-georg-corps.de\/?p=3712","url_meta":{"origin":1416,"position":4},"title":"Hahnek\u00f6ppen am 13.09.2025","author":"Ren\u00e9 Kupperian","date":"2025-09-14","format":false,"excerpt":"Unser Hahnek\u00f6nigspaar Heike Leichtl und Leon Groten lud am 13. September 2025 zum traditionellen Hahnek\u00f6ppen in Tracht ein. Zahlreiche Mitglieder und G\u00e4ste folgten dieser Einladung. Unter den G\u00e4sten konnten wir auch das amtierende K\u00f6nigspaar der Lintorfer Bruderschaft Alexander Schleip mit seiner Marika begr\u00fc\u00dfen. Dar\u00fcber hinaus folgten zahlreiche Ehreng\u00e4ste aus den\u2026","rel":"","context":"In &quot;Corps&quot;","block_context":{"text":"Corps","link":"https:\/\/www.st-georg-corps.de\/?cat=6"},"img":{"alt_text":"","src":"https:\/\/i0.wp.com\/www.st-georg-corps.de\/wp-content\/uploads\/2025\/09\/2025-09-13_Hahnekoenig_und_Bruderschaftskoenih_klein-600x450.jpg?resize=350%2C200","width":350,"height":200},"classes":[]},{"id":3539,"url":"https:\/\/www.st-georg-corps.de\/?p=3539","url_meta":{"origin":1416,"position":5},"title":"Hahnek\u00f6ppen am 21.09.2024","author":"Ren\u00e9 Kupperian","date":"2024-09-23","format":false,"excerpt":"Am Samstag, den 21.09.2024 fand unser traditionelles Hahnek\u00f6ppen statt. Bei bestem Wetter konnte das amtierende Hahnek\u00f6nigspaar Marika und Alexander Schleip zahlreiche G\u00e4ste begr\u00fc\u00dfen. Unter den G\u00e4sten waren das Bruderschaftsk\u00f6nigspaar Andreas und Nicole Nie\u00df und der Brudermeister Werner Bach mit seiner Frau Martina. Als weiterer Gast konnte der 2. Vorsitzende der\u2026","rel":"","context":"In &quot;Corps&quot;","block_context":{"text":"Corps","link":"https:\/\/www.st-georg-corps.de\/?cat=6"},"img":{"alt_text":"","src":"https:\/\/i0.wp.com\/www.st-georg-corps.de\/wp-content\/uploads\/2024\/09\/2024-09-21_Hahnekoenigspaar-450x600.jpg?resize=350%2C200","width":350,"height":200},"classes":[]}],"jetpack_likes_enabled":false,"jetpack_sharing_enabled":true,"_links":{"self":[{"href":"https:\/\/www.st-georg-corps.de\/index.php?rest_route=\/wp\/v2\/posts\/1416","targetHints":{"allow":["GET"]}}],"collection":[{"href":"https:\/\/www.st-georg-corps.de\/index.php?rest_route=\/wp\/v2\/posts"}],"about":[{"href":"https:\/\/www.st-georg-corps.de\/index.php?rest_route=\/wp\/v2\/types\/post"}],"author":[{"embeddable":true,"href":"https:\/\/www.st-georg-corps.de\/index.php?rest_route=\/wp\/v2\/users\/2"}],"replies":[{"embeddable":true,"href":"https:\/\/www.st-georg-corps.de\/index.php?rest_route=%2Fwp%2Fv2%2Fcomments&post=1416"}],"version-history":[{"count":6,"href":"https:\/\/www.st-georg-corps.de\/index.php?rest_route=\/wp\/v2\/posts\/1416\/revisions"}],"predecessor-version":[{"id":1774,"href":"https:\/\/www.st-georg-corps.de\/index.php?rest_route=\/wp\/v2\/posts\/1416\/revisions\/1774"}],"wp:attachment":[{"href":"https:\/\/www.st-georg-corps.de\/index.php?rest_route=%2Fwp%2Fv2%2Fmedia&parent=1416"}],"wp:term":[{"taxonomy":"category","embeddable":true,"href":"https:\/\/www.st-georg-corps.de\/index.php?rest_route=%2Fwp%2Fv2%2Fcategories&post=1416"},{"taxonomy":"post_tag","embeddable":true,"href":"https:\/\/www.st-georg-corps.de\/index.php?rest_route=%2Fwp%2Fv2%2Ftags&post=1416"}],"curies":[{"name":"wp","href":"https:\/\/api.w.org\/{rel}","templated":true}]}}