{"id":1408,"date":"2017-08-31T18:41:49","date_gmt":"2017-08-31T16:41:49","guid":{"rendered":"http:\/\/www.st-georg-corps.de\/?p=1408"},"modified":"2017-08-31T18:41:49","modified_gmt":"2017-08-31T16:41:49","slug":"karl-heinz-klasen-gestorben","status":"publish","type":"post","link":"https:\/\/www.st-georg-corps.de\/?p=1408","title":{"rendered":"Karl-Heinz Klasen gestorben"},"content":{"rendered":"<div id=\"attachment_1409\" style=\"width: 260px\" class=\"wp-caption aligncenter\"><img data-recalc-dims=\"1\" loading=\"lazy\" decoding=\"async\" aria-describedby=\"caption-attachment-1409\" data-attachment-id=\"1409\" data-permalink=\"https:\/\/www.st-georg-corps.de\/?attachment_id=1409\" data-orig-file=\"https:\/\/i0.wp.com\/www.st-georg-corps.de\/wp-content\/uploads\/2017\/08\/2017-08-31-Klasen-Karl-Heinz.png?fit=520%2C520&amp;ssl=1\" data-orig-size=\"520,520\" data-comments-opened=\"0\" data-image-meta=\"{&quot;aperture&quot;:&quot;0&quot;,&quot;credit&quot;:&quot;&quot;,&quot;camera&quot;:&quot;&quot;,&quot;caption&quot;:&quot;&quot;,&quot;created_timestamp&quot;:&quot;0&quot;,&quot;copyright&quot;:&quot;&quot;,&quot;focal_length&quot;:&quot;0&quot;,&quot;iso&quot;:&quot;0&quot;,&quot;shutter_speed&quot;:&quot;0&quot;,&quot;title&quot;:&quot;&quot;,&quot;orientation&quot;:&quot;0&quot;}\" data-image-title=\"Karl-Heinz Klasen\" data-image-description=\"\" data-image-caption=\"\" data-medium-file=\"https:\/\/i0.wp.com\/www.st-georg-corps.de\/wp-content\/uploads\/2017\/08\/2017-08-31-Klasen-Karl-Heinz.png?fit=520%2C520&amp;ssl=1\" data-large-file=\"https:\/\/i0.wp.com\/www.st-georg-corps.de\/wp-content\/uploads\/2017\/08\/2017-08-31-Klasen-Karl-Heinz.png?fit=520%2C520&amp;ssl=1\" class=\"wp-image-1409 size-thumbnail\" src=\"https:\/\/i0.wp.com\/www.st-georg-corps.de\/wp-content\/uploads\/2017\/08\/2017-08-31-Klasen-Karl-Heinz.png?resize=250%2C250\" alt=\"\" width=\"250\" height=\"250\" srcset=\"https:\/\/i0.wp.com\/www.st-georg-corps.de\/wp-content\/uploads\/2017\/08\/2017-08-31-Klasen-Karl-Heinz.png?resize=150%2C150&amp;ssl=1 150w, https:\/\/i0.wp.com\/www.st-georg-corps.de\/wp-content\/uploads\/2017\/08\/2017-08-31-Klasen-Karl-Heinz.png?resize=90%2C90&amp;ssl=1 90w, https:\/\/i0.wp.com\/www.st-georg-corps.de\/wp-content\/uploads\/2017\/08\/2017-08-31-Klasen-Karl-Heinz.png?resize=75%2C75&amp;ssl=1 75w, https:\/\/i0.wp.com\/www.st-georg-corps.de\/wp-content\/uploads\/2017\/08\/2017-08-31-Klasen-Karl-Heinz.png?w=520&amp;ssl=1 520w\" sizes=\"auto, (max-width: 250px) 100vw, 250px\" \/><p id=\"caption-attachment-1409\" class=\"wp-caption-text\">*28.01.1951 +28.08.2017<\/p><\/div>\n<p><img data-recalc-dims=\"1\" loading=\"lazy\" decoding=\"async\" data-attachment-id=\"1410\" data-permalink=\"https:\/\/www.st-georg-corps.de\/?attachment_id=1410\" data-orig-file=\"https:\/\/i0.wp.com\/www.st-georg-corps.de\/wp-content\/uploads\/2017\/08\/2017-08-31-Nachruf-Klasen-Karl-Heinz.png?fit=788%2C866&amp;ssl=1\" data-orig-size=\"788,866\" data-comments-opened=\"0\" data-image-meta=\"{&quot;aperture&quot;:&quot;0&quot;,&quot;credit&quot;:&quot;&quot;,&quot;camera&quot;:&quot;&quot;,&quot;caption&quot;:&quot;&quot;,&quot;created_timestamp&quot;:&quot;0&quot;,&quot;copyright&quot;:&quot;&quot;,&quot;focal_length&quot;:&quot;0&quot;,&quot;iso&quot;:&quot;0&quot;,&quot;shutter_speed&quot;:&quot;0&quot;,&quot;title&quot;:&quot;&quot;,&quot;orientation&quot;:&quot;0&quot;}\" data-image-title=\"Nachruf Klasen, Karl-Heinz\" data-image-description=\"\" data-image-caption=\"\" data-medium-file=\"https:\/\/i0.wp.com\/www.st-georg-corps.de\/wp-content\/uploads\/2017\/08\/2017-08-31-Nachruf-Klasen-Karl-Heinz.png?fit=546%2C600&amp;ssl=1\" data-large-file=\"https:\/\/i0.wp.com\/www.st-georg-corps.de\/wp-content\/uploads\/2017\/08\/2017-08-31-Nachruf-Klasen-Karl-Heinz.png?fit=788%2C866&amp;ssl=1\" class=\"size-medium wp-image-1410 aligncenter\" src=\"https:\/\/i0.wp.com\/www.st-georg-corps.de\/wp-content\/uploads\/2017\/08\/2017-08-31-Nachruf-Klasen-Karl-Heinz.png?resize=546%2C600\" alt=\"\" width=\"546\" height=\"600\" srcset=\"https:\/\/i0.wp.com\/www.st-georg-corps.de\/wp-content\/uploads\/2017\/08\/2017-08-31-Nachruf-Klasen-Karl-Heinz.png?resize=546%2C600&amp;ssl=1 546w, https:\/\/i0.wp.com\/www.st-georg-corps.de\/wp-content\/uploads\/2017\/08\/2017-08-31-Nachruf-Klasen-Karl-Heinz.png?resize=768%2C844&amp;ssl=1 768w, https:\/\/i0.wp.com\/www.st-georg-corps.de\/wp-content\/uploads\/2017\/08\/2017-08-31-Nachruf-Klasen-Karl-Heinz.png?w=788&amp;ssl=1 788w\" sizes=\"auto, (max-width: 546px) 100vw, 546px\" \/><\/p>\n","protected":false},"excerpt":{"rendered":"","protected":false},"author":2,"featured_media":0,"comment_status":"closed","ping_status":"open","sticky":false,"template":"","format":"standard","meta":{"ngg_post_thumbnail":0,"_jetpack_memberships_contains_paid_content":false,"footnotes":""},"categories":[6],"tags":[],"class_list":["post-1408","post","type-post","status-publish","format-standard","hentry","category-corps"],"jetpack_featured_media_url":"","jetpack_shortlink":"https:\/\/wp.me\/p8O44P-mI","jetpack-related-posts":[{"id":1699,"url":"https:\/\/www.st-georg-corps.de\/?p=1699","url_meta":{"origin":1408,"position":0},"title":"Jahreshauptversammlung 2018","author":"Ren\u00e9 Kupperian","date":"2018-01-20","format":false,"excerpt":"Am 19.01 fand die Jahreshauptversammlung des Sankt Georg Corps 1963 Lintorf e.V. statt. Der Vorsitzende Jens J\u00f6rgen konnte 33 der 44 Mitglieder begr\u00fc\u00dfen. Der Abend begann mit einem leckeren Teller Gr\u00fcnkohl zubereitet von unserem lieben Klaus Hobohm. Danke Klaus, es hat mal wieder sehr gut geschmeckt.\u00a0 Zun\u00e4chst gedachte man dann\u2026","rel":"","context":"In &quot;Corps&quot;","block_context":{"text":"Corps","link":"https:\/\/www.st-georg-corps.de\/?cat=6"},"img":{"alt_text":"","src":"https:\/\/i0.wp.com\/www.st-georg-corps.de\/wp-content\/uploads\/2018\/01\/St-Georg-Klein.png?resize=350%2C200","width":350,"height":200},"classes":[]},{"id":109,"url":"https:\/\/www.st-georg-corps.de\/?p=109","url_meta":{"origin":1408,"position":1},"title":"Ehrung Karl Heinz J\u00f6rgens","author":"Ren\u00e9 Kupperian","date":"2017-01-22","format":false,"excerpt":"Karl Heinz J\u00f6rgens wurde auf dem Titularfest, am 22. Januar 2017, der St. Sebastianus Bruderschaft Lintorf 1464 e.V. f\u00fcr seine 40j\u00e4hrige Mitgliedschaft, im St. Georg Corps und der Bruderschaft, geehrt. Der Bezirksbundesmeister Norbert H\u00fcnemeyer \u00fcbergab dem Jubilar eine\u00a0Urkunde.","rel":"","context":"In &quot;Bruderschaft&quot;","block_context":{"text":"Bruderschaft","link":"https:\/\/www.st-georg-corps.de\/?cat=8"},"img":{"alt_text":"","src":"","width":0,"height":0},"classes":[]},{"id":2165,"url":"https:\/\/www.st-georg-corps.de\/?p=2165","url_meta":{"origin":1408,"position":2},"title":"Ehrungen Titularfest 2019","author":"Ren\u00e9 Kupperian","date":"2019-01-21","format":false,"excerpt":"Am 19.01.2019 wurde zum ersten Mal das Titularfest an einem Samstag Abend gefeiert. Diese Generalversammlung der Lintorfer Sch\u00fctzen fand seit 70 Jahren immer an einem Sonntag statt. Karl-Heinz J\u00f6rgens Jochem Noss Gleich drei unserer Kameraden durften eine Auszeichnung in Empfang nehmen. F\u00fcr nunmehr 40 Jahre ununterbrochene Vorstandsarbeit im Corps wurde\u2026","rel":"","context":"In &quot;Bruderschaft&quot;","block_context":{"text":"Bruderschaft","link":"https:\/\/www.st-georg-corps.de\/?cat=8"},"img":{"alt_text":"","src":"https:\/\/i0.wp.com\/www.st-georg-corps.de\/wp-content\/uploads\/2019\/01\/2019-01-19_Orden-KHJ.png?resize=350%2C200&ssl=1","width":350,"height":200,"srcset":"https:\/\/i0.wp.com\/www.st-georg-corps.de\/wp-content\/uploads\/2019\/01\/2019-01-19_Orden-KHJ.png?resize=350%2C200&ssl=1 1x, https:\/\/i0.wp.com\/www.st-georg-corps.de\/wp-content\/uploads\/2019\/01\/2019-01-19_Orden-KHJ.png?resize=525%2C300&ssl=1 1.5x"},"classes":[]},{"id":1906,"url":"https:\/\/www.st-georg-corps.de\/?p=1906","url_meta":{"origin":1408,"position":3},"title":"K\u00f6nigsfest 2018","author":"Ren\u00e9 Kupperian","date":"2018-07-02","format":false,"excerpt":"K\u00f6nigswetter zum K\u00f6nigsfest. Am Samstag den 30. Juni feierte das St. Georg Corps 1963 Lintorf e.V. mit seinen G\u00e4sten sein K\u00f6nigsfest bei strahlendem Sonnenschein.\u00a0 \" order_by=\"sortorder\" order_direction=\"ASC\" returns=\"included\" maximum_entity_count=\"500\"] Gut organisiert durften zu Beginn des Festes die Frauen der Mitglieder auf den Salatvogel schie\u00dfen. Nach einem recht kurzen Wettkampf stand\u2026","rel":"","context":"In &quot;Corps&quot;","block_context":{"text":"Corps","link":"https:\/\/www.st-georg-corps.de\/?cat=6"},"img":{"alt_text":"","src":"","width":0,"height":0},"classes":[]},{"id":3302,"url":"https:\/\/www.st-georg-corps.de\/?p=3302","url_meta":{"origin":1408,"position":4},"title":"Neues Mitglied Karl-Heinz T\u00f6pfer","author":"Ren\u00e9 Kupperian","date":"2023-12-01","format":false,"excerpt":"Wir freuen uns sehr, Karl-Heinz (Kalle) T\u00f6pfer als Vollmitglied in unseren Reihen begr\u00fc\u00dfen zu d\u00fcrfen. Kalle ist 67 Jahre jung, mehr oder weniger fisch Rentner und ein wahres Handball Urgestein. Sein gr\u00f6\u00dfer Erfolg war 92\/93 der Pokalsieg als erster gesamtdeutscher Sieger mit dem TuSEM Essen. Der geb\u00fcrtige Duisburger lebt bereits\u2026","rel":"","context":"In &quot;Corps&quot;","block_context":{"text":"Corps","link":"https:\/\/www.st-georg-corps.de\/?cat=6"},"img":{"alt_text":"","src":"https:\/\/i0.wp.com\/www.st-georg-corps.de\/wp-content\/uploads\/2023\/12\/Toepfer_Karl-HeinzRP-250x250.jpg?resize=350%2C200","width":350,"height":200},"classes":[]},{"id":2803,"url":"https:\/\/www.st-georg-corps.de\/?p=2803","url_meta":{"origin":1408,"position":5},"title":"14.08.2021 Sch\u00fctzenfest abgesagt! Nicht ganz \u2026","author":"Ren\u00e9 Kupperian","date":"2021-08-23","format":false,"excerpt":"Aufgrund der Corona Pandemie wurde das Lintorfer Sch\u00fctzenfest bereits zum zweiten Mal in Folge abgesagt. Vereinsintern waren in diesem Jahr wieder Veranstaltungen gestattet und so beschloss das St. Georg Corps das Sch\u00fctzenfest, zumindest am Samstag, in einem eigenen Rahmen zu begehen. Traditionsgem\u00e4\u00df startet das Corps den \u201eSch\u00fctzenfestsamstag\u201c auf dem Lintorfer\u2026","rel":"","context":"In &quot;Corps&quot;","block_context":{"text":"Corps","link":"https:\/\/www.st-georg-corps.de\/?cat=6"},"img":{"alt_text":"","src":"https:\/\/i0.wp.com\/www.st-georg-corps.de\/wp-content\/uploads\/2021\/08\/2021-08-14-11-250x250.jpg?resize=350%2C200","width":350,"height":200},"classes":[]}],"jetpack_likes_enabled":false,"jetpack_sharing_enabled":true,"_links":{"self":[{"href":"https:\/\/www.st-georg-corps.de\/index.php?rest_route=\/wp\/v2\/posts\/1408","targetHints":{"allow":["GET"]}}],"collection":[{"href":"https:\/\/www.st-georg-corps.de\/index.php?rest_route=\/wp\/v2\/posts"}],"about":[{"href":"https:\/\/www.st-georg-corps.de\/index.php?rest_route=\/wp\/v2\/types\/post"}],"author":[{"embeddable":true,"href":"https:\/\/www.st-georg-corps.de\/index.php?rest_route=\/wp\/v2\/users\/2"}],"replies":[{"embeddable":true,"href":"https:\/\/www.st-georg-corps.de\/index.php?rest_route=%2Fwp%2Fv2%2Fcomments&post=1408"}],"version-history":[{"count":5,"href":"https:\/\/www.st-georg-corps.de\/index.php?rest_route=\/wp\/v2\/posts\/1408\/revisions"}],"predecessor-version":[{"id":1415,"href":"https:\/\/www.st-georg-corps.de\/index.php?rest_route=\/wp\/v2\/posts\/1408\/revisions\/1415"}],"wp:attachment":[{"href":"https:\/\/www.st-georg-corps.de\/index.php?rest_route=%2Fwp%2Fv2%2Fmedia&parent=1408"}],"wp:term":[{"taxonomy":"category","embeddable":true,"href":"https:\/\/www.st-georg-corps.de\/index.php?rest_route=%2Fwp%2Fv2%2Fcategories&post=1408"},{"taxonomy":"post_tag","embeddable":true,"href":"https:\/\/www.st-georg-corps.de\/index.php?rest_route=%2Fwp%2Fv2%2Ftags&post=1408"}],"curies":[{"name":"wp","href":"https:\/\/api.w.org\/{rel}","templated":true}]}}