{"id":1395,"date":"2017-08-26T21:38:58","date_gmt":"2017-08-26T19:38:58","guid":{"rendered":"http:\/\/www.st-georg-corps.de\/?p=1395"},"modified":"2018-06-10T11:51:13","modified_gmt":"2018-06-10T09:51:13","slug":"fotos-vom-schuetzenfest-2017","status":"publish","type":"post","link":"https:\/\/www.st-georg-corps.de\/?p=1395","title":{"rendered":"Fotos vom Sch\u00fctzenfest 2017"},"content":{"rendered":"<p>Hier findet Ihr die Fotos vom Lintorfer Sch\u00fctzenfest 2017.<\/p>\n<div id=\"attachment_1402\" style=\"width: 610px\" class=\"wp-caption aligncenter\"><img data-recalc-dims=\"1\" loading=\"lazy\" decoding=\"async\" aria-describedby=\"caption-attachment-1402\" data-attachment-id=\"1402\" data-permalink=\"https:\/\/www.st-georg-corps.de\/?attachment_id=1402\" data-orig-file=\"https:\/\/i0.wp.com\/www.st-georg-corps.de\/wp-content\/uploads\/2017\/08\/2017-08-21-SGC-Montag-085.jpg?fit=3000%2C2000&amp;ssl=1\" data-orig-size=\"3000,2000\" data-comments-opened=\"0\" data-image-meta=\"{&quot;aperture&quot;:&quot;5.6&quot;,&quot;credit&quot;:&quot;&quot;,&quot;camera&quot;:&quot;NIKON D5200&quot;,&quot;caption&quot;:&quot;&quot;,&quot;created_timestamp&quot;:&quot;1503318119&quot;,&quot;copyright&quot;:&quot;&quot;,&quot;focal_length&quot;:&quot;38&quot;,&quot;iso&quot;:&quot;220&quot;,&quot;shutter_speed&quot;:&quot;0.008&quot;,&quot;title&quot;:&quot;&quot;,&quot;orientation&quot;:&quot;0&quot;}\" data-image-title=\"K\u00f6nig Armin\" data-image-description=\"\" data-image-caption=\"&lt;p&gt;K\u00f6nig Armin am Sch\u00fctzenfestmontag 2017&lt;\/p&gt;\n\" data-medium-file=\"https:\/\/i0.wp.com\/www.st-georg-corps.de\/wp-content\/uploads\/2017\/08\/2017-08-21-SGC-Montag-085.jpg?fit=600%2C400&amp;ssl=1\" data-large-file=\"https:\/\/i0.wp.com\/www.st-georg-corps.de\/wp-content\/uploads\/2017\/08\/2017-08-21-SGC-Montag-085.jpg?fit=860%2C574&amp;ssl=1\" class=\"size-medium wp-image-1402\" src=\"https:\/\/i0.wp.com\/www.st-georg-corps.de\/wp-content\/uploads\/2017\/08\/2017-08-21-SGC-Montag-085.jpg?resize=600%2C400\" alt=\"\" width=\"600\" height=\"400\" srcset=\"https:\/\/i0.wp.com\/www.st-georg-corps.de\/wp-content\/uploads\/2017\/08\/2017-08-21-SGC-Montag-085.jpg?resize=600%2C400&amp;ssl=1 600w, https:\/\/i0.wp.com\/www.st-georg-corps.de\/wp-content\/uploads\/2017\/08\/2017-08-21-SGC-Montag-085.jpg?resize=768%2C512&amp;ssl=1 768w, https:\/\/i0.wp.com\/www.st-georg-corps.de\/wp-content\/uploads\/2017\/08\/2017-08-21-SGC-Montag-085.jpg?resize=1024%2C683&amp;ssl=1 1024w, https:\/\/i0.wp.com\/www.st-georg-corps.de\/wp-content\/uploads\/2017\/08\/2017-08-21-SGC-Montag-085.jpg?w=1720 1720w, https:\/\/i0.wp.com\/www.st-georg-corps.de\/wp-content\/uploads\/2017\/08\/2017-08-21-SGC-Montag-085.jpg?w=2580 2580w\" sizes=\"auto, (max-width: 600px) 100vw, 600px\" \/><p id=\"caption-attachment-1402\" class=\"wp-caption-text\">K\u00f6nig Armin am Sch\u00fctzenfestmontag 2017<\/p><\/div>\n<p><a href=\"https:\/\/photos.app.goo.gl\/DVyRLofuVvMJ29Pg7\" target=\"_blank\" rel=\"noopener\">Fotos vom 13.08.2017 &#8211; M\u00f6schesonntag<\/a><\/p>\n<p>Am Samstag ging es zum gro\u00dfen Zapfenstreich und dann ins Sch\u00fctzenzelt.<\/p>\n<p><a href=\"https:\/\/photos.app.goo.gl\/X6e84nezbuv8Cp7v9\" target=\"_blank\" rel=\"noopener\">Fotos vom 19.08.2017 &#8211; Sch\u00fctzenfestsamstag<\/a><\/p>\n<p>Der Sonntag gepr\u00e4gt vom Sch\u00fctzenumzug. Sogar fast ohne Regen.<\/p>\n<p><a href=\"https:\/\/photos.app.goo.gl\/YqNMJntbtL9YzqB86\" target=\"_blank\" rel=\"noopener\">Fotos vom 20.08.2017 &#8211; Sch\u00fctzenfestsonntag<\/a><\/p>\n<p>Der sch\u00f6nste Tag war wie immer der Montag mit unseren G\u00e4sten.<\/p>\n<p><a href=\"https:\/\/photos.app.goo.gl\/b8PCMeHjLEYRP7Lm9\" target=\"_blank\" rel=\"noopener\">Fotos vom 21.08.2017 &#8211; Sch\u00fctzenfestmontag<\/a><\/p>\n","protected":false},"excerpt":{"rendered":"<p>Hier findet Ihr die Fotos vom Lintorfer Sch\u00fctzenfest 2017. Fotos vom 13.08.2017 &#8211; M\u00f6schesonntag Am Samstag ging es zum gro\u00dfen Zapfenstreich und dann ins Sch\u00fctzenzelt. Fotos vom 19.08.2017 &#8211; Sch\u00fctzenfestsamstag Der Sonntag gepr\u00e4gt vom Sch\u00fctzenumzug. Sogar fast ohne Regen. Fotos vom 20.08.2017 &#8211; Sch\u00fctzenfestsonntag Der sch\u00f6nste Tag war wie immer der Montag mit unseren G\u00e4sten. Fotos vom 21.08.2017 &#8211; Sch\u00fctzenfestmontag<\/p>\n","protected":false},"author":2,"featured_media":0,"comment_status":"closed","ping_status":"open","sticky":false,"template":"","format":"standard","meta":{"ngg_post_thumbnail":0,"_jetpack_memberships_contains_paid_content":false,"footnotes":""},"categories":[8,4],"tags":[],"class_list":["post-1395","post","type-post","status-publish","format-standard","hentry","category-bruderschaft","category-schuetzenfest"],"jetpack_featured_media_url":"","jetpack_shortlink":"https:\/\/wp.me\/p8O44P-mv","jetpack-related-posts":[{"id":2024,"url":"https:\/\/www.st-georg-corps.de\/?p=2024","url_meta":{"origin":1395,"position":0},"title":"Sch\u00fctzenfest 2018","author":"Ren\u00e9 Kupperian","date":"2018-08-23","format":false,"excerpt":"Sch\u00fctzenfest in Lintorf bei Sonnenschein, genauso hatten es sich viele Lintorfer, die Mitgliedlieder des Corps und allen voran unser K\u00f6nig Karl-Heinz J\u00f6rgens gew\u00fcnscht, denn unser \u201eKalla\u201c wollte unbedingt einmal mit seiner K\u00f6nigin Gisela mit einem Cabrio bis in das Sch\u00fctzenzelt fahren. Dieser Wunsch wurde ihm am Montag von seinen Kameraden\u2026","rel":"","context":"In &quot;Sch\u00fctzenfest&quot;","block_context":{"text":"Sch\u00fctzenfest","link":"https:\/\/www.st-georg-corps.de\/?cat=4"},"img":{"alt_text":"","src":"https:\/\/i0.wp.com\/www.st-georg-corps.de\/wp-content\/uploads\/2018\/08\/2018-SF-Bericht-005-600x400.jpg?resize=350%2C200","width":350,"height":200,"srcset":"https:\/\/i0.wp.com\/www.st-georg-corps.de\/wp-content\/uploads\/2018\/08\/2018-SF-Bericht-005-600x400.jpg?resize=350%2C200 1x, https:\/\/i0.wp.com\/www.st-georg-corps.de\/wp-content\/uploads\/2018\/08\/2018-SF-Bericht-005-600x400.jpg?resize=525%2C300 1.5x"},"classes":[]},{"id":3698,"url":"https:\/\/www.st-georg-corps.de\/?p=3698","url_meta":{"origin":1395,"position":1},"title":"R\u00fcckblick Sch\u00fctzenfest 2025","author":"Ren\u00e9 Kupperian","date":"2025-08-21","format":false,"excerpt":"Vier festliche Tage liegen hinter uns, vom Freitag bis zum Montag erlebten wir ein Sch\u00fctzenfest voller Tradition, Stimmung und Gemeinschaft. Der Freitagabend bildete den Auftakt des Programms: P\u00fcnktlich um 20:00 Uhr er\u00f6ffnete die Coverband Quer Beat das Fest im Zelt und sorgte mit ihrer Musik f\u00fcr ausgelassene Stimmung bis in\u2026","rel":"","context":"In &quot;Bruderschaft&quot;","block_context":{"text":"Bruderschaft","link":"https:\/\/www.st-georg-corps.de\/?cat=8"},"img":{"alt_text":"","src":"https:\/\/i0.wp.com\/www.st-georg-corps.de\/wp-content\/uploads\/2025\/08\/2025-08-16_Totenehrung_01_1200px-600x402.jpg?resize=350%2C200","width":350,"height":200},"classes":[]},{"id":3209,"url":"https:\/\/www.st-georg-corps.de\/?p=3209","url_meta":{"origin":1395,"position":2},"title":"Sch\u00fctzenfest 2023","author":"Ren\u00e9 Kupperian","date":"2023-08-26","format":false,"excerpt":"Am Sch\u00fctzenfest-Montag geh\u00f6rt es zur langj\u00e4hrigen Tradition des St. Georg Corps, seine Mitglieder und G\u00e4ste in das Clubhaus an der Wedauer Stra\u00dfe zu einem geselligen Fr\u00fchst\u00fcck und Mittagessen einzuladen. P\u00fcnktlich um 10:00 Uhr str\u00f6mten die ersten G\u00e4ste herbei und wurden vom Vorsitzenden Jens J\u00f6rgens und dem Corps-K\u00f6nig Klaus Hobohm herzlich\u2026","rel":"","context":"In &quot;Events&quot;","block_context":{"text":"Events","link":"https:\/\/www.st-georg-corps.de\/?cat=5"},"img":{"alt_text":"","src":"https:\/\/i0.wp.com\/www.st-georg-corps.de\/wp-content\/uploads\/2023\/08\/Logo-SGC-301_2000px-600x600.png?resize=350%2C200","width":350,"height":200},"classes":[]},{"id":2434,"url":"https:\/\/www.st-georg-corps.de\/?p=2434","url_meta":{"origin":1395,"position":3},"title":"2019-08-11 M\u00f6schesonntag","author":"Ren\u00e9 Kupperian","date":"2019-08-14","format":false,"excerpt":"Am M\u00f6schesonntag hatten wir ja mal wieder Gl\u00fcck mit dem Wetter. P\u00fcnktlich um 10:15 Uhr sind 22 Mitglieder angetreten, um die goldene M\u00f6sch zum Sch\u00fctzenplatz zu geleiten.\u00a0 Auch in diesem Jahr wurde der pr\u00e4chtig geschm\u00fcckte goldene Vogel von Lucas Kellersmann am Anfang des Zuges getragen. Die M\u00f6sch oder auch liebevoll,\u2026","rel":"","context":"In &quot;Sch\u00fctzenfest&quot;","block_context":{"text":"Sch\u00fctzenfest","link":"https:\/\/www.st-georg-corps.de\/?cat=4"},"img":{"alt_text":"","src":"https:\/\/i0.wp.com\/www.st-georg-corps.de\/wp-content\/uploads\/2019\/08\/2019-08-11_Moeschesonntag-250x250.jpg?resize=350%2C200","width":350,"height":200},"classes":[]},{"id":302,"url":"https:\/\/www.st-georg-corps.de\/?p=302","url_meta":{"origin":1395,"position":4},"title":"Sch\u00fctzenfest Lintorf 2016","author":"Ren\u00e9 Kupperian","date":"2016-08-23","format":false,"excerpt":"Sch\u00fctzenfest Lintorf vom 19 bis 23.08.2016 \" order_by=\"filename\" order_direction=\"ASC\" returns=\"included\" maximum_entity_count=\"500\"]","rel":"","context":"In &quot;Sch\u00fctzenfest&quot;","block_context":{"text":"Sch\u00fctzenfest","link":"https:\/\/www.st-georg-corps.de\/?cat=4"},"img":{"alt_text":"","src":"","width":0,"height":0},"classes":[]},{"id":2929,"url":"https:\/\/www.st-georg-corps.de\/?p=2929","url_meta":{"origin":1395,"position":5},"title":"Sch\u00fctzenfest 2022 \u00f6ffentliches Fotoalbum","author":"Ren\u00e9 Kupperian","date":"2022-08-19","format":false,"excerpt":"Heute ist es endlich soweit. Das Lintorfer Sch\u00fctzenfest startet mit dem Bayerischen Abend um 20:00 Uhr auf dem Sch\u00fctzenplatz. Auf diesen Tag haben wir uns alle drei Jahre lang gefreut. Als K\u00f6nigs- und Kronprinz-Kompanie der Lintorfer Bruderschaft war es in diesem Jahr eine Ehre f\u00fcr uns, f\u00fcr die Gestaltung des\u2026","rel":"","context":"In &quot;Sch\u00fctzenfest&quot;","block_context":{"text":"Sch\u00fctzenfest","link":"https:\/\/www.st-georg-corps.de\/?cat=4"},"img":{"alt_text":"","src":"","width":0,"height":0},"classes":[]}],"jetpack_likes_enabled":false,"jetpack_sharing_enabled":true,"_links":{"self":[{"href":"https:\/\/www.st-georg-corps.de\/index.php?rest_route=\/wp\/v2\/posts\/1395","targetHints":{"allow":["GET"]}}],"collection":[{"href":"https:\/\/www.st-georg-corps.de\/index.php?rest_route=\/wp\/v2\/posts"}],"about":[{"href":"https:\/\/www.st-georg-corps.de\/index.php?rest_route=\/wp\/v2\/types\/post"}],"author":[{"embeddable":true,"href":"https:\/\/www.st-georg-corps.de\/index.php?rest_route=\/wp\/v2\/users\/2"}],"replies":[{"embeddable":true,"href":"https:\/\/www.st-georg-corps.de\/index.php?rest_route=%2Fwp%2Fv2%2Fcomments&post=1395"}],"version-history":[{"count":13,"href":"https:\/\/www.st-georg-corps.de\/index.php?rest_route=\/wp\/v2\/posts\/1395\/revisions"}],"predecessor-version":[{"id":1868,"href":"https:\/\/www.st-georg-corps.de\/index.php?rest_route=\/wp\/v2\/posts\/1395\/revisions\/1868"}],"wp:attachment":[{"href":"https:\/\/www.st-georg-corps.de\/index.php?rest_route=%2Fwp%2Fv2%2Fmedia&parent=1395"}],"wp:term":[{"taxonomy":"category","embeddable":true,"href":"https:\/\/www.st-georg-corps.de\/index.php?rest_route=%2Fwp%2Fv2%2Fcategories&post=1395"},{"taxonomy":"post_tag","embeddable":true,"href":"https:\/\/www.st-georg-corps.de\/index.php?rest_route=%2Fwp%2Fv2%2Ftags&post=1395"}],"curies":[{"name":"wp","href":"https:\/\/api.w.org\/{rel}","templated":true}]}}