{"id":1203,"date":"2017-07-29T14:26:14","date_gmt":"2017-07-29T12:26:14","guid":{"rendered":"http:\/\/www.st-georg-corps.de\/?p=1203"},"modified":"2017-07-29T14:26:33","modified_gmt":"2017-07-29T12:26:33","slug":"der-baum-ist-weg","status":"publish","type":"post","link":"https:\/\/www.st-georg-corps.de\/?p=1203","title":{"rendered":"Der Baum ist weg &#8230;"},"content":{"rendered":"<p>Mit sehr schwerem Ger\u00e4t ging es am vergangenen Mittwoch dem morschen Baum an den Kragen, der drohte auf das Dach zu fallen.&nbsp;Zum Gl\u00fcck wurde der Baum nun noch rechtzeitig gef\u00e4llt. Wie man auf den Bildern sehen kann, war von innen total verfault und morsch. Viele St\u00fcrme h\u00e4tte er sicher nicht mehr \u00fcberstanden.<\/p>\n<p>Die Rettung f\u00fcr das Clubhaus, danke an die Helfer &#8230;<\/p>\nngg_shortcode_0_placeholder\n","protected":false},"excerpt":{"rendered":"<p>Mit sehr schwerem Ger\u00e4t ging es am vergangenen Mittwoch dem morschen Baum an den Kragen, der drohte auf das Dach zu fallen.&nbsp;Zum Gl\u00fcck wurde der Baum nun noch rechtzeitig gef\u00e4llt. Wie man auf den Bildern sehen kann, war von innen total verfault und morsch. Viele St\u00fcrme h\u00e4tte er sicher nicht mehr \u00fcberstanden. Die Rettung f\u00fcr das Clubhaus, danke an die<\/p>\n","protected":false},"author":2,"featured_media":0,"comment_status":"closed","ping_status":"open","sticky":false,"template":"","format":"standard","meta":{"ngg_post_thumbnail":0,"_jetpack_memberships_contains_paid_content":false,"footnotes":""},"categories":[1],"tags":[],"class_list":["post-1203","post","type-post","status-publish","format-standard","hentry","category-sonstiges"],"jetpack_featured_media_url":"","jetpack_shortlink":"https:\/\/wp.me\/p8O44P-jp","jetpack-related-posts":[{"id":2134,"url":"https:\/\/www.st-georg-corps.de\/?p=2134","url_meta":{"origin":1203,"position":0},"title":"Weihnachtsfeier 2018","author":"Ren\u00e9 Kupperian","date":"2018-12-17","format":false,"excerpt":"Zur Vorbereitung auf die Weihnachtsfeier am 15. Dezember wurde bereits am Vormittag geschm\u00fcckt, geh\u00e4mmert und geschraubt. Viele flei\u00dfige H\u00e4nde verwandelten das Clubhaus und den Vorplatz in einen weihnachtlichen Ort der Extraklasse. Es gab eine zentrale Feuerstelle einen fast 4 Meter hohen Weihnachtsbaum und eine Lounge mit vielen Sesseln die zum\u2026","rel":"","context":"In &quot;Corps&quot;","block_context":{"text":"Corps","link":"https:\/\/www.st-georg-corps.de\/?cat=6"},"img":{"alt_text":"","src":"https:\/\/i0.wp.com\/www.st-georg-corps.de\/wp-content\/uploads\/2018\/12\/Weihnachten-2018_sml.jpg?resize=350%2C200","width":350,"height":200},"classes":[]},{"id":3603,"url":"https:\/\/www.st-georg-corps.de\/?p=3603","url_meta":{"origin":1203,"position":1},"title":"Maifest und Radtour 2025","author":"Ren\u00e9 Kupperian","date":"2025-05-03","format":false,"excerpt":"Das Maifest 2025 \u2013 Ein rundum gelungenes Fest Bei herrlichem Fr\u00fchlingswetter versammelte sich die St. Georg Corps Familie auch in diesem Jahr am 1. Mai im Vereinsheim, um gemeinsam einen stimmungsvollen und geselligen Tag zu erleben. F\u00fcr den Auftakt f\u00fchrte Kalla J\u00f6rgens erneut eine abwechslungsreiche, rund zweist\u00fcndige Fahrradtour rund um\u2026","rel":"","context":"In &quot;Corps&quot;","block_context":{"text":"Corps","link":"https:\/\/www.st-georg-corps.de\/?cat=6"},"img":{"alt_text":"","src":"https:\/\/i0.wp.com\/www.st-georg-corps.de\/wp-content\/uploads\/2025\/04\/Maifest_2025_by_ChatGPT-400x600.jpg?resize=350%2C200","width":350,"height":200},"classes":[]},{"id":3369,"url":"https:\/\/www.st-georg-corps.de\/?p=3369","url_meta":{"origin":1203,"position":2},"title":"Maifest am 01.05.2024","author":"Ren\u00e9 Kupperian","date":"2024-05-04","format":false,"excerpt":"An einem wundersch\u00f6nen Vormittag traf sich die St. Georg Corps Familie anl\u00e4sslich der 1. Maifeier im Vereinsheim, um viele gesellige Stunden miteinander zu verbringen. Der erste Programmpunkt war eine von Kalla J\u00f6rgens ausgearbeitete zweist\u00fcndige Fahrradtour zur Sechs-Seen-Platte mit zahlreichen G\u00e4sten u.a. mit dem Oberb\u00fcrgermeister der Stadt Ratingen Klaus Pesch. Damit\u2026","rel":"","context":"In &quot;Corps&quot;","block_context":{"text":"Corps","link":"https:\/\/www.st-georg-corps.de\/?cat=6"},"img":{"alt_text":"","src":"https:\/\/i0.wp.com\/www.st-georg-corps.de\/wp-content\/uploads\/2024\/05\/IMG_20240503_175321-277x600.jpg?resize=350%2C200","width":350,"height":200},"classes":[]},{"id":3254,"url":"https:\/\/www.st-georg-corps.de\/?p=3254","url_meta":{"origin":1203,"position":3},"title":"Hahnek\u00f6ppen am 23.09.2023","author":"Ren\u00e9 Kupperian","date":"2023-09-24","format":false,"excerpt":"Am 23.Spetember 2023 war es wieder soweit, die St Georg Corps Familie begr\u00fc\u00dfte viele Freunde und G\u00e4ste zum diesj\u00e4hrigen Hahnek\u00f6ppen. Eingeladen hatten Hahnek\u00f6nigin Kerstin Sucker und Hahnek\u00f6nig Klaus Hobohm. Bei k\u00fchlem aber trockenen Wetter folgten dieser Einladung unter anderem, Bruderschaftsk\u00f6nig Werner Bach mit seiner K\u00f6nigin Tina, Kronprinz Philipp Kellersmann, Andreas\u2026","rel":"","context":"In &quot;Corps&quot;","block_context":{"text":"Corps","link":"https:\/\/www.st-georg-corps.de\/?cat=6"},"img":{"alt_text":"","src":"https:\/\/i0.wp.com\/www.st-georg-corps.de\/wp-content\/uploads\/2023\/09\/2023-Hahnekoenig-000-250x250.jpg?resize=350%2C200","width":350,"height":200},"classes":[]},{"id":3478,"url":"https:\/\/www.st-georg-corps.de\/?p=3478","url_meta":{"origin":1203,"position":4},"title":"Des K\u00f6nigs Sch\u00fctzenfest 2024","author":"Ren\u00e9 Kupperian","date":"2024-08-24","format":false,"excerpt":"In diesem Jahr m\u00f6chte ich dem Bericht zum Sch\u00fctzenfest gerne eine pers\u00f6nliche Note geben. Als amtierender K\u00f6nig des St. Georg Corps habe ich diese Tage aus einer v\u00f6llig anderen Perspektive erleben d\u00fcrfen. Angefangen am M\u00f6schesonntag, als ich zum ersten Mal in vorderster Reihe gleich hinter dem Hauptmann und der Standarte\u2026","rel":"","context":"In &quot;Corps&quot;","block_context":{"text":"Corps","link":"https:\/\/www.st-georg-corps.de\/?cat=6"},"img":{"alt_text":"","src":"https:\/\/i0.wp.com\/www.st-georg-corps.de\/wp-content\/uploads\/2024\/08\/Logo-SGC-424_2000px-250x250.png?resize=350%2C200","width":350,"height":200},"classes":[]},{"id":2958,"url":"https:\/\/www.st-georg-corps.de\/?p=2958","url_meta":{"origin":1203,"position":5},"title":"Sch\u00fctzenfestmontag 22.08.2022","author":"Ren\u00e9 Kupperian","date":"2022-08-27","format":false,"excerpt":"Am Sch\u00fctzenfest-Montag l\u00e4dt das St. Georg Corps traditionell seine Mitglieder und G\u00e4ste zu einem Fr\u00fchst\u00fcck und Mittagessen in geselliger Runde in das Clubhaus an der Wedauer Stra\u00dfe ein. P\u00fcnktlich um 10:00 Uhr fanden sich die ersten G\u00e4ste ein. Jeder wurde pers\u00f6nlich durch den Vorsitzenden Jens J\u00f6rgens und den amtierenden Corps-K\u00f6nig\u2026","rel":"","context":"In &quot;Sch\u00fctzenfest&quot;","block_context":{"text":"Sch\u00fctzenfest","link":"https:\/\/www.st-georg-corps.de\/?cat=4"},"img":{"alt_text":"","src":"https:\/\/i0.wp.com\/www.st-georg-corps.de\/wp-content\/uploads\/2022\/08\/2022-08-22_Eingang-600x400.jpg?resize=350%2C200","width":350,"height":200},"classes":[]}],"jetpack_likes_enabled":true,"jetpack_sharing_enabled":true,"_links":{"self":[{"href":"https:\/\/www.st-georg-corps.de\/index.php?rest_route=\/wp\/v2\/posts\/1203","targetHints":{"allow":["GET"]}}],"collection":[{"href":"https:\/\/www.st-georg-corps.de\/index.php?rest_route=\/wp\/v2\/posts"}],"about":[{"href":"https:\/\/www.st-georg-corps.de\/index.php?rest_route=\/wp\/v2\/types\/post"}],"author":[{"embeddable":true,"href":"https:\/\/www.st-georg-corps.de\/index.php?rest_route=\/wp\/v2\/users\/2"}],"replies":[{"embeddable":true,"href":"https:\/\/www.st-georg-corps.de\/index.php?rest_route=%2Fwp%2Fv2%2Fcomments&post=1203"}],"version-history":[{"count":3,"href":"https:\/\/www.st-georg-corps.de\/index.php?rest_route=\/wp\/v2\/posts\/1203\/revisions"}],"predecessor-version":[{"id":1206,"href":"https:\/\/www.st-georg-corps.de\/index.php?rest_route=\/wp\/v2\/posts\/1203\/revisions\/1206"}],"wp:attachment":[{"href":"https:\/\/www.st-georg-corps.de\/index.php?rest_route=%2Fwp%2Fv2%2Fmedia&parent=1203"}],"wp:term":[{"taxonomy":"category","embeddable":true,"href":"https:\/\/www.st-georg-corps.de\/index.php?rest_route=%2Fwp%2Fv2%2Fcategories&post=1203"},{"taxonomy":"post_tag","embeddable":true,"href":"https:\/\/www.st-georg-corps.de\/index.php?rest_route=%2Fwp%2Fv2%2Ftags&post=1203"}],"curies":[{"name":"wp","href":"https:\/\/api.w.org\/{rel}","templated":true}]}}