{"id":1135,"date":"2017-07-16T14:35:57","date_gmt":"2017-07-16T12:35:57","guid":{"rendered":"http:\/\/www.st-georg-corps.de\/?p=1135"},"modified":"2017-07-23T08:53:26","modified_gmt":"2017-07-23T06:53:26","slug":"picknick-in-weiss","status":"publish","type":"post","link":"https:\/\/www.st-georg-corps.de\/?p=1135","title":{"rendered":"Picknick in Wei\u00df"},"content":{"rendered":"<p>Die Tell-Kompanie hat alle Mitglieder der Bruderschaft zu einem Picknick in Wei\u00df auf dem Sch\u00fctzenplatz am Thunesweg eingeladen.<\/p>\n<p>Dieser Einladung sind knapp 80 Personen gefolgt. Unser Corps war mit eine Gruppe von 36 Personen vertreten. Vielen Dank an alle die sich darum gek\u00fcmmert haben. Danke f\u00fcr die Organisation, das aufstellen der Tische, ranschaffen der Getr\u00e4nke und auch f\u00fcr die tolle Tischdekoration.&nbsp;Es hat richtig gut ausgesehen.&nbsp;<\/p>\n<p>Unsere Sch\u00fctzenbr\u00fcdern Hannes Kannengie\u00dfer und Hartmut Schmidt unterhielten uns vortrefflich mit Liedern zur Gitarre.<\/p>\n<p>&nbsp;<\/p>\nngg_shortcode_0_placeholder\n","protected":false},"excerpt":{"rendered":"<p>Die Tell-Kompanie hat alle Mitglieder der Bruderschaft zu einem Picknick in Wei\u00df auf dem Sch\u00fctzenplatz am Thunesweg eingeladen. Dieser Einladung sind knapp 80 Personen gefolgt. Unser Corps war mit eine Gruppe von 36 Personen vertreten. Vielen Dank an alle die sich darum gek\u00fcmmert haben. Danke f\u00fcr die Organisation, das aufstellen der Tische, ranschaffen der Getr\u00e4nke und auch f\u00fcr die tolle<\/p>\n","protected":false},"author":2,"featured_media":0,"comment_status":"closed","ping_status":"open","sticky":false,"template":"","format":"standard","meta":{"ngg_post_thumbnail":0,"_jetpack_memberships_contains_paid_content":false,"footnotes":""},"categories":[5],"tags":[],"class_list":["post-1135","post","type-post","status-publish","format-standard","hentry","category-events"],"jetpack_featured_media_url":"","jetpack_shortlink":"https:\/\/wp.me\/p8O44P-ij","jetpack-related-posts":[{"id":1732,"url":"https:\/\/www.st-georg-corps.de\/?p=1732","url_meta":{"origin":1135,"position":0},"title":"Silvester 2017","author":"Ren\u00e9 Kupperian","date":"2018-01-01","format":false,"excerpt":"Unser Kalla J\u00f6rgens hat es sich nicht nehmen lassen, uns eine Silvesterfeier\u00a0zu organisieren. Mit viel Talent brachte er fast 40 Personen, darunter auch viele G\u00e4ste, unter einen Hut. Alle sollten etwas zu Essen mitbringen. Das Ergebnis war ausgesprochen lecker und vielseitig. Mit viel guter Laune und vollen B\u00e4uchen feierte die\u2026","rel":"","context":"In &quot;Events&quot;","block_context":{"text":"Events","link":"https:\/\/www.st-georg-corps.de\/?cat=5"},"img":{"alt_text":"","src":"https:\/\/i0.wp.com\/www.st-georg-corps.de\/wp-content\/uploads\/2018\/01\/2018-Sylvester.jpg?resize=350%2C200","width":350,"height":200},"classes":[]},{"id":3276,"url":"https:\/\/www.st-georg-corps.de\/?p=3276","url_meta":{"origin":1135,"position":1},"title":"Jubil\u00e4umsfest am 18.11.2023","author":"Ren\u00e9 Kupperian","date":"2023-11-21","format":false,"excerpt":"Es dauerte eine Weile, eine Entscheidung dar\u00fcber zu treffen, wie und wo das Jubil\u00e4umsfest zum 60. Vereinsbestehen angemessen gefeiert werden sollte. Die vorgeschlagenen Optionen waren vielf\u00e4ltig, aber die meisten waren aus Gr\u00fcnden wie Entfernung, Terminplanung oder schlichtweg Logistik nicht umsetzbar. Wir suchten nach einer Veranstaltungsst\u00e4tte, die die festlichen Rahmenbedingungen erf\u00fcllen\u2026","rel":"","context":"In &quot;Corps&quot;","block_context":{"text":"Corps","link":"https:\/\/www.st-georg-corps.de\/?cat=6"},"img":{"alt_text":"","src":"https:\/\/i0.wp.com\/www.st-georg-corps.de\/wp-content\/uploads\/2023\/11\/Jubilaeumspin-250x250.png?resize=350%2C200","width":350,"height":200},"classes":[]},{"id":3478,"url":"https:\/\/www.st-georg-corps.de\/?p=3478","url_meta":{"origin":1135,"position":2},"title":"Des K\u00f6nigs Sch\u00fctzenfest 2024","author":"Ren\u00e9 Kupperian","date":"2024-08-24","format":false,"excerpt":"In diesem Jahr m\u00f6chte ich dem Bericht zum Sch\u00fctzenfest gerne eine pers\u00f6nliche Note geben. Als amtierender K\u00f6nig des St. Georg Corps habe ich diese Tage aus einer v\u00f6llig anderen Perspektive erleben d\u00fcrfen. Angefangen am M\u00f6schesonntag, als ich zum ersten Mal in vorderster Reihe gleich hinter dem Hauptmann und der Standarte\u2026","rel":"","context":"In &quot;Corps&quot;","block_context":{"text":"Corps","link":"https:\/\/www.st-georg-corps.de\/?cat=6"},"img":{"alt_text":"","src":"https:\/\/i0.wp.com\/www.st-georg-corps.de\/wp-content\/uploads\/2024\/08\/Logo-SGC-424_2000px-250x250.png?resize=350%2C200","width":350,"height":200},"classes":[]},{"id":2877,"url":"https:\/\/www.st-georg-corps.de\/?p=2877","url_meta":{"origin":1135,"position":3},"title":"Maifest 2022","author":"Ren\u00e9 Kupperian","date":"2022-05-02","format":false,"excerpt":"Am 01. Mai fand nach 3 Jahren, lang ersehnt, wieder das Familienfest des St. Georg Corps statt. P\u00fcnktlich um 11:00 Uhr startete eine Truppe von \u00fcber 40 Personen zu einer kleinen Fahrrad- Rundfahrt. Ausr\u00fcstungstechnisch war an diesem Tag wirklich alles dabei. Vom fast schrottreifen Herrenrad (liebevoll Hula-bike genannt, weil es\u2026","rel":"","context":"In &quot;Corps&quot;","block_context":{"text":"Corps","link":"https:\/\/www.st-georg-corps.de\/?cat=6"},"img":{"alt_text":"","src":"https:\/\/i0.wp.com\/www.st-georg-corps.de\/wp-content\/uploads\/2022\/05\/IMG_20220501_123221-600x450.jpg?resize=350%2C200","width":350,"height":200},"classes":[]},{"id":2958,"url":"https:\/\/www.st-georg-corps.de\/?p=2958","url_meta":{"origin":1135,"position":4},"title":"Sch\u00fctzenfestmontag 22.08.2022","author":"Ren\u00e9 Kupperian","date":"2022-08-27","format":false,"excerpt":"Am Sch\u00fctzenfest-Montag l\u00e4dt das St. Georg Corps traditionell seine Mitglieder und G\u00e4ste zu einem Fr\u00fchst\u00fcck und Mittagessen in geselliger Runde in das Clubhaus an der Wedauer Stra\u00dfe ein. P\u00fcnktlich um 10:00 Uhr fanden sich die ersten G\u00e4ste ein. Jeder wurde pers\u00f6nlich durch den Vorsitzenden Jens J\u00f6rgens und den amtierenden Corps-K\u00f6nig\u2026","rel":"","context":"In &quot;Sch\u00fctzenfest&quot;","block_context":{"text":"Sch\u00fctzenfest","link":"https:\/\/www.st-georg-corps.de\/?cat=4"},"img":{"alt_text":"","src":"https:\/\/i0.wp.com\/www.st-georg-corps.de\/wp-content\/uploads\/2022\/08\/2022-08-22_Eingang-600x400.jpg?resize=350%2C200","width":350,"height":200},"classes":[]},{"id":2929,"url":"https:\/\/www.st-georg-corps.de\/?p=2929","url_meta":{"origin":1135,"position":5},"title":"Sch\u00fctzenfest 2022 \u00f6ffentliches Fotoalbum","author":"Ren\u00e9 Kupperian","date":"2022-08-19","format":false,"excerpt":"Heute ist es endlich soweit. Das Lintorfer Sch\u00fctzenfest startet mit dem Bayerischen Abend um 20:00 Uhr auf dem Sch\u00fctzenplatz. Auf diesen Tag haben wir uns alle drei Jahre lang gefreut. Als K\u00f6nigs- und Kronprinz-Kompanie der Lintorfer Bruderschaft war es in diesem Jahr eine Ehre f\u00fcr uns, f\u00fcr die Gestaltung des\u2026","rel":"","context":"In &quot;Sch\u00fctzenfest&quot;","block_context":{"text":"Sch\u00fctzenfest","link":"https:\/\/www.st-georg-corps.de\/?cat=4"},"img":{"alt_text":"","src":"","width":0,"height":0},"classes":[]}],"jetpack_likes_enabled":false,"jetpack_sharing_enabled":true,"_links":{"self":[{"href":"https:\/\/www.st-georg-corps.de\/index.php?rest_route=\/wp\/v2\/posts\/1135","targetHints":{"allow":["GET"]}}],"collection":[{"href":"https:\/\/www.st-georg-corps.de\/index.php?rest_route=\/wp\/v2\/posts"}],"about":[{"href":"https:\/\/www.st-georg-corps.de\/index.php?rest_route=\/wp\/v2\/types\/post"}],"author":[{"embeddable":true,"href":"https:\/\/www.st-georg-corps.de\/index.php?rest_route=\/wp\/v2\/users\/2"}],"replies":[{"embeddable":true,"href":"https:\/\/www.st-georg-corps.de\/index.php?rest_route=%2Fwp%2Fv2%2Fcomments&post=1135"}],"version-history":[{"count":7,"href":"https:\/\/www.st-georg-corps.de\/index.php?rest_route=\/wp\/v2\/posts\/1135\/revisions"}],"predecessor-version":[{"id":1180,"href":"https:\/\/www.st-georg-corps.de\/index.php?rest_route=\/wp\/v2\/posts\/1135\/revisions\/1180"}],"wp:attachment":[{"href":"https:\/\/www.st-georg-corps.de\/index.php?rest_route=%2Fwp%2Fv2%2Fmedia&parent=1135"}],"wp:term":[{"taxonomy":"category","embeddable":true,"href":"https:\/\/www.st-georg-corps.de\/index.php?rest_route=%2Fwp%2Fv2%2Fcategories&post=1135"},{"taxonomy":"post_tag","embeddable":true,"href":"https:\/\/www.st-georg-corps.de\/index.php?rest_route=%2Fwp%2Fv2%2Ftags&post=1135"}],"curies":[{"name":"wp","href":"https:\/\/api.w.org\/{rel}","templated":true}]}}