{"id":1077,"date":"2017-07-02T13:05:11","date_gmt":"2017-07-02T11:05:11","guid":{"rendered":"http:\/\/www.st-georg-corps.de\/?p=1077"},"modified":"2017-07-16T10:33:31","modified_gmt":"2017-07-16T08:33:31","slug":"neuer-corpskoenig-armin-pfeiff","status":"publish","type":"post","link":"https:\/\/www.st-georg-corps.de\/?p=1077","title":{"rendered":"Neuer Corpsk\u00f6nig Armin Pfeiff"},"content":{"rendered":"<p>Armin Pfeiff ist seit 1978 (mit Unterbrechung) im St. Georg Corps Lintorf 1963 e.V.&nbsp;<\/p>\n<p>Am 01 Juli 2017 errang er zum ersten Mal die K\u00f6nigsw\u00fcrde.<\/p>\n<p>Wir gratulieren ihm ganz herzlich zu seinem anstehenden K\u00f6nigsjahr.<\/p>\n<div id=\"attachment_1078\" style=\"width: 610px\" class=\"wp-caption aligncenter\"><img data-recalc-dims=\"1\" loading=\"lazy\" decoding=\"async\" aria-describedby=\"caption-attachment-1078\" data-attachment-id=\"1078\" data-permalink=\"https:\/\/www.st-georg-corps.de\/?attachment_id=1078\" data-orig-file=\"https:\/\/i0.wp.com\/www.st-georg-corps.de\/wp-content\/uploads\/2017\/07\/2017-07-01-Corpskoenig-Armin-Pfeiff-e1521139766878.png?fit=600%2C600&amp;ssl=1\" data-orig-size=\"600,600\" data-comments-opened=\"0\" data-image-meta=\"{&quot;aperture&quot;:&quot;0&quot;,&quot;credit&quot;:&quot;&quot;,&quot;camera&quot;:&quot;&quot;,&quot;caption&quot;:&quot;&quot;,&quot;created_timestamp&quot;:&quot;0&quot;,&quot;copyright&quot;:&quot;&quot;,&quot;focal_length&quot;:&quot;0&quot;,&quot;iso&quot;:&quot;0&quot;,&quot;shutter_speed&quot;:&quot;0&quot;,&quot;title&quot;:&quot;&quot;,&quot;orientation&quot;:&quot;0&quot;}\" data-image-title=\"Armin Pfeiff Corpsk\u00f6nig 2017\" data-image-description=\"\" data-image-caption=\"&lt;p&gt;Armin Pfeiff und Petra Pfeiff-Caspary K\u00f6nigspaar 2017&lt;\/p&gt;\n\" data-medium-file=\"https:\/\/i0.wp.com\/www.st-georg-corps.de\/wp-content\/uploads\/2017\/07\/2017-07-01-Corpskoenig-Armin-Pfeiff-e1521139766878.png?fit=600%2C600&amp;ssl=1\" data-large-file=\"https:\/\/i0.wp.com\/www.st-georg-corps.de\/wp-content\/uploads\/2017\/07\/2017-07-01-Corpskoenig-Armin-Pfeiff-e1521139766878.png?fit=600%2C600&amp;ssl=1\" class=\"wp-image-1078\" src=\"https:\/\/i0.wp.com\/www.st-georg-corps.de\/wp-content\/uploads\/2017\/07\/2017-07-01-Corpskoenig-Armin-Pfeiff.png?resize=600%2C600\" alt=\"\" width=\"600\" height=\"600\"><p id=\"caption-attachment-1078\" class=\"wp-caption-text\">Armin Pfeiff und Petra Caspary-Pfeiff unser K\u00f6nigspaar 2017<\/p><\/div>\n","protected":false},"excerpt":{"rendered":"<p>Armin Pfeiff ist seit 1978 (mit Unterbrechung) im St. Georg Corps Lintorf 1963 e.V.&nbsp; Am 01 Juli 2017 errang er zum ersten Mal die K\u00f6nigsw\u00fcrde. Wir gratulieren ihm ganz herzlich zu seinem anstehenden K\u00f6nigsjahr.<\/p>\n","protected":false},"author":2,"featured_media":0,"comment_status":"closed","ping_status":"open","sticky":false,"template":"","format":"standard","meta":{"ngg_post_thumbnail":0,"_jetpack_memberships_contains_paid_content":false,"footnotes":""},"categories":[6],"tags":[],"class_list":["post-1077","post","type-post","status-publish","format-standard","hentry","category-corps"],"jetpack_featured_media_url":"","jetpack_shortlink":"https:\/\/wp.me\/p8O44P-hn","jetpack-related-posts":[{"id":3347,"url":"https:\/\/www.st-georg-corps.de\/?p=3347","url_meta":{"origin":1077,"position":0},"title":"Ehrungen beim Titularfest am 21.01.2024","author":"Ren\u00e9 Kupperian","date":"2024-02-05","format":false,"excerpt":"Auch in diesem Jahr wurden beim Tituarfest einige Kameraden des St. Georg Corps mit besonderen Auszeichnungen geehrt. Den Anfang machte, etwas versp\u00e4tet - da man ihn im letzten Jahr vergessen hatte, Friedel Achterfeld, der f\u00fcr 40 Jahre Mitgliedschaft in der Bruderschaft ausgezeichnet wurde. Es folgte unser Ehrenvorsitzender und ehemaliger Chef\u2026","rel":"","context":"In &quot;Bruderschaft&quot;","block_context":{"text":"Bruderschaft","link":"https:\/\/www.st-georg-corps.de\/?cat=8"},"img":{"alt_text":"","src":"https:\/\/i0.wp.com\/www.st-georg-corps.de\/wp-content\/uploads\/2024\/02\/2024-01-21_Titularfest_001-600x600.jpg?resize=350%2C200","width":350,"height":200},"classes":[]},{"id":89,"url":"https:\/\/www.st-georg-corps.de\/?p=89","url_meta":{"origin":1077,"position":1},"title":"Hahnek\u00f6nig Armin Pfeiff","author":"Ren\u00e9 Kupperian","date":"1986-09-01","format":false,"excerpt":"","rel":"","context":"In &quot;Events&quot;","block_context":{"text":"Events","link":"https:\/\/www.st-georg-corps.de\/?cat=5"},"img":{"alt_text":"","src":"https:\/\/i0.wp.com\/relaunch.st-georg-corps.de\/wp-content\/uploads\/2017\/06\/1986-Hahnekoenig-Armin-Pfeiff-637x1024.jpg?resize=350%2C200","width":350,"height":200,"srcset":"https:\/\/i0.wp.com\/relaunch.st-georg-corps.de\/wp-content\/uploads\/2017\/06\/1986-Hahnekoenig-Armin-Pfeiff-637x1024.jpg?resize=350%2C200 1x, https:\/\/i0.wp.com\/relaunch.st-georg-corps.de\/wp-content\/uploads\/2017\/06\/1986-Hahnekoenig-Armin-Pfeiff-637x1024.jpg?resize=525%2C300 1.5x"},"classes":[]},{"id":1074,"url":"https:\/\/www.st-georg-corps.de\/?p=1074","url_meta":{"origin":1077,"position":2},"title":"K\u00f6nigsfest 2017","author":"Ren\u00e9 Kupperian","date":"2017-07-15","format":false,"excerpt":"K\u00f6nigsfest des St. Georg Corps Lintorf 1963 e.V. Das K\u00f6nigsfest des St. Georg Corps war auch in diesem Jahr ein voller Erfolg. Der Vorsitzende Jens J\u00f6rgens moderierte mit seinem Stellvertreter Frank Groten durch den Tag. Sowohl die Mitglieder des Corps als auch die geladenen G\u00e4ste, unter denen sich auch Sch\u00fctzenchef\u2026","rel":"","context":"In &quot;Corps&quot;","block_context":{"text":"Corps","link":"https:\/\/www.st-georg-corps.de\/?cat=6"},"img":{"alt_text":"","src":"https:\/\/i0.wp.com\/www.st-georg-corps.de\/wp-content\/uploads\/2017\/07\/Koenigsfest-2017-260-600x395.jpg?resize=350%2C200","width":350,"height":200,"srcset":"https:\/\/i0.wp.com\/www.st-georg-corps.de\/wp-content\/uploads\/2017\/07\/Koenigsfest-2017-260-600x395.jpg?resize=350%2C200 1x, https:\/\/i0.wp.com\/www.st-georg-corps.de\/wp-content\/uploads\/2017\/07\/Koenigsfest-2017-260-600x395.jpg?resize=525%2C300 1.5x"},"classes":[]},{"id":1906,"url":"https:\/\/www.st-georg-corps.de\/?p=1906","url_meta":{"origin":1077,"position":3},"title":"K\u00f6nigsfest 2018","author":"Ren\u00e9 Kupperian","date":"2018-07-02","format":false,"excerpt":"K\u00f6nigswetter zum K\u00f6nigsfest. Am Samstag den 30. Juni feierte das St. Georg Corps 1963 Lintorf e.V. mit seinen G\u00e4sten sein K\u00f6nigsfest bei strahlendem Sonnenschein.\u00a0 \" order_by=\"sortorder\" order_direction=\"ASC\" returns=\"included\" maximum_entity_count=\"500\"] Gut organisiert durften zu Beginn des Festes die Frauen der Mitglieder auf den Salatvogel schie\u00dfen. Nach einem recht kurzen Wettkampf stand\u2026","rel":"","context":"In &quot;Corps&quot;","block_context":{"text":"Corps","link":"https:\/\/www.st-georg-corps.de\/?cat=6"},"img":{"alt_text":"","src":"","width":0,"height":0},"classes":[]},{"id":1049,"url":"https:\/\/www.st-georg-corps.de\/?p=1049","url_meta":{"origin":1077,"position":4},"title":"Gro\u00dfreinemachen f\u00fcr das K\u00f6nigsfest","author":"Ren\u00e9 Kupperian","date":"2017-06-25","format":false,"excerpt":"Am 26. Juni 2017 trafen sich einige Frauen der Mitglieder zum Arbeitseinsatz im Clubhaus. Es wurde gewischt, geputzt, geschrubbt und einiges an Krempel aus den Schr\u00e4nken entsorgt. Frank Groten sorgte f\u00fcr die Getr\u00e4nke und Klaus Hobohm sorgte f\u00fcr das leibliche Wohl. Nach der Putzaktion lie\u00dfen die Frauen (und einige eintreffende\u2026","rel":"","context":"In &quot;Sonstiges&quot;","block_context":{"text":"Sonstiges","link":"https:\/\/www.st-georg-corps.de\/?cat=1"},"img":{"alt_text":"","src":"https:\/\/i0.wp.com\/relaunch.st-georg-corps.de\/wp-content\/uploads\/2017\/06\/2017-06-25-Putzfeen.jpg?resize=350%2C200","width":350,"height":200,"srcset":"https:\/\/i0.wp.com\/relaunch.st-georg-corps.de\/wp-content\/uploads\/2017\/06\/2017-06-25-Putzfeen.jpg?resize=350%2C200 1x, https:\/\/i0.wp.com\/relaunch.st-georg-corps.de\/wp-content\/uploads\/2017\/06\/2017-06-25-Putzfeen.jpg?resize=525%2C300 1.5x"},"classes":[]},{"id":3603,"url":"https:\/\/www.st-georg-corps.de\/?p=3603","url_meta":{"origin":1077,"position":5},"title":"Maifest und Radtour 2025","author":"Ren\u00e9 Kupperian","date":"2025-05-03","format":false,"excerpt":"Das Maifest 2025 \u2013 Ein rundum gelungenes Fest Bei herrlichem Fr\u00fchlingswetter versammelte sich die St. Georg Corps Familie auch in diesem Jahr am 1. Mai im Vereinsheim, um gemeinsam einen stimmungsvollen und geselligen Tag zu erleben. F\u00fcr den Auftakt f\u00fchrte Kalla J\u00f6rgens erneut eine abwechslungsreiche, rund zweist\u00fcndige Fahrradtour rund um\u2026","rel":"","context":"In &quot;Corps&quot;","block_context":{"text":"Corps","link":"https:\/\/www.st-georg-corps.de\/?cat=6"},"img":{"alt_text":"","src":"https:\/\/i0.wp.com\/www.st-georg-corps.de\/wp-content\/uploads\/2025\/04\/Maifest_2025_by_ChatGPT-400x600.jpg?resize=350%2C200","width":350,"height":200},"classes":[]}],"jetpack_likes_enabled":false,"jetpack_sharing_enabled":true,"_links":{"self":[{"href":"https:\/\/www.st-georg-corps.de\/index.php?rest_route=\/wp\/v2\/posts\/1077","targetHints":{"allow":["GET"]}}],"collection":[{"href":"https:\/\/www.st-georg-corps.de\/index.php?rest_route=\/wp\/v2\/posts"}],"about":[{"href":"https:\/\/www.st-georg-corps.de\/index.php?rest_route=\/wp\/v2\/types\/post"}],"author":[{"embeddable":true,"href":"https:\/\/www.st-georg-corps.de\/index.php?rest_route=\/wp\/v2\/users\/2"}],"replies":[{"embeddable":true,"href":"https:\/\/www.st-georg-corps.de\/index.php?rest_route=%2Fwp%2Fv2%2Fcomments&post=1077"}],"version-history":[{"count":4,"href":"https:\/\/www.st-georg-corps.de\/index.php?rest_route=\/wp\/v2\/posts\/1077\/revisions"}],"predecessor-version":[{"id":1134,"href":"https:\/\/www.st-georg-corps.de\/index.php?rest_route=\/wp\/v2\/posts\/1077\/revisions\/1134"}],"wp:attachment":[{"href":"https:\/\/www.st-georg-corps.de\/index.php?rest_route=%2Fwp%2Fv2%2Fmedia&parent=1077"}],"wp:term":[{"taxonomy":"category","embeddable":true,"href":"https:\/\/www.st-georg-corps.de\/index.php?rest_route=%2Fwp%2Fv2%2Fcategories&post=1077"},{"taxonomy":"post_tag","embeddable":true,"href":"https:\/\/www.st-georg-corps.de\/index.php?rest_route=%2Fwp%2Fv2%2Ftags&post=1077"}],"curies":[{"name":"wp","href":"https:\/\/api.w.org\/{rel}","templated":true}]}}