{"id":1074,"date":"2017-07-15T15:00:28","date_gmt":"2017-07-15T13:00:28","guid":{"rendered":"http:\/\/www.st-georg-corps.de\/?p=1074"},"modified":"2018-06-10T11:56:12","modified_gmt":"2018-06-10T09:56:12","slug":"koenigsfest-2017","status":"publish","type":"post","link":"https:\/\/www.st-georg-corps.de\/?p=1074","title":{"rendered":"K\u00f6nigsfest 2017"},"content":{"rendered":"<p>K\u00f6nigsfest des St. Georg Corps Lintorf 1963 e.V.<\/p>\n<p>Das K\u00f6nigsfest des St. Georg Corps war auch in diesem Jahr ein voller Erfolg. Der Vorsitzende Jens J\u00f6rgens moderierte mit seinem Stellvertreter Frank Groten durch den Tag. Sowohl die Mitglieder des Corps als auch die geladenen G\u00e4ste, unter denen sich auch Sch\u00fctzenchef Andres Preu\u00df und der amtierende K\u00f6nig der Lintorfer Bruderschaft Robert Schmale befanden, hatten einen abwechslungsreichen und interessanten Tag.&nbsp;<\/p>\n<p>Armin Pfeiff, der dem Corps bereits 1978 beigetreten ist, wurde zum ersten Mal K\u00f6nig des St. Georg Corps. Lucas Kellersmann, erst in diesem Jahr dem Corps beigetreten, konnte sich gegen seine Kameraden durchsetzen und wurde neuer Jungk\u00f6nig.<\/p>\n<p>Das 2009 eingef\u00fchrte G\u00e4steschie\u00dfen konnte in diesem Jahr zum zweiten Mal ein Frau f\u00fcr sich entscheiden. Yvonne Laufs wurde neue G\u00e4stek\u00f6nigin und l\u00f6ste damit Kerstin Sucker ab. Auch den Damen des Corps wurde die M\u00f6glichkeit gegeben ihre Schie\u00dfk\u00fcnste zu messen. Sabine Mahlberg wurde neue Salatk\u00f6nigin.<\/p>\n<p>Die neuen Majest\u00e4ten wurden bis tief in die Nacht hinein gefeiert.<\/p>\n<p><img data-recalc-dims=\"1\" loading=\"lazy\" decoding=\"async\" data-attachment-id=\"1126\" data-permalink=\"https:\/\/www.st-georg-corps.de\/?attachment_id=1126\" data-orig-file=\"https:\/\/i0.wp.com\/www.st-georg-corps.de\/wp-content\/uploads\/2017\/07\/Koenigsfest-2017-260.jpg?fit=2673%2C1760&amp;ssl=1\" data-orig-size=\"2673,1760\" data-comments-opened=\"0\" data-image-meta=\"{&quot;aperture&quot;:&quot;3.8&quot;,&quot;credit&quot;:&quot;&quot;,&quot;camera&quot;:&quot;NIKON D5200&quot;,&quot;caption&quot;:&quot;&quot;,&quot;created_timestamp&quot;:&quot;1498947577&quot;,&quot;copyright&quot;:&quot;&quot;,&quot;focal_length&quot;:&quot;21&quot;,&quot;iso&quot;:&quot;3200&quot;,&quot;shutter_speed&quot;:&quot;0.016666666666667&quot;,&quot;title&quot;:&quot;&quot;,&quot;orientation&quot;:&quot;0&quot;}\" data-image-title=\"Koenigsfest-2017-260\" data-image-description=\"\" data-image-caption=\"\" data-medium-file=\"https:\/\/i0.wp.com\/www.st-georg-corps.de\/wp-content\/uploads\/2017\/07\/Koenigsfest-2017-260.jpg?fit=600%2C395&amp;ssl=1\" data-large-file=\"https:\/\/i0.wp.com\/www.st-georg-corps.de\/wp-content\/uploads\/2017\/07\/Koenigsfest-2017-260.jpg?fit=860%2C566&amp;ssl=1\" class=\"aligncenter size-medium wp-image-1126\" src=\"https:\/\/i0.wp.com\/www.st-georg-corps.de\/wp-content\/uploads\/2017\/07\/Koenigsfest-2017-260.jpg?resize=600%2C395\" alt=\"\" width=\"600\" height=\"395\" srcset=\"https:\/\/i0.wp.com\/www.st-georg-corps.de\/wp-content\/uploads\/2017\/07\/Koenigsfest-2017-260.jpg?resize=600%2C395&amp;ssl=1 600w, https:\/\/i0.wp.com\/www.st-georg-corps.de\/wp-content\/uploads\/2017\/07\/Koenigsfest-2017-260.jpg?resize=768%2C506&amp;ssl=1 768w, https:\/\/i0.wp.com\/www.st-georg-corps.de\/wp-content\/uploads\/2017\/07\/Koenigsfest-2017-260.jpg?resize=1024%2C674&amp;ssl=1 1024w, https:\/\/i0.wp.com\/www.st-georg-corps.de\/wp-content\/uploads\/2017\/07\/Koenigsfest-2017-260.jpg?w=1720 1720w, https:\/\/i0.wp.com\/www.st-georg-corps.de\/wp-content\/uploads\/2017\/07\/Koenigsfest-2017-260.jpg?w=2580 2580w\" sizes=\"auto, (max-width: 600px) 100vw, 600px\" \/><\/p>\n<p>&nbsp;<\/p>\n<p><a href=\"https:\/\/photos.app.goo.gl\/nLBW9ZBkqoZJQgv03\" target=\"_blank\" rel=\"noopener\">Zu den Fotos vom K\u00f6nigsfest.<\/a><\/p>\n","protected":false},"excerpt":{"rendered":"<p>K\u00f6nigsfest des St. Georg Corps Lintorf 1963 e.V. Das K\u00f6nigsfest des St. Georg Corps war auch in diesem Jahr ein voller Erfolg. Der Vorsitzende Jens J\u00f6rgens moderierte mit seinem Stellvertreter Frank Groten durch den Tag. Sowohl die Mitglieder des Corps als auch die geladenen G\u00e4ste, unter denen sich auch Sch\u00fctzenchef Andres Preu\u00df und der amtierende K\u00f6nig der Lintorfer Bruderschaft Robert<\/p>\n","protected":false},"author":2,"featured_media":0,"comment_status":"closed","ping_status":"open","sticky":false,"template":"","format":"standard","meta":{"ngg_post_thumbnail":0,"_jetpack_memberships_contains_paid_content":false,"footnotes":""},"categories":[6,5],"tags":[],"class_list":["post-1074","post","type-post","status-publish","format-standard","hentry","category-corps","category-events"],"jetpack_featured_media_url":"","jetpack_shortlink":"https:\/\/wp.me\/p8O44P-hk","jetpack-related-posts":[{"id":3152,"url":"https:\/\/www.st-georg-corps.de\/?p=3152","url_meta":{"origin":1074,"position":0},"title":"K\u00f6nigsfest 2023","author":"Ren\u00e9 Kupperian","date":"2023-07-02","format":false,"excerpt":"Am 01.07.2023 fand das K\u00f6nigsfest des St. Georg Corps statt. Wir freuen uns, dass der Wettergott doch noch Erbarmen gezeigt hat und es nur einige kleinere Schauer an einem zumindest meist sonnigen Tag gab.\u00a0 Wie in jedem Jahr, hatten die Frauen des Corps gleich zu Beginn des K\u00f6nigsfest, kurz nach\u2026","rel":"","context":"In &quot;Corps&quot;","block_context":{"text":"Corps","link":"https:\/\/www.st-georg-corps.de\/?cat=6"},"img":{"alt_text":"","src":"https:\/\/i0.wp.com\/www.st-georg-corps.de\/wp-content\/uploads\/2023\/07\/2023-07-01_Damen-600x400.jpg?resize=350%2C200","width":350,"height":200},"classes":[]},{"id":2290,"url":"https:\/\/www.st-georg-corps.de\/?p=2290","url_meta":{"origin":1074,"position":1},"title":"K\u00f6nigsfest am 29.06.2019","author":"Ren\u00e9 Kupperian","date":"2019-06-30","format":false,"excerpt":"Ladies first, so startete um 15:00 Uhr das diesj\u00e4hrige K\u00f6nigsfest des St. Georg Corps. Als erster Punkt auf der Tagesordnung sollte die neue Salatk\u00f6nigin ermittelt werden. Wie die M\u00e4nner schie\u00dfen die Frauen dazu auf einen kompletten Vogel, den Salatvogel. Die Pf\u00e4nder holten sich in diesem Jahr die folgenden Damen:\u00a0Kopf: Heike\u2026","rel":"","context":"In &quot;Corps&quot;","block_context":{"text":"Corps","link":"https:\/\/www.st-georg-corps.de\/?cat=6"},"img":{"alt_text":"","src":"https:\/\/i0.wp.com\/www.st-georg-corps.de\/wp-content\/uploads\/2019\/06\/2019-06-29_Salatkoenigin_Kerstin-250x250.jpg?resize=350%2C200","width":350,"height":200},"classes":[]},{"id":1906,"url":"https:\/\/www.st-georg-corps.de\/?p=1906","url_meta":{"origin":1074,"position":2},"title":"K\u00f6nigsfest 2018","author":"Ren\u00e9 Kupperian","date":"2018-07-02","format":false,"excerpt":"K\u00f6nigswetter zum K\u00f6nigsfest. Am Samstag den 30. Juni feierte das St. Georg Corps 1963 Lintorf e.V. mit seinen G\u00e4sten sein K\u00f6nigsfest bei strahlendem Sonnenschein.\u00a0 \" order_by=\"sortorder\" order_direction=\"ASC\" returns=\"included\" maximum_entity_count=\"500\"] Gut organisiert durften zu Beginn des Festes die Frauen der Mitglieder auf den Salatvogel schie\u00dfen. Nach einem recht kurzen Wettkampf stand\u2026","rel":"","context":"In &quot;Corps&quot;","block_context":{"text":"Corps","link":"https:\/\/www.st-georg-corps.de\/?cat=6"},"img":{"alt_text":"","src":"","width":0,"height":0},"classes":[]},{"id":3440,"url":"https:\/\/www.st-georg-corps.de\/?p=3440","url_meta":{"origin":1074,"position":3},"title":"K\u00f6nigsfest am 29.06.2024","author":"Ren\u00e9 Kupperian","date":"2024-07-01","format":false,"excerpt":"Unser K\u00f6nigsfest am 28.06.2024 startete wie in den vergangenen Jahren mit der Ermittlung der neuen Salatk\u00f6nigin. Bereits nach etwa 90 Minuten holte sich Denise Schacht mit einem gekonnten Schuss, zus\u00e4tzlich zum linken Fl\u00fcgel, den Rumpf des Damenvogels und wurde damit zur neuen Salatk\u00f6ngin. Die Pf\u00e4nder gingen an Heike Leichtl (Kopf),\u2026","rel":"","context":"In &quot;Corps&quot;","block_context":{"text":"Corps","link":"https:\/\/www.st-georg-corps.de\/?cat=6"},"img":{"alt_text":"","src":"https:\/\/i0.wp.com\/www.st-georg-corps.de\/wp-content\/uploads\/2024\/07\/2024-06-29-001_Salatkoenigin_2000px-600x450.jpg?resize=350%2C200","width":350,"height":200},"classes":[]},{"id":2901,"url":"https:\/\/www.st-georg-corps.de\/?p=2901","url_meta":{"origin":1074,"position":4},"title":"K\u00f6nigsfest 2022","author":"Ren\u00e9 Kupperian","date":"2022-07-11","format":false,"excerpt":"Das K\u00f6nigsfest am 09.07.2022 startete mit dem Schie\u00dfen der Corpsfrauen. Nach gut zwei Stunden holte sich Lissy Pfeif nach einem langen harten Wettkampf den Rumpf des Damenvogels und wurde damit zur neuen Salatk\u00f6ngin. W\u00e4hrenddessen konnten sich die Mitglieder mit Kaffee und Kuchen f\u00fcr den weiteren Tag st\u00e4rken. Im Anschluss daran\u2026","rel":"","context":"In &quot;Corps&quot;","block_context":{"text":"Corps","link":"https:\/\/www.st-georg-corps.de\/?cat=6"},"img":{"alt_text":"","src":"https:\/\/i0.wp.com\/www.st-georg-corps.de\/wp-content\/uploads\/2022\/07\/2022_Salatkoenigin_Lissy-Pfeif-250x250.jpg?resize=350%2C200","width":350,"height":200},"classes":[]},{"id":2505,"url":"https:\/\/www.st-georg-corps.de\/?p=2505","url_meta":{"origin":1074,"position":5},"title":"St. Georg Corps im Gl\u00fcck (Sch\u00fctzenfest 2019)","author":"Ren\u00e9 Kupperian","date":"2019-09-08","format":false,"excerpt":"Traditionsgem\u00e4\u00df treffen sich die Mitglieder des St. Georg Corps am Sch\u00fctzenfestmontag um 10:00 Uhr auf der vereinseigenen Clubhausanlage am alten Lintorfer Bahnhof. Zu diesem Fr\u00fchst\u00fcck werden auch immer zahlreiche Ehreng\u00e4ste eingeladen. Jeder Gast wurde am Eingang pers\u00f6nlich begr\u00fc\u00dft und bekam einen St. Georg Corps Sticker geschenkt. Zu den G\u00e4sten z\u00e4hlten\u2026","rel":"","context":"In &quot;Corps&quot;","block_context":{"text":"Corps","link":"https:\/\/www.st-georg-corps.de\/?cat=6"},"img":{"alt_text":"","src":"https:\/\/i0.wp.com\/www.st-georg-corps.de\/wp-content\/uploads\/2019\/09\/2019-08-19_SGC-Im-Glueck-1024x682.jpg?resize=350%2C200","width":350,"height":200,"srcset":"https:\/\/i0.wp.com\/www.st-georg-corps.de\/wp-content\/uploads\/2019\/09\/2019-08-19_SGC-Im-Glueck-1024x682.jpg?resize=350%2C200 1x, https:\/\/i0.wp.com\/www.st-georg-corps.de\/wp-content\/uploads\/2019\/09\/2019-08-19_SGC-Im-Glueck-1024x682.jpg?resize=525%2C300 1.5x, https:\/\/i0.wp.com\/www.st-georg-corps.de\/wp-content\/uploads\/2019\/09\/2019-08-19_SGC-Im-Glueck-1024x682.jpg?resize=700%2C400 2x"},"classes":[]}],"jetpack_likes_enabled":false,"jetpack_sharing_enabled":true,"_links":{"self":[{"href":"https:\/\/www.st-georg-corps.de\/index.php?rest_route=\/wp\/v2\/posts\/1074","targetHints":{"allow":["GET"]}}],"collection":[{"href":"https:\/\/www.st-georg-corps.de\/index.php?rest_route=\/wp\/v2\/posts"}],"about":[{"href":"https:\/\/www.st-georg-corps.de\/index.php?rest_route=\/wp\/v2\/types\/post"}],"author":[{"embeddable":true,"href":"https:\/\/www.st-georg-corps.de\/index.php?rest_route=\/wp\/v2\/users\/2"}],"replies":[{"embeddable":true,"href":"https:\/\/www.st-georg-corps.de\/index.php?rest_route=%2Fwp%2Fv2%2Fcomments&post=1074"}],"version-history":[{"count":8,"href":"https:\/\/www.st-georg-corps.de\/index.php?rest_route=\/wp\/v2\/posts\/1074\/revisions"}],"predecessor-version":[{"id":1127,"href":"https:\/\/www.st-georg-corps.de\/index.php?rest_route=\/wp\/v2\/posts\/1074\/revisions\/1127"}],"wp:attachment":[{"href":"https:\/\/www.st-georg-corps.de\/index.php?rest_route=%2Fwp%2Fv2%2Fmedia&parent=1074"}],"wp:term":[{"taxonomy":"category","embeddable":true,"href":"https:\/\/www.st-georg-corps.de\/index.php?rest_route=%2Fwp%2Fv2%2Fcategories&post=1074"},{"taxonomy":"post_tag","embeddable":true,"href":"https:\/\/www.st-georg-corps.de\/index.php?rest_route=%2Fwp%2Fv2%2Ftags&post=1074"}],"curies":[{"name":"wp","href":"https:\/\/api.w.org\/{rel}","templated":true}]}}